{"id":264151,"date":"2021-01-01T19:23:28","date_gmt":"2021-01-01T16:23:28","guid":{"rendered":"http:\/\/arantv.az\/?p=264151"},"modified":"2021-01-01T19:23:28","modified_gmt":"2021-01-01T16:23:28","slug":"23-yasli-g%c9%99nc-kubik-rubikl%c9%99r-vasit%c9%99sil%c9%99-ulu-ond%c9%99rin-portretini-hazirladi-video","status":"publish","type":"post","link":"https:\/\/arantv.az\/?p=264151","title":{"rendered":"23 ya\u015fl\u0131 g\u0259nc kubik-rubikl\u0259r vasit\u0259sil\u0259 Ulu \u00d6nd\u0259rin portretini haz\u0131rlad\u0131 &#8211; V\u0130DEO"},"content":{"rendered":"<p>Az\u0259rbaycanl\u0131 g\u0259nc kubik-rubikl\u0259r vasit\u0259sil\u0259 Ulu \u00d6nd\u0259r Heyd\u0259r \u018fliyevin portretini haz\u0131rlay\u0131b.<\/p>\n<p><b>ARANTV.AZ\u00a0<\/b>x\u0259b\u0259r verir ki, 23 ya\u015fl\u0131 g\u0259nc \u00dcmumilli lider Heyd\u0259r \u018fliyevin portretini haz\u0131rlanmas\u0131nda 884 \u0259d\u0259d kubik-rubikd\u0259n istifad\u0259 edib.<\/p>\n<div id=\"AdviadNativeVideo0\" class=\"AdviadNativeVideo\"><\/div>\n<p>\u00dcmumilikd\u0259 portretin \u0259rs\u0259y\u0259 g\u0259lm\u0259sin\u0259 15-20 saat zaman s\u0259rf olunub.<\/p>\n<p>H\u0259min videog\u00f6r\u00fcnt\u00fcn\u00fc t\u0259qdim edirik:<\/p>\n<div><iframe loading=\"lazy\" src=\"https:\/\/player.baku.tv\/embed\/31248\" width=\"560\" height=\"315\" frameborder=\"0\" allowfullscreen=\"allowfullscreen\" data-mce-fragment=\"1\"><\/iframe><\/div>\n<p>&nbsp;<\/p>\n","protected":false},"excerpt":{"rendered":"<p>Az\u0259rbaycanl\u0131 g\u0259nc kubik-rubikl\u0259r vasit\u0259sil\u0259 Ulu \u00d6nd\u0259r Heyd\u0259r \u018fliyevin portretini haz\u0131rlay\u0131b. ARANTV.AZ\u00a0x\u0259b\u0259r verir ki, 23 ya\u015fl\u0131 g\u0259nc \u00dcmumilli lider Heyd\u0259r \u018fliyevin portretini haz\u0131rlanmas\u0131nda 884 \u0259d\u0259d kubik-rubikd\u0259n istifad\u0259 edib. \u00dcmumilikd\u0259 portretin \u0259rs\u0259y\u0259 g\u0259lm\u0259sin\u0259 15-20 saat zaman s\u0259rf olunub. H\u0259min videog\u00f6r\u00fcnt\u00fcn\u00fc t\u0259qdim edirik: &nbsp;<\/p>\n","protected":false},"author":2,"featured_media":264152,"comment_status":"closed","ping_status":"closed","sticky":false,"template":"","format":"standard","meta":{"om_disable_all_campaigns":false,"_monsterinsights_skip_tracking":false,"_monsterinsights_sitenote_active":false,"_monsterinsights_sitenote_note":"","_monsterinsights_sitenote_category":0},"categories":[26],"tags":[],"aioseo_notices":[],"gutentor_comment":0,"rttpg_featured_image_url":{"full":["https:\/\/arantv.az\/wp-content\/uploads\/2021\/01\/135459226_1003884546769808_5809041371853208328_n.jpg",620,465,false],"landscape":["https:\/\/arantv.az\/wp-content\/uploads\/2021\/01\/135459226_1003884546769808_5809041371853208328_n.jpg",620,465,false],"portraits":["https:\/\/arantv.az\/wp-content\/uploads\/2021\/01\/135459226_1003884546769808_5809041371853208328_n.jpg",620,465,false],"thumbnail":["https:\/\/arantv.az\/wp-content\/uploads\/2021\/01\/135459226_1003884546769808_5809041371853208328_n-150x150.jpg",150,150,true],"medium":["https:\/\/arantv.az\/wp-content\/uploads\/2021\/01\/135459226_1003884546769808_5809041371853208328_n-300x225.jpg",300,225,true],"large":["https:\/\/arantv.az\/wp-content\/uploads\/2021\/01\/135459226_1003884546769808_5809041371853208328_n.jpg",620,465,false],"1536x1536":["https:\/\/arantv.az\/wp-content\/uploads\/2021\/01\/135459226_1003884546769808_5809041371853208328_n.jpg",620,465,false],"2048x2048":["https:\/\/arantv.az\/wp-content\/uploads\/2021\/01\/135459226_1003884546769808_5809041371853208328_n.jpg",620,465,false],"post-thumbnail":["https:\/\/arantv.az\/wp-content\/uploads\/2021\/01\/135459226_1003884546769808_5809041371853208328_n-240x172.jpg",240,172,true],"advps-thumb-one":["https:\/\/arantv.az\/wp-content\/uploads\/2021\/01\/135459226_1003884546769808_5809041371853208328_n.jpg",620,465,false]},"rttpg_author":{"display_name":"V\u00fcsal Rafiqo\u011flu","author_link":"https:\/\/arantv.az\/?author=2"},"rttpg_comment":0,"rttpg_category":"<a href=\"https:\/\/arantv.az\/?cat=26\" rel=\"category\">Sosial<\/a>","rttpg_excerpt":"Az\u0259rbaycanl\u0131 g\u0259nc kubik-rubikl\u0259r vasit\u0259sil\u0259 Ulu \u00d6nd\u0259r Heyd\u0259r \u018fliyevin portretini haz\u0131rlay\u0131b. ARANTV.AZ\u00a0x\u0259b\u0259r verir ki, 23 ya\u015fl\u0131 g\u0259nc \u00dcmumilli lider Heyd\u0259r \u018fliyevin portretini haz\u0131rlanmas\u0131nda 884 \u0259d\u0259d kubik-rubikd\u0259n istifad\u0259 edib. \u00dcmumilikd\u0259 portretin \u0259rs\u0259y\u0259 g\u0259lm\u0259sin\u0259 15-20 saat zaman s\u0259rf olunub. H\u0259min videog\u00f6r\u00fcnt\u00fcn\u00fc t\u0259qdim edirik: &nbsp;","_links":{"self":[{"href":"https:\/\/arantv.az\/index.php?rest_route=\/wp\/v2\/posts\/264151"}],"collection":[{"href":"https:\/\/arantv.az\/index.php?rest_route=\/wp\/v2\/posts"}],"about":[{"href":"https:\/\/arantv.az\/index.php?rest_route=\/wp\/v2\/types\/post"}],"author":[{"embeddable":true,"href":"https:\/\/arantv.az\/index.php?rest_route=\/wp\/v2\/users\/2"}],"replies":[{"embeddable":true,"href":"https:\/\/arantv.az\/index.php?rest_route=%2Fwp%2Fv2%2Fcomments&post=264151"}],"version-history":[{"count":0,"href":"https:\/\/arantv.az\/index.php?rest_route=\/wp\/v2\/posts\/264151\/revisions"}],"wp:featuredmedia":[{"embeddable":true,"href":"https:\/\/arantv.az\/index.php?rest_route=\/wp\/v2\/media\/264152"}],"wp:attachment":[{"href":"https:\/\/arantv.az\/index.php?rest_route=%2Fwp%2Fv2%2Fmedia&parent=264151"}],"wp:term":[{"taxonomy":"category","embeddable":true,"href":"https:\/\/arantv.az\/index.php?rest_route=%2Fwp%2Fv2%2Fcategories&post=264151"},{"taxonomy":"post_tag","embeddable":true,"href":"https:\/\/arantv.az\/index.php?rest_route=%2Fwp%2Fv2%2Ftags&post=264151"}],"curies":[{"name":"wp","href":"https:\/\/api.w.org\/{rel}","templated":true}]}}