{"id":264296,"date":"2021-01-02T08:38:46","date_gmt":"2021-01-02T05:38:46","guid":{"rendered":"http:\/\/arantv.az\/?p=264296"},"modified":"2021-01-02T08:38:46","modified_gmt":"2021-01-02T05:38:46","slug":"izmird%c9%99-z%c9%99lz%c9%99l%c9%99-olub","status":"publish","type":"post","link":"https:\/\/arantv.az\/?p=264296","title":{"rendered":"\u0130zmird\u0259 z\u0259lz\u0259l\u0259 olub"},"content":{"rendered":"<p><strong>T\u00fcrkiy\u0259nin \u0130zmir vilay\u0259tind\u0259 z\u0259lz\u0259l\u0259 ba\u015f verib.<\/strong><\/p>\n<p><strong>ARANTV.AZ<\/strong> APA-ya istinad\u0259n bildirir ki, vilay\u0259tin Urla rayonunda qeyd\u0259 al\u0131nan z\u0259lz\u0259l\u0259 4 bal g\u00fcc\u00fcnd\u0259 olub.<\/p>\n<p>T\u0259bii F\u0259lak\u0259t v\u0259 F\u00f6vq\u0259lad\u0259 Hallar\u0131n \u0130dar\u0259 Edilm\u0259si \u0130dar\u0259sinin (AFAD) Twitter hesab\u0131nda payla\u015f\u0131lan m\u0259lumatda bildirilib ki, bu g\u00fcn yerli vaxtla saat 05.25-d\u0259 Egey d\u0259nizinin Urla sahilind\u0259 ba\u015f ver\u0259n z\u0259lz\u0259l\u0259 6.84 km d\u0259rinlikd\u0259 qeyd\u0259 al\u0131n\u0131b: &#8220;Ke\u00e7mi\u015f olsun \u0130zmir. \u0130ndiy\u0259d\u0259k da\u011f\u0131nt\u0131 v\u0259 insan t\u0259l\u0259fat\u0131 bar\u0259d\u0259 m\u0259lumat daxil olmay\u0131b&#8221;.<\/p>\n<p>Qeyd ed\u0259k ki, \u00f6t\u0259n il oktyabr\u0131n 30-da \u0130zmird\u0259 ba\u015f ver\u0259n 6.6 bal g\u00fcc\u00fcnd\u0259 z\u0259lz\u0259l\u0259 n\u0259tic\u0259sind\u0259 100-d\u0259n \u00e7ox insan \u00f6l\u00fcb.<\/p>\n","protected":false},"excerpt":{"rendered":"<p>T\u00fcrkiy\u0259nin \u0130zmir vilay\u0259tind\u0259 z\u0259lz\u0259l\u0259 ba\u015f verib. ARANTV.AZ APA-ya istinad\u0259n bildirir ki, vilay\u0259tin Urla rayonunda qeyd\u0259 al\u0131nan z\u0259lz\u0259l\u0259 4 bal g\u00fcc\u00fcnd\u0259 olub. T\u0259bii F\u0259lak\u0259t v\u0259 F\u00f6vq\u0259lad\u0259 Hallar\u0131n \u0130dar\u0259 Edilm\u0259si \u0130dar\u0259sinin (AFAD) Twitter hesab\u0131nda payla\u015f\u0131lan m\u0259lumatda bildirilib ki, bu g\u00fcn yerli vaxtla saat 05.25-d\u0259 Egey d\u0259nizinin Urla sahilind\u0259 ba\u015f ver\u0259n z\u0259lz\u0259l\u0259 6.84 km d\u0259rinlikd\u0259 qeyd\u0259 al\u0131n\u0131b: &#8220;Ke\u00e7mi\u015f olsun \u0130zmir. \u0130ndiy\u0259d\u0259k da\u011f\u0131nt\u0131 v\u0259 insan t\u0259l\u0259fat\u0131 bar\u0259d\u0259 m\u0259lumat daxil olmay\u0131b&#8221;. Qeyd ed\u0259k ki, \u00f6t\u0259n il oktyabr\u0131n 30-da \u0130zmird\u0259 ba\u015f ver\u0259n 6.6 bal g\u00fcc\u00fcnd\u0259 z\u0259lz\u0259l\u0259 n\u0259tic\u0259sind\u0259 100-d\u0259n \u00e7ox insan \u00f6l\u00fcb.<\/p>\n","protected":false},"author":2,"featured_media":264297,"comment_status":"closed","ping_status":"closed","sticky":false,"template":"","format":"standard","meta":{"om_disable_all_campaigns":false,"_monsterinsights_skip_tracking":false,"_monsterinsights_sitenote_active":false,"_monsterinsights_sitenote_note":"","_monsterinsights_sitenote_category":0},"categories":[7],"tags":[],"aioseo_notices":[],"gutentor_comment":0,"rttpg_featured_image_url":{"full":["https:\/\/arantv.az\/wp-content\/uploads\/2021\/01\/910055.jpg",750,421,false],"landscape":["https:\/\/arantv.az\/wp-content\/uploads\/2021\/01\/910055.jpg",750,421,false],"portraits":["https:\/\/arantv.az\/wp-content\/uploads\/2021\/01\/910055.jpg",750,421,false],"thumbnail":["https:\/\/arantv.az\/wp-content\/uploads\/2021\/01\/910055-150x150.jpg",150,150,true],"medium":["https:\/\/arantv.az\/wp-content\/uploads\/2021\/01\/910055-300x168.jpg",300,168,true],"large":["https:\/\/arantv.az\/wp-content\/uploads\/2021\/01\/910055.jpg",640,359,false],"1536x1536":["https:\/\/arantv.az\/wp-content\/uploads\/2021\/01\/910055.jpg",750,421,false],"2048x2048":["https:\/\/arantv.az\/wp-content\/uploads\/2021\/01\/910055.jpg",750,421,false],"post-thumbnail":["https:\/\/arantv.az\/wp-content\/uploads\/2021\/01\/910055-240x172.jpg",240,172,true],"advps-thumb-one":["https:\/\/arantv.az\/wp-content\/uploads\/2021\/01\/910055.jpg",750,421,false]},"rttpg_author":{"display_name":"V\u00fcsal Rafiqo\u011flu","author_link":"https:\/\/arantv.az\/?author=2"},"rttpg_comment":0,"rttpg_category":"<a href=\"https:\/\/arantv.az\/?cat=7\" rel=\"category\">D\u00fcnya<\/a>","rttpg_excerpt":"T\u00fcrkiy\u0259nin \u0130zmir vilay\u0259tind\u0259 z\u0259lz\u0259l\u0259 ba\u015f verib. ARANTV.AZ APA-ya istinad\u0259n bildirir ki, vilay\u0259tin Urla rayonunda qeyd\u0259 al\u0131nan z\u0259lz\u0259l\u0259 4 bal g\u00fcc\u00fcnd\u0259 olub. T\u0259bii F\u0259lak\u0259t v\u0259 F\u00f6vq\u0259lad\u0259 Hallar\u0131n \u0130dar\u0259 Edilm\u0259si \u0130dar\u0259sinin (AFAD) Twitter hesab\u0131nda payla\u015f\u0131lan m\u0259lumatda bildirilib ki, bu g\u00fcn yerli vaxtla saat 05.25-d\u0259 Egey d\u0259nizinin Urla sahilind\u0259 ba\u015f ver\u0259n z\u0259lz\u0259l\u0259 6.84 km d\u0259rinlikd\u0259 qeyd\u0259 al\u0131n\u0131b: &#8220;Ke\u00e7mi\u015f&hellip;","_links":{"self":[{"href":"https:\/\/arantv.az\/index.php?rest_route=\/wp\/v2\/posts\/264296"}],"collection":[{"href":"https:\/\/arantv.az\/index.php?rest_route=\/wp\/v2\/posts"}],"about":[{"href":"https:\/\/arantv.az\/index.php?rest_route=\/wp\/v2\/types\/post"}],"author":[{"embeddable":true,"href":"https:\/\/arantv.az\/index.php?rest_route=\/wp\/v2\/users\/2"}],"replies":[{"embeddable":true,"href":"https:\/\/arantv.az\/index.php?rest_route=%2Fwp%2Fv2%2Fcomments&post=264296"}],"version-history":[{"count":0,"href":"https:\/\/arantv.az\/index.php?rest_route=\/wp\/v2\/posts\/264296\/revisions"}],"wp:featuredmedia":[{"embeddable":true,"href":"https:\/\/arantv.az\/index.php?rest_route=\/wp\/v2\/media\/264297"}],"wp:attachment":[{"href":"https:\/\/arantv.az\/index.php?rest_route=%2Fwp%2Fv2%2Fmedia&parent=264296"}],"wp:term":[{"taxonomy":"category","embeddable":true,"href":"https:\/\/arantv.az\/index.php?rest_route=%2Fwp%2Fv2%2Fcategories&post=264296"},{"taxonomy":"post_tag","embeddable":true,"href":"https:\/\/arantv.az\/index.php?rest_route=%2Fwp%2Fv2%2Ftags&post=264296"}],"curies":[{"name":"wp","href":"https:\/\/api.w.org\/{rel}","templated":true}]}}