{"id":264320,"date":"2021-01-02T09:13:59","date_gmt":"2021-01-02T06:13:59","guid":{"rendered":"http:\/\/arantv.az\/?p=264320"},"modified":"2021-01-02T09:13:59","modified_gmt":"2021-01-02T06:13:59","slug":"20-d%c9%99n-cox-qanunsuz-miqrant-xilas-edildi","status":"publish","type":"post","link":"https:\/\/arantv.az\/?p=264320","title":{"rendered":"20-d\u0259n \u00e7ox qanunsuz miqrant xilas edildi"},"content":{"rendered":"<p><strong>Tunis Sahil M\u00fchafiz\u0259si Sfaks \u015f\u0259h\u0259rind\u0259n bir ne\u00e7\u0259 kilometr m\u0259saf\u0259d\u0259 a\u00e7\u0131q d\u0259nizd\u0259 batan qay\u0131qda olan 22 qanunsuz miqrant\u0131 xilas edib.<\/strong><\/p>\n<p><strong>ARANTV.AZ<\/strong>\u00a0\u00a0<a href=\"https:\/\/az.trend.az\/\" target=\"_blank\" rel=\"noopener\">Trend<\/a>-\u0259 istinad\u0259n bildirir ki,\u00a0bu bar\u0259d\u0259 Business News informasiya portal\u0131 bildirib.<\/p>\n<p>M\u0259lumata \u0259sas\u0259n, f\u0259rqli Afrika \u00f6lk\u0259l\u0259rind\u0259n olan miqrantlar Aral\u0131q d\u0259nizini ke\u00e7ib \u0130taliya \u0259razisin\u0259 qanunsuz olaraq girm\u0259k \u00fc\u00e7\u00fcn Sfaks sahill\u0259rind\u0259n yola \u00e7\u0131xd\u0131lar. Lakin sahild\u0259n bir ne\u00e7\u0259 kilometr m\u0259saf\u0259d\u0259 qay\u0131\u011fa su s\u0131zma\u011fa v\u0259 batma\u011fa ba\u015flay\u0131b.<\/p>\n<p>Saxlan\u0131lq\u0131dan sonra miqrantlar Sfaks \u015f\u0259h\u0259rin\u0259 \u00e7atd\u0131r\u0131l\u0131b v\u0259 \u0259lav\u0259 ara\u015fd\u0131rmalar \u00fc\u00e7\u00fcn Tunis Milli Qvardiyas\u0131na t\u0259hvil verilibl\u0259r.<\/p>\n","protected":false},"excerpt":{"rendered":"<p>Tunis Sahil M\u00fchafiz\u0259si Sfaks \u015f\u0259h\u0259rind\u0259n bir ne\u00e7\u0259 kilometr m\u0259saf\u0259d\u0259 a\u00e7\u0131q d\u0259nizd\u0259 batan qay\u0131qda olan 22 qanunsuz miqrant\u0131 xilas edib. ARANTV.AZ\u00a0\u00a0Trend-\u0259 istinad\u0259n bildirir ki,\u00a0bu bar\u0259d\u0259 Business News informasiya portal\u0131 bildirib. M\u0259lumata \u0259sas\u0259n, f\u0259rqli Afrika \u00f6lk\u0259l\u0259rind\u0259n olan miqrantlar Aral\u0131q d\u0259nizini ke\u00e7ib \u0130taliya \u0259razisin\u0259 qanunsuz olaraq girm\u0259k \u00fc\u00e7\u00fcn Sfaks sahill\u0259rind\u0259n yola \u00e7\u0131xd\u0131lar. Lakin sahild\u0259n bir ne\u00e7\u0259 kilometr m\u0259saf\u0259d\u0259 qay\u0131\u011fa su s\u0131zma\u011fa v\u0259 batma\u011fa ba\u015flay\u0131b. Saxlan\u0131lq\u0131dan sonra miqrantlar Sfaks \u015f\u0259h\u0259rin\u0259 \u00e7atd\u0131r\u0131l\u0131b v\u0259 \u0259lav\u0259 ara\u015fd\u0131rmalar \u00fc\u00e7\u00fcn Tunis Milli Qvardiyas\u0131na t\u0259hvil verilibl\u0259r.<\/p>\n","protected":false},"author":2,"featured_media":264321,"comment_status":"closed","ping_status":"closed","sticky":false,"template":"","format":"standard","meta":{"om_disable_all_campaigns":false,"_monsterinsights_skip_tracking":false,"_monsterinsights_sitenote_active":false,"_monsterinsights_sitenote_note":"","_monsterinsights_sitenote_category":0},"categories":[7],"tags":[],"aioseo_notices":[],"gutentor_comment":0,"rttpg_featured_image_url":{"full":["https:\/\/arantv.az\/wp-content\/uploads\/2021\/01\/migrants_051020.jpg",600,337,false],"landscape":["https:\/\/arantv.az\/wp-content\/uploads\/2021\/01\/migrants_051020.jpg",600,337,false],"portraits":["https:\/\/arantv.az\/wp-content\/uploads\/2021\/01\/migrants_051020.jpg",600,337,false],"thumbnail":["https:\/\/arantv.az\/wp-content\/uploads\/2021\/01\/migrants_051020-150x150.jpg",150,150,true],"medium":["https:\/\/arantv.az\/wp-content\/uploads\/2021\/01\/migrants_051020-300x169.jpg",300,169,true],"large":["https:\/\/arantv.az\/wp-content\/uploads\/2021\/01\/migrants_051020.jpg",600,337,false],"1536x1536":["https:\/\/arantv.az\/wp-content\/uploads\/2021\/01\/migrants_051020.jpg",600,337,false],"2048x2048":["https:\/\/arantv.az\/wp-content\/uploads\/2021\/01\/migrants_051020.jpg",600,337,false],"post-thumbnail":["https:\/\/arantv.az\/wp-content\/uploads\/2021\/01\/migrants_051020-240x172.jpg",240,172,true],"advps-thumb-one":["https:\/\/arantv.az\/wp-content\/uploads\/2021\/01\/migrants_051020.jpg",600,337,false]},"rttpg_author":{"display_name":"V\u00fcsal Rafiqo\u011flu","author_link":"https:\/\/arantv.az\/?author=2"},"rttpg_comment":0,"rttpg_category":"<a href=\"https:\/\/arantv.az\/?cat=7\" rel=\"category\">D\u00fcnya<\/a>","rttpg_excerpt":"Tunis Sahil M\u00fchafiz\u0259si Sfaks \u015f\u0259h\u0259rind\u0259n bir ne\u00e7\u0259 kilometr m\u0259saf\u0259d\u0259 a\u00e7\u0131q d\u0259nizd\u0259 batan qay\u0131qda olan 22 qanunsuz miqrant\u0131 xilas edib. ARANTV.AZ\u00a0\u00a0Trend-\u0259 istinad\u0259n bildirir ki,\u00a0bu bar\u0259d\u0259 Business News informasiya portal\u0131 bildirib. M\u0259lumata \u0259sas\u0259n, f\u0259rqli Afrika \u00f6lk\u0259l\u0259rind\u0259n olan miqrantlar Aral\u0131q d\u0259nizini ke\u00e7ib \u0130taliya \u0259razisin\u0259 qanunsuz olaraq girm\u0259k \u00fc\u00e7\u00fcn Sfaks sahill\u0259rind\u0259n yola \u00e7\u0131xd\u0131lar. Lakin sahild\u0259n bir ne\u00e7\u0259 kilometr m\u0259saf\u0259d\u0259&hellip;","_links":{"self":[{"href":"https:\/\/arantv.az\/index.php?rest_route=\/wp\/v2\/posts\/264320"}],"collection":[{"href":"https:\/\/arantv.az\/index.php?rest_route=\/wp\/v2\/posts"}],"about":[{"href":"https:\/\/arantv.az\/index.php?rest_route=\/wp\/v2\/types\/post"}],"author":[{"embeddable":true,"href":"https:\/\/arantv.az\/index.php?rest_route=\/wp\/v2\/users\/2"}],"replies":[{"embeddable":true,"href":"https:\/\/arantv.az\/index.php?rest_route=%2Fwp%2Fv2%2Fcomments&post=264320"}],"version-history":[{"count":0,"href":"https:\/\/arantv.az\/index.php?rest_route=\/wp\/v2\/posts\/264320\/revisions"}],"wp:featuredmedia":[{"embeddable":true,"href":"https:\/\/arantv.az\/index.php?rest_route=\/wp\/v2\/media\/264321"}],"wp:attachment":[{"href":"https:\/\/arantv.az\/index.php?rest_route=%2Fwp%2Fv2%2Fmedia&parent=264320"}],"wp:term":[{"taxonomy":"category","embeddable":true,"href":"https:\/\/arantv.az\/index.php?rest_route=%2Fwp%2Fv2%2Fcategories&post=264320"},{"taxonomy":"post_tag","embeddable":true,"href":"https:\/\/arantv.az\/index.php?rest_route=%2Fwp%2Fv2%2Ftags&post=264320"}],"curies":[{"name":"wp","href":"https:\/\/api.w.org\/{rel}","templated":true}]}}