{"id":264332,"date":"2021-01-02T09:28:39","date_gmt":"2021-01-02T06:28:39","guid":{"rendered":"http:\/\/arantv.az\/?p=264332"},"modified":"2021-01-02T09:28:39","modified_gmt":"2021-01-02T06:28:39","slug":"bes-medalla-t%c9%99ltif-edil%c9%99n-22-yasli-s%c9%99hidimiz-anama-deyin-narahat-olmasin-foto","status":"publish","type":"post","link":"https:\/\/arantv.az\/?p=264332","title":{"rendered":"Be\u015f medalla t\u0259ltif edil\u0259n 22 ya\u015fl\u0131 \u015f\u0259hidimiz: \u201cAnama deyin, narahat olmas\u0131n\u201d &#8211; FOTO"},"content":{"rendered":"<p>44 g\u00fcn davam ed\u0259n V\u0259t\u0259n M\u00fcharib\u0259si n\u0259tic\u0259sind\u0259 Az\u0259rbaycan \u00f6z do\u011fma torpaqlar\u0131na qovu\u015fdu.<\/p>\n<p>Bununla da 30 illik h\u0259sr\u0259t sona \u00e7atd\u0131. Torpaqlar\u0131m\u0131z\u0131n i\u015f\u011faldan azad edilm\u0259sind\u0259 Az\u0259rbaycan\u0131n v\u0259t\u0259np\u0259rv\u0259r o\u011fullar\u0131 canlar\u0131ndan ke\u00e7ibl\u0259r.<\/p>\n<p>V\u0259t\u0259n M\u00fcharib\u0259sind\u0259 Silahl\u0131 Q\u00fcvv\u0259l\u0259rimizin 2823 h\u0259rbi qulluq\u00e7usu h\u0259lak olub.<\/p>\n<div id=\"AdviadNativeVideo0\" class=\"AdviadNativeVideo\"><\/div>\n<p>V\u0259t\u0259n M\u00fcharib\u0259sind\u0259 \u015f\u0259hid olmu\u015f q\u0259hr\u0259manlar\u0131m\u0131zdan biri d\u0259 N\u0259c\u0259fov Etibar Mehman o\u011fludur.<\/p>\n<p><img src=\"https:\/\/cdn.oxu.az\/uploads\/W1siZiIsIjIwMjEvMDEvMDIvMDkvNDEvMDEvNDg2YzlmMDAtZDk0NS00OTkyLWFiNDQtMmVjZWNkM2YyZmRiL1doYXRzQXBwIEltYWdlIDIwMjEtMDEtMDIgYXQgMDkuMTcuNDcgKDEpLmpwZWciXSxbInAiLCJlbmNvZGUiLCJqcGciLCItcXVhbGl0eSA4MCJdLFsicCIsInRodW1iIiwiNTkweDU5MFx1MDAzZSJdXQ?sha=b9dbd8c5fedbbc4d\" alt=\"\" \/><\/p>\n<p>Q\u0259hr\u0259man\u0131m\u0131z 14 noyabr 1998-ci il tarixind\u0259 A\u011fcab\u0259di rayonunun Aran k\u0259ndind\u0259 anadan olub. 2005-ci ild\u0259 La\u00e7\u0131n rayon Aran k\u0259nd \u00fcmumi orta m\u0259kt\u0259binin birinci sinfin\u0259 daxil olub v\u0259 2014-c\u00fc ild\u0259 doqquz\u00a0illik m\u0259kt\u0259bi bitirdikd\u0259n sonra t\u0259hsilini A\u011fcab\u0259di rayon Aran k\u0259nd 1 sayl\u0131 tam orta m\u0259kt\u0259bind\u0259 davam etdirib.<\/p>\n<p>Etibar N\u0259c\u0259fov 2016-c\u0131 ild\u0259 orta m\u0259kt\u0259bi ba\u015fa vurub. O, u\u015faq ya\u015flar\u0131ndan idmana b\u00f6y\u00fck maraq g\u00f6st\u0259r\u0259r\u0259k, karate v\u0259 kikboks idman n\u00f6vl\u0259ri il\u0259 m\u0259\u015f\u011ful olub,\u00a0ke\u00e7iril\u0259n yar\u0131\u015flarda birincilik qazan\u0131b.<\/p>\n<p>2017-ci il yanvar ay\u0131n\u0131n 5-d\u0259 m\u00fcdd\u0259tli h\u0259rbi xidm\u0259t\u0259 yola d\u00fc\u015f\u00fcb. Xidm\u0259tini\u00a0\u00f6nc\u0259 G\u0259nc\u0259 \u015f\u0259h\u0259rind\u0259, daha sonra is\u0259 G\u0259d\u0259b\u0259y rayonunda yerl\u0259\u015f\u0259n N sayl\u0131 h\u0259rbi hiss\u0259d\u0259 davam etdirib.<\/p>\n<p><img src=\"https:\/\/cdn.oxu.az\/uploads\/W1siZiIsIjIwMjEvMDEvMDIvMDkvNDEvMDEvZDYzM2YzZGItOWU5Ny00MzU3LTg1NzQtNTE1ZjhlOTZkOWU5L1doYXRzQXBwIEltYWdlIDIwMjEtMDEtMDIgYXQgMDkuMTcuNDcuanBlZyJdLFsicCIsImVuY29kZSIsImpwZyIsIi1xdWFsaXR5IDgwIl0sWyJwIiwidGh1bWIiLCI1OTB4NTkwXHUwMDNlIl1d?sha=238440f3b30b57bf\" alt=\"\" \/><\/p>\n<p>X\u00fcsusi T\u0259yinatl\u0131 K\u0259\u015ffiyyat B\u00f6lm\u0259l\u0259rind\u0259 t\u0259liml\u0259r ke\u00e7ib, \u00f6n x\u0259td\u0259 g\u00f6st\u0259rdiyi xidm\u0259tl\u0259rin\u0259 g\u00f6r\u0259 f\u0259xri f\u0259rmanla t\u0259ltif edilib.\u00a02018-ci il 2 iyul tarixind\u0259 ordu s\u0131ralar\u0131ndan t\u0259rxis olunub.<\/p>\n<p>Etibar N\u0259c\u0259fov h\u0259rbi xidm\u0259t zaman\u0131, eyni zamanda, m\u00fclki h\u0259yatda \u00f6z nizam-intizam\u0131 il\u0259 se\u00e7il\u0259r\u0259k, \u0259traf\u0131ndak\u0131 insanlar\u0131n b\u00f6y\u00fck h\u00f6rm\u0259t v\u0259 r\u0259\u011fb\u0259tini qazan\u0131b. Etibar\u0131 tan\u0131yanlar onun nec\u0259 c\u0259sar\u0259tli, m\u0259rd v\u0259 qorxmaz oldu\u011funu yax\u015f\u0131 bilirdil\u0259r.<\/p>\n<p><img src=\"https:\/\/cdn.oxu.az\/uploads\/W1siZiIsIjIwMjEvMDEvMDIvMDkvNDEvMDEvMjNhYzY2MjMtMDRiMi00Yzg1LTk2YWYtNmFlZWUzZTllZDUwL1doYXRzQXBwIEltYWdlIDIwMjEtMDEtMDIgYXQgMDkuMTcuNDYgKDEpLmpwZWciXSxbInAiLCJlbmNvZGUiLCJqcGciLCItcXVhbGl0eSA4MCJdLFsicCIsInRodW1iIiwiNTkweDU5MFx1MDAzZSJdXQ?sha=fcd25bc3ef09525e\" alt=\"\" \/><\/p>\n<p>Etibar N\u0259c\u0259fov 27 sentyabr 2020-ci ild\u0259 Erm\u0259nistan\u0131n Az\u0259rbaycana qar\u015f\u0131 t\u0259xribat\u0131 n\u0259tic\u0259sind\u0259 ordumuzun \u0259ks-h\u00fccum\u00a0\u0259m\u0259liyyatlar\u0131ndan sonra buna bigan\u0259 qalmayaraq, \u00f6lk\u0259mizin m\u00fcdafi\u0259si namin\u0259 k\u00f6n\u00fcll\u00fc olaraq, S\u0259f\u0259rb\u0259rlik v\u0259 H\u0259rbi Xidm\u0259t\u0259 \u00c7a\u011f\u0131r\u0131\u015f \u00fczr\u0259 D\u00f6vl\u0259t Xidm\u0259tinin La\u00e7\u0131n rayon b\u00f6lm\u0259sin\u0259 bir ne\u00e7\u0259 d\u0259f\u0259 m\u00fcraci\u0259t ets\u0259 d\u0259, \u00e7a\u011fr\u0131lmay\u0131b.<\/p>\n<p>D\u00f6vl\u0259t Xidm\u0259tind\u0259n geri qay\u0131td\u0131qdan bir ne\u00e7\u0259 saat sonra ona z\u0259ng edilib v\u0259 orduya \u00e7a\u011f\u0131r\u0131l\u0131b.<br \/>\nM\u0259hz el\u0259 2020-ci il oktyabr\u0131n 1-d\u0259n Etibar d\u00f6y\u00fc\u015f b\u00f6lg\u0259sin\u0259 &#8211; V\u0259t\u0259nin m\u00fcdafi\u0259sin\u0259 yollan\u0131r.<\/p>\n<p><img src=\"https:\/\/cdn.oxu.az\/uploads\/W1siZiIsIjIwMjEvMDEvMDIvMDkvNDEvMDEvN2VkZGIxYmEtMGY4ZS00MmMwLTg0NjgtZDU5MjNhMThiYjljL1doYXRzQXBwIEltYWdlIDIwMjEtMDEtMDIgYXQgMDkuMTcuNDYuanBlZyJdLFsicCIsImVuY29kZSIsImpwZyIsIi1xdWFsaXR5IDgwIl0sWyJwIiwidGh1bWIiLCI1OTB4NTkwXHUwMDNlIl1d?sha=0e7264ac3010dfba\" alt=\"\" \/><\/p>\n<p>H\u0259qiqi h\u0259rbi xidm\u0259tini o b\u00f6lg\u0259l\u0259rd\u0259 ke\u00e7mi\u015f, x\u00fcsusi t\u0259liml\u0259r alm\u0131\u015f Etibar d\u00f6y\u00fc\u015fl\u0259rin q\u0131z\u011f\u0131n getdiyi bir vaxtda m\u00fcharib\u0259y\u0259 qo\u015fulur. Onun d\u00f6y\u00fc\u015f yolda\u015flar\u0131 Etibar\u0131n q\u0259hr\u0259mancas\u0131na vuru\u015fmas\u0131ndan, c\u0259sar\u0259tind\u0259n, qorxmaz v\u0259 d\u00f6nm\u0259zliyind\u0259n \u00fcr\u0259k dolusu dan\u0131\u015f\u0131rd\u0131lar.<\/p>\n<p>M\u0259hz\u00a0c\u0259sar\u0259ti v\u0259 d\u0259mir irad\u0259si onu Qubadl\u0131ya q\u0259d\u0259r apar\u0131b. Etibar\u0131n d\u00f6y\u00fc\u015f yolu C\u0259bray\u0131l, F\u00fczuli, Z\u0259ngilan, v\u0259 Qubadl\u0131 u\u011frunda olub, o, b\u00f6y\u00fck q\u0259hr\u0259manl\u0131q v\u0259 igidlik g\u00f6st\u0259rib.<\/p>\n<p>Etibar sonuncu d\u0259f\u0259 atas\u0131 Mehman N\u0259c\u0259fovla telefonla dan\u0131\u015f\u0131b. Atas\u0131 ondan v\u0259ziyy\u0259ti v\u0259 harada olmas\u0131n\u0131 soru\u015fduqda o,\u00a0atas\u0131na Qubadl\u0131 istiqam\u0259tind\u0259 oldu\u011funu deyir.<\/p>\n<p><img src=\"https:\/\/cdn.oxu.az\/uploads\/W1siZiIsIjIwMjEvMDEvMDIvMDkvNDEvMDEvNDI4MDhkMWEtZmJiOS00YmFhLTg2ZGMtMTlmNjEzNzk2MWZhL1doYXRzQXBwIEltYWdlIDIwMjEtMDEtMDIgYXQgMDkuMTcuNDUgKDEpLmpwZWciXSxbInAiLCJlbmNvZGUiLCJqcGciLCItcXVhbGl0eSA4MCJdLFsicCIsInRodW1iIiwiNTkweDU5MFx1MDAzZSJdXQ?sha=b32c174881a004e3\" alt=\"\" \/><\/p>\n<p>Atas\u0131 bundan sonra haraya ged\u0259c\u0259kl\u0259rini soru\u015fduqda,\u00a0Etibar \u201cAllah qoysa qay\u0131danda dey\u0259r\u0259m, he\u00e7 bir narahatl\u0131q yoxdur, torpaqlar\u0131m\u0131z\u0131 da tezlikl\u0259 d\u00fc\u015fm\u0259n tapda\u011f\u0131ndan azad ed\u0259c\u0259yik\u201d deyir. Son c\u00fcml\u0259si is\u0259 \u201cAnama deyin, narahat olmas\u0131n\u201d olur.<\/p>\n<p><img src=\"https:\/\/cdn.oxu.az\/uploads\/W1siZiIsIjIwMjEvMDEvMDIvMDkvNDEvMDIvM2ZkOTdmNjgtOGI3My00NGNjLTliZmUtOWU5NTY4NTE2MzE2L1doYXRzQXBwIEltYWdlIDIwMjEtMDEtMDIgYXQgMDkuMTcuNDUuanBlZyJdLFsicCIsImVuY29kZSIsImpwZyIsIi1xdWFsaXR5IDgwIl0sWyJwIiwidGh1bWIiLCI1OTB4NTkwXHUwMDNlIl1d?sha=ad0b0d6f494ec95c\" alt=\"\" \/><\/p>\n<p>Etibar Qubadl\u0131 u\u011frunda ged\u0259n doy\u00fc\u015fl\u0259rd\u0259 q\u0259hr\u0259mancas\u0131na vuru\u015faraq \u015f\u0259hidlik zirv\u0259sin\u0259 ucal\u0131b.<\/p>\n<p>Etibar N\u0259c\u0259fov Ali Ba\u015f Komandan, Prezident \u0130lham \u018fliyevin S\u0259r\u0259ncam\u0131 il\u0259 \u201cV\u0259t\u0259n u\u011frunda\u201d medal\u0131, h\u0259m\u00e7inin, \u201cF\u00fczulinin azad olunmas\u0131na g\u00f6r\u0259\u201d,\u00a0\u201cXocav\u0259ndin azad olunmas\u0131na g\u00f6r\u0259\u201d, \u201cC\u0259bray\u0131l\u0131n azad olunmas\u0131na g\u00f6r\u0259\u201d,\u00a0\u201cQubadl\u0131n\u0131n azad olunmas\u0131na g\u00f6r\u0259\u201d medallar\u0131 il\u0259 t\u0259ltif edilib.<\/p>\n<p><img src=\"https:\/\/cdn.oxu.az\/uploads\/W1siZiIsIjIwMjEvMDEvMDIvMDkvNDEvMDIvYzYwOTBiOTktNGNkOC00OGM2LTg3MzktZmEyNWZiMDllMzkwL1doYXRzQXBwIEltYWdlIDIwMjEtMDEtMDIgYXQgMDkuMjAuMzkuanBlZyJdLFsicCIsImVuY29kZSIsImpwZyIsIi1xdWFsaXR5IDgwIl0sWyJwIiwidGh1bWIiLCI1OTB4NTkwXHUwMDNlIl1d?sha=e9f0990f3927a379\" alt=\"\" \/><\/p>\n<p>Q\u0259hr\u0259man\u0131m\u0131z noyabr\u0131n 26-da d\u0259fn olunub.<\/p>\n<p><img src=\"https:\/\/cdn.oxu.az\/uploads\/W1siZiIsIjIwMjEvMDEvMDIvMDkvNDEvMDIvN2Q5ZDM0YzgtMTBkZC00YTJkLTg1MjktYjQ0NmY2YzI5N2U5L1doYXRzQXBwIEltYWdlIDIwMjEtMDEtMDIgYXQgMDkuMTcuNDQuanBlZyJdLFsicCIsImVuY29kZSIsImpwZyIsIi1xdWFsaXR5IDgwIl0sWyJwIiwidGh1bWIiLCI1OTB4NTkwXHUwMDNlIl1d?sha=043a0feba7a32b7d\" alt=\"\" \/><\/p>\n<p><img src=\"https:\/\/cdn.oxu.az\/uploads\/W1siZiIsIjIwMjEvMDEvMDIvMDkvNDEvMDIvMDEyZjdiZTYtYmZlMS00YmMxLTkzNWUtNTU5ODU4ZWY2MjI4L1doYXRzQXBwIEltYWdlIDIwMjEtMDEtMDIgYXQgMDkuMTcuNDMgKDEpLmpwZWciXSxbInAiLCJlbmNvZGUiLCJqcGciLCItcXVhbGl0eSA4MCJdLFsicCIsInRodW1iIiwiNTkweDU5MFx1MDAzZSJdXQ?sha=db0e4103e7c9482e\" alt=\"\" \/><img src=\"https:\/\/cdn.oxu.az\/uploads\/W1siZiIsIjIwMjEvMDEvMDIvMDkvNDEvMDIvZjcxOTkxZWQtZTJjYi00NDI0LTk3NDMtNWJmZWY3YjQ1MDQxL1doYXRzQXBwIEltYWdlIDIwMjEtMDEtMDIgYXQgMDkuMTcuNDMuanBlZyJdLFsicCIsImVuY29kZSIsImpwZyIsIi1xdWFsaXR5IDgwIl0sWyJwIiwidGh1bWIiLCI1OTB4NTkwXHUwMDNlIl1d?sha=52351162ceb5879c\" alt=\"\" \/><\/p>\n","protected":false},"excerpt":{"rendered":"<p>44 g\u00fcn davam ed\u0259n V\u0259t\u0259n M\u00fcharib\u0259si n\u0259tic\u0259sind\u0259 Az\u0259rbaycan \u00f6z do\u011fma torpaqlar\u0131na qovu\u015fdu. Bununla da 30 illik h\u0259sr\u0259t sona \u00e7atd\u0131. Torpaqlar\u0131m\u0131z\u0131n i\u015f\u011faldan azad edilm\u0259sind\u0259 Az\u0259rbaycan\u0131n v\u0259t\u0259np\u0259rv\u0259r o\u011fullar\u0131 canlar\u0131ndan ke\u00e7ibl\u0259r. V\u0259t\u0259n M\u00fcharib\u0259sind\u0259 Silahl\u0131 Q\u00fcvv\u0259l\u0259rimizin 2823 h\u0259rbi qulluq\u00e7usu h\u0259lak olub. V\u0259t\u0259n M\u00fcharib\u0259sind\u0259 \u015f\u0259hid olmu\u015f q\u0259hr\u0259manlar\u0131m\u0131zdan biri d\u0259 N\u0259c\u0259fov Etibar Mehman o\u011fludur. Q\u0259hr\u0259man\u0131m\u0131z 14 noyabr 1998-ci il tarixind\u0259 A\u011fcab\u0259di rayonunun Aran k\u0259ndind\u0259 anadan olub. 2005-ci ild\u0259 La\u00e7\u0131n rayon Aran k\u0259nd \u00fcmumi orta m\u0259kt\u0259binin birinci sinfin\u0259 daxil olub v\u0259 2014-c\u00fc ild\u0259 doqquz\u00a0illik m\u0259kt\u0259bi bitirdikd\u0259n sonra t\u0259hsilini A\u011fcab\u0259di rayon Aran k\u0259nd 1 sayl\u0131 tam orta m\u0259kt\u0259bind\u0259&hellip;<\/p>\n","protected":false},"author":2,"featured_media":264333,"comment_status":"closed","ping_status":"closed","sticky":false,"template":"","format":"standard","meta":{"om_disable_all_campaigns":false,"_monsterinsights_skip_tracking":false,"_monsterinsights_sitenote_active":false,"_monsterinsights_sitenote_note":"","_monsterinsights_sitenote_category":0},"categories":[26],"tags":[],"aioseo_notices":[],"gutentor_comment":0,"rttpg_featured_image_url":{"full":["https:\/\/arantv.az\/wp-content\/uploads\/2021\/01\/FotoJet-1.jpg",620,395,false],"landscape":["https:\/\/arantv.az\/wp-content\/uploads\/2021\/01\/FotoJet-1.jpg",620,395,false],"portraits":["https:\/\/arantv.az\/wp-content\/uploads\/2021\/01\/FotoJet-1.jpg",620,395,false],"thumbnail":["https:\/\/arantv.az\/wp-content\/uploads\/2021\/01\/FotoJet-1-150x150.jpg",150,150,true],"medium":["https:\/\/arantv.az\/wp-content\/uploads\/2021\/01\/FotoJet-1-300x191.jpg",300,191,true],"large":["https:\/\/arantv.az\/wp-content\/uploads\/2021\/01\/FotoJet-1.jpg",620,395,false],"1536x1536":["https:\/\/arantv.az\/wp-content\/uploads\/2021\/01\/FotoJet-1.jpg",620,395,false],"2048x2048":["https:\/\/arantv.az\/wp-content\/uploads\/2021\/01\/FotoJet-1.jpg",620,395,false],"post-thumbnail":["https:\/\/arantv.az\/wp-content\/uploads\/2021\/01\/FotoJet-1-240x172.jpg",240,172,true],"advps-thumb-one":["https:\/\/arantv.az\/wp-content\/uploads\/2021\/01\/FotoJet-1.jpg",620,395,false]},"rttpg_author":{"display_name":"V\u00fcsal Rafiqo\u011flu","author_link":"https:\/\/arantv.az\/?author=2"},"rttpg_comment":0,"rttpg_category":"<a href=\"https:\/\/arantv.az\/?cat=26\" rel=\"category\">Sosial<\/a>","rttpg_excerpt":"44 g\u00fcn davam ed\u0259n V\u0259t\u0259n M\u00fcharib\u0259si n\u0259tic\u0259sind\u0259 Az\u0259rbaycan \u00f6z do\u011fma torpaqlar\u0131na qovu\u015fdu. Bununla da 30 illik h\u0259sr\u0259t sona \u00e7atd\u0131. Torpaqlar\u0131m\u0131z\u0131n i\u015f\u011faldan azad edilm\u0259sind\u0259 Az\u0259rbaycan\u0131n v\u0259t\u0259np\u0259rv\u0259r o\u011fullar\u0131 canlar\u0131ndan ke\u00e7ibl\u0259r. V\u0259t\u0259n M\u00fcharib\u0259sind\u0259 Silahl\u0131 Q\u00fcvv\u0259l\u0259rimizin 2823 h\u0259rbi qulluq\u00e7usu h\u0259lak olub. V\u0259t\u0259n M\u00fcharib\u0259sind\u0259 \u015f\u0259hid olmu\u015f q\u0259hr\u0259manlar\u0131m\u0131zdan biri d\u0259 N\u0259c\u0259fov Etibar Mehman o\u011fludur. Q\u0259hr\u0259man\u0131m\u0131z 14 noyabr 1998-ci il tarixind\u0259 A\u011fcab\u0259di&hellip;","_links":{"self":[{"href":"https:\/\/arantv.az\/index.php?rest_route=\/wp\/v2\/posts\/264332"}],"collection":[{"href":"https:\/\/arantv.az\/index.php?rest_route=\/wp\/v2\/posts"}],"about":[{"href":"https:\/\/arantv.az\/index.php?rest_route=\/wp\/v2\/types\/post"}],"author":[{"embeddable":true,"href":"https:\/\/arantv.az\/index.php?rest_route=\/wp\/v2\/users\/2"}],"replies":[{"embeddable":true,"href":"https:\/\/arantv.az\/index.php?rest_route=%2Fwp%2Fv2%2Fcomments&post=264332"}],"version-history":[{"count":0,"href":"https:\/\/arantv.az\/index.php?rest_route=\/wp\/v2\/posts\/264332\/revisions"}],"wp:featuredmedia":[{"embeddable":true,"href":"https:\/\/arantv.az\/index.php?rest_route=\/wp\/v2\/media\/264333"}],"wp:attachment":[{"href":"https:\/\/arantv.az\/index.php?rest_route=%2Fwp%2Fv2%2Fmedia&parent=264332"}],"wp:term":[{"taxonomy":"category","embeddable":true,"href":"https:\/\/arantv.az\/index.php?rest_route=%2Fwp%2Fv2%2Fcategories&post=264332"},{"taxonomy":"post_tag","embeddable":true,"href":"https:\/\/arantv.az\/index.php?rest_route=%2Fwp%2Fv2%2Ftags&post=264332"}],"curies":[{"name":"wp","href":"https:\/\/api.w.org\/{rel}","templated":true}]}}