{"id":264340,"date":"2021-01-02T09:45:26","date_gmt":"2021-01-02T06:45:26","guid":{"rendered":"http:\/\/arantv.az\/?p=264340"},"modified":"2021-01-02T09:45:26","modified_gmt":"2021-01-02T06:45:26","slug":"turkiy%c9%99d%c9%99-z%c9%99lz%c9%99l%c9%99l%c9%99r-davam-edir-foto","status":"publish","type":"post","link":"https:\/\/arantv.az\/?p=264340","title":{"rendered":"T\u00fcrkiy\u0259d\u0259 z\u0259lz\u0259l\u0259l\u0259r davam edir &#8211; FOTO"},"content":{"rendered":"<p>T\u00fcrkiy\u0259nin \u0130zmir\u00a0 \u015f\u0259h\u0259ri yax\u0131nl\u0131\u011f\u0131nda z\u0259lz\u0259l\u0259 ba\u015f verib.<\/p>\n<p>\u201cHaber Global\u201d\u0131n m\u0259lumat\u0131na g\u00f6r\u0259, bu bar\u0259d\u0259 T\u00fcrkiy\u0259nin F\u00f6vq\u0259lad\u0259 Hallar\u0131n \u0130dar\u0259 Olunmas\u0131 Agentliyind\u0259n (AFAD) bildirilib.<\/p>\n<div id=\"AdviadNativeVideo0\" class=\"AdviadNativeVideo\"><\/div>\n<p>Episentri Ege d\u0259nizi olan z\u0259lz\u0259l\u0259nin d\u00f6rd\u00a0bal g\u00fcc\u00fcnd\u0259 oldu\u011fu vur\u011fulanb.<\/p>\n<div>\n<div class=\"twitter-tweet twitter-tweet-rendered\"><iframe id=\"twitter-widget-0\" class=\"\" title=\"Twitter Tweet\" src=\"https:\/\/platform.twitter.com\/embed\/index.html?creatorScreenName=oxuaz&amp;dnt=false&amp;embedId=twitter-widget-0&amp;frame=false&amp;hideCard=false&amp;hideThread=false&amp;id=1345196980394463232&amp;lang=en&amp;origin=https%3A%2F%2Foxu.az%2Fworld%2F454288&amp;siteScreenName=oxuaz&amp;theme=light&amp;widgetsVersion=ed20a2b%3A1601588405575&amp;width=550px\" frameborder=\"0\" scrolling=\"no\" allowfullscreen=\"allowfullscreen\" data-tweet-id=\"1345196980394463232\" data-mce-fragment=\"1\"><\/iframe><\/div>\n<\/div>\n<p>Yeralt\u0131 t\u0259kanlar\u00a0\u0259sas\u0259n Urla rayonu \u0259razisind\u0259 hiss olunub.<\/p>\n<p>Xat\u0131rladaq ki, dekabr ay\u0131n\u0131n s<\/p>\n","protected":false},"excerpt":{"rendered":"<p>T\u00fcrkiy\u0259nin \u0130zmir\u00a0 \u015f\u0259h\u0259ri yax\u0131nl\u0131\u011f\u0131nda z\u0259lz\u0259l\u0259 ba\u015f verib. \u201cHaber Global\u201d\u0131n m\u0259lumat\u0131na g\u00f6r\u0259, bu bar\u0259d\u0259 T\u00fcrkiy\u0259nin F\u00f6vq\u0259lad\u0259 Hallar\u0131n \u0130dar\u0259 Olunmas\u0131 Agentliyind\u0259n (AFAD) bildirilib. Episentri Ege d\u0259nizi olan z\u0259lz\u0259l\u0259nin d\u00f6rd\u00a0bal g\u00fcc\u00fcnd\u0259 oldu\u011fu vur\u011fulanb. Yeralt\u0131 t\u0259kanlar\u00a0\u0259sas\u0259n Urla rayonu \u0259razisind\u0259 hiss olunub. Xat\u0131rladaq ki, dekabr ay\u0131n\u0131n s<\/p>\n","protected":false},"author":2,"featured_media":264341,"comment_status":"closed","ping_status":"closed","sticky":false,"template":"","format":"standard","meta":{"om_disable_all_campaigns":false,"_monsterinsights_skip_tracking":false,"_monsterinsights_sitenote_active":false,"_monsterinsights_sitenote_note":"","_monsterinsights_sitenote_category":0},"categories":[7],"tags":[],"aioseo_notices":[],"gutentor_comment":0,"rttpg_featured_image_url":{"full":["https:\/\/arantv.az\/wp-content\/uploads\/2021\/01\/5c4b8496c03c0e1c40855b49.jpg",620,349,false],"landscape":["https:\/\/arantv.az\/wp-content\/uploads\/2021\/01\/5c4b8496c03c0e1c40855b49.jpg",620,349,false],"portraits":["https:\/\/arantv.az\/wp-content\/uploads\/2021\/01\/5c4b8496c03c0e1c40855b49.jpg",620,349,false],"thumbnail":["https:\/\/arantv.az\/wp-content\/uploads\/2021\/01\/5c4b8496c03c0e1c40855b49-150x150.jpg",150,150,true],"medium":["https:\/\/arantv.az\/wp-content\/uploads\/2021\/01\/5c4b8496c03c0e1c40855b49-300x169.jpg",300,169,true],"large":["https:\/\/arantv.az\/wp-content\/uploads\/2021\/01\/5c4b8496c03c0e1c40855b49.jpg",620,349,false],"1536x1536":["https:\/\/arantv.az\/wp-content\/uploads\/2021\/01\/5c4b8496c03c0e1c40855b49.jpg",620,349,false],"2048x2048":["https:\/\/arantv.az\/wp-content\/uploads\/2021\/01\/5c4b8496c03c0e1c40855b49.jpg",620,349,false],"post-thumbnail":["https:\/\/arantv.az\/wp-content\/uploads\/2021\/01\/5c4b8496c03c0e1c40855b49-240x172.jpg",240,172,true],"advps-thumb-one":["https:\/\/arantv.az\/wp-content\/uploads\/2021\/01\/5c4b8496c03c0e1c40855b49.jpg",620,349,false]},"rttpg_author":{"display_name":"V\u00fcsal Rafiqo\u011flu","author_link":"https:\/\/arantv.az\/?author=2"},"rttpg_comment":0,"rttpg_category":"<a href=\"https:\/\/arantv.az\/?cat=7\" rel=\"category\">D\u00fcnya<\/a>","rttpg_excerpt":"T\u00fcrkiy\u0259nin \u0130zmir\u00a0 \u015f\u0259h\u0259ri yax\u0131nl\u0131\u011f\u0131nda z\u0259lz\u0259l\u0259 ba\u015f verib. \u201cHaber Global\u201d\u0131n m\u0259lumat\u0131na g\u00f6r\u0259, bu bar\u0259d\u0259 T\u00fcrkiy\u0259nin F\u00f6vq\u0259lad\u0259 Hallar\u0131n \u0130dar\u0259 Olunmas\u0131 Agentliyind\u0259n (AFAD) bildirilib. Episentri Ege d\u0259nizi olan z\u0259lz\u0259l\u0259nin d\u00f6rd\u00a0bal g\u00fcc\u00fcnd\u0259 oldu\u011fu vur\u011fulanb. Yeralt\u0131 t\u0259kanlar\u00a0\u0259sas\u0259n Urla rayonu \u0259razisind\u0259 hiss olunub. Xat\u0131rladaq ki, dekabr ay\u0131n\u0131n s","_links":{"self":[{"href":"https:\/\/arantv.az\/index.php?rest_route=\/wp\/v2\/posts\/264340"}],"collection":[{"href":"https:\/\/arantv.az\/index.php?rest_route=\/wp\/v2\/posts"}],"about":[{"href":"https:\/\/arantv.az\/index.php?rest_route=\/wp\/v2\/types\/post"}],"author":[{"embeddable":true,"href":"https:\/\/arantv.az\/index.php?rest_route=\/wp\/v2\/users\/2"}],"replies":[{"embeddable":true,"href":"https:\/\/arantv.az\/index.php?rest_route=%2Fwp%2Fv2%2Fcomments&post=264340"}],"version-history":[{"count":0,"href":"https:\/\/arantv.az\/index.php?rest_route=\/wp\/v2\/posts\/264340\/revisions"}],"wp:featuredmedia":[{"embeddable":true,"href":"https:\/\/arantv.az\/index.php?rest_route=\/wp\/v2\/media\/264341"}],"wp:attachment":[{"href":"https:\/\/arantv.az\/index.php?rest_route=%2Fwp%2Fv2%2Fmedia&parent=264340"}],"wp:term":[{"taxonomy":"category","embeddable":true,"href":"https:\/\/arantv.az\/index.php?rest_route=%2Fwp%2Fv2%2Fcategories&post=264340"},{"taxonomy":"post_tag","embeddable":true,"href":"https:\/\/arantv.az\/index.php?rest_route=%2Fwp%2Fv2%2Ftags&post=264340"}],"curies":[{"name":"wp","href":"https:\/\/api.w.org\/{rel}","templated":true}]}}