{"id":264344,"date":"2021-01-02T09:49:54","date_gmt":"2021-01-02T06:49:54","guid":{"rendered":"http:\/\/arantv.az\/?p=264344"},"modified":"2021-01-02T09:49:54","modified_gmt":"2021-01-02T06:49:54","slug":"livanda-mulki-s%c9%99f%c9%99rb%c9%99rlik-rejimi-uzadildi","status":"publish","type":"post","link":"https:\/\/arantv.az\/?p=264344","title":{"rendered":"Livanda m\u00fclki s\u0259f\u0259rb\u0259rlik rejimi uzad\u0131ld\u0131"},"content":{"rendered":"<p><strong>Livan prezidenti Mi\u015fel Aun koronavirusla \u0259l\u0259qadar \u00fcmumi m\u00fclki s\u0259f\u0259rb\u0259rlik rejiminin 31 Mart 2021-ci il tarixin\u0259d\u0259k uzad\u0131lmas\u0131 haqq\u0131nda f\u0259rman imzalad\u0131.<\/strong><\/p>\n<p><strong>ARANTV.AZ\u00a0<\/strong><a href=\"https:\/\/az.trend.az\/\" target=\"_blank\" rel=\"noopener\">Trend<\/a>-\u0259 istinad\u0259n bildirir ki,\u00a0bu bar\u0259d\u0259 d\u00f6vl\u0259t ba\u015f\u00e7\u0131s\u0131n\u0131n m\u0259tbuat xidm\u0259tinin press-relizind\u0259 bildirilib.<\/p>\n<p>Bildirilib ki, f\u0259rmana \u0259sas\u0259n d\u00f6vl\u0259t qurumlar\u0131, \u00f6z\u0259l \u015firk\u0259tl\u0259r sanitariya v\u0259 epidemioloji standartlara ciddi \u015f\u0259kild\u0259 riay\u0259t etm\u0259lidir.<\/p>\n<p>V\u0259t\u0259nda\u015flara sosial m\u0259saf\u0259ni qorumaq, qoruyucu maskalar taxmaq v\u0259 \u0259lc\u0259kl\u0259rd\u0259n istifad\u0259 etm\u0259k t\u0259l\u0259b olunur.<\/p>\n","protected":false},"excerpt":{"rendered":"<p>Livan prezidenti Mi\u015fel Aun koronavirusla \u0259l\u0259qadar \u00fcmumi m\u00fclki s\u0259f\u0259rb\u0259rlik rejiminin 31 Mart 2021-ci il tarixin\u0259d\u0259k uzad\u0131lmas\u0131 haqq\u0131nda f\u0259rman imzalad\u0131. ARANTV.AZ\u00a0Trend-\u0259 istinad\u0259n bildirir ki,\u00a0bu bar\u0259d\u0259 d\u00f6vl\u0259t ba\u015f\u00e7\u0131s\u0131n\u0131n m\u0259tbuat xidm\u0259tinin press-relizind\u0259 bildirilib. Bildirilib ki, f\u0259rmana \u0259sas\u0259n d\u00f6vl\u0259t qurumlar\u0131, \u00f6z\u0259l \u015firk\u0259tl\u0259r sanitariya v\u0259 epidemioloji standartlara ciddi \u015f\u0259kild\u0259 riay\u0259t etm\u0259lidir. V\u0259t\u0259nda\u015flara sosial m\u0259saf\u0259ni qorumaq, qoruyucu maskalar taxmaq v\u0259 \u0259lc\u0259kl\u0259rd\u0259n istifad\u0259 etm\u0259k t\u0259l\u0259b olunur.<\/p>\n","protected":false},"author":2,"featured_media":264345,"comment_status":"closed","ping_status":"closed","sticky":false,"template":"","format":"standard","meta":{"om_disable_all_campaigns":false,"_monsterinsights_skip_tracking":false,"_monsterinsights_sitenote_active":false,"_monsterinsights_sitenote_note":"","_monsterinsights_sitenote_category":0},"categories":[7],"tags":[],"aioseo_notices":[],"gutentor_comment":0,"rttpg_featured_image_url":{"full":["https:\/\/arantv.az\/wp-content\/uploads\/2021\/01\/livan_1.jpg",800,600,false],"landscape":["https:\/\/arantv.az\/wp-content\/uploads\/2021\/01\/livan_1.jpg",800,600,false],"portraits":["https:\/\/arantv.az\/wp-content\/uploads\/2021\/01\/livan_1.jpg",800,600,false],"thumbnail":["https:\/\/arantv.az\/wp-content\/uploads\/2021\/01\/livan_1-150x150.jpg",150,150,true],"medium":["https:\/\/arantv.az\/wp-content\/uploads\/2021\/01\/livan_1-300x225.jpg",300,225,true],"large":["https:\/\/arantv.az\/wp-content\/uploads\/2021\/01\/livan_1.jpg",640,480,false],"1536x1536":["https:\/\/arantv.az\/wp-content\/uploads\/2021\/01\/livan_1.jpg",800,600,false],"2048x2048":["https:\/\/arantv.az\/wp-content\/uploads\/2021\/01\/livan_1.jpg",800,600,false],"post-thumbnail":["https:\/\/arantv.az\/wp-content\/uploads\/2021\/01\/livan_1-240x172.jpg",240,172,true],"advps-thumb-one":["https:\/\/arantv.az\/wp-content\/uploads\/2021\/01\/livan_1.jpg",800,600,false]},"rttpg_author":{"display_name":"V\u00fcsal Rafiqo\u011flu","author_link":"https:\/\/arantv.az\/?author=2"},"rttpg_comment":0,"rttpg_category":"<a href=\"https:\/\/arantv.az\/?cat=7\" rel=\"category\">D\u00fcnya<\/a>","rttpg_excerpt":"Livan prezidenti Mi\u015fel Aun koronavirusla \u0259l\u0259qadar \u00fcmumi m\u00fclki s\u0259f\u0259rb\u0259rlik rejiminin 31 Mart 2021-ci il tarixin\u0259d\u0259k uzad\u0131lmas\u0131 haqq\u0131nda f\u0259rman imzalad\u0131. ARANTV.AZ\u00a0Trend-\u0259 istinad\u0259n bildirir ki,\u00a0bu bar\u0259d\u0259 d\u00f6vl\u0259t ba\u015f\u00e7\u0131s\u0131n\u0131n m\u0259tbuat xidm\u0259tinin press-relizind\u0259 bildirilib. Bildirilib ki, f\u0259rmana \u0259sas\u0259n d\u00f6vl\u0259t qurumlar\u0131, \u00f6z\u0259l \u015firk\u0259tl\u0259r sanitariya v\u0259 epidemioloji standartlara ciddi \u015f\u0259kild\u0259 riay\u0259t etm\u0259lidir. V\u0259t\u0259nda\u015flara sosial m\u0259saf\u0259ni qorumaq, qoruyucu maskalar taxmaq v\u0259 \u0259lc\u0259kl\u0259rd\u0259n&hellip;","_links":{"self":[{"href":"https:\/\/arantv.az\/index.php?rest_route=\/wp\/v2\/posts\/264344"}],"collection":[{"href":"https:\/\/arantv.az\/index.php?rest_route=\/wp\/v2\/posts"}],"about":[{"href":"https:\/\/arantv.az\/index.php?rest_route=\/wp\/v2\/types\/post"}],"author":[{"embeddable":true,"href":"https:\/\/arantv.az\/index.php?rest_route=\/wp\/v2\/users\/2"}],"replies":[{"embeddable":true,"href":"https:\/\/arantv.az\/index.php?rest_route=%2Fwp%2Fv2%2Fcomments&post=264344"}],"version-history":[{"count":0,"href":"https:\/\/arantv.az\/index.php?rest_route=\/wp\/v2\/posts\/264344\/revisions"}],"wp:featuredmedia":[{"embeddable":true,"href":"https:\/\/arantv.az\/index.php?rest_route=\/wp\/v2\/media\/264345"}],"wp:attachment":[{"href":"https:\/\/arantv.az\/index.php?rest_route=%2Fwp%2Fv2%2Fmedia&parent=264344"}],"wp:term":[{"taxonomy":"category","embeddable":true,"href":"https:\/\/arantv.az\/index.php?rest_route=%2Fwp%2Fv2%2Fcategories&post=264344"},{"taxonomy":"post_tag","embeddable":true,"href":"https:\/\/arantv.az\/index.php?rest_route=%2Fwp%2Fv2%2Ftags&post=264344"}],"curies":[{"name":"wp","href":"https:\/\/api.w.org\/{rel}","templated":true}]}}