{"id":264348,"date":"2021-01-02T10:04:36","date_gmt":"2021-01-02T07:04:36","guid":{"rendered":"http:\/\/arantv.az\/?p=264348"},"modified":"2021-01-02T10:04:36","modified_gmt":"2021-01-02T07:04:36","slug":"bmt-d%c9%99-isl%c9%99y%c9%99n-diplomat-nyu-yorkda-olu-tapildi","status":"publish","type":"post","link":"https:\/\/arantv.az\/?p=264348","title":{"rendered":"BMT-d\u0259 i\u015fl\u0259y\u0259n diplomat Nyu-Yorkda \u00f6l\u00fc tap\u0131ld\u0131"},"content":{"rendered":"<p><strong>BMT-d\u0259 i\u015fl\u0259y\u0259n diplomat Nyu-York \u015f\u0259h\u0259rinin Manhetten rayonunda m\u0259nzilind\u0259 \u00f6l\u00fc tap\u0131l\u0131b.<\/strong><\/p>\n<p><strong>ARANTV.AZ<\/strong>\u00a0<a href=\"https:\/\/az.trend.az\/\" target=\"_blank\" rel=\"noopener\">Trend<\/a>-\u0259 istinad\u0259n bildirir ki,\u00a0s\u00f6hb\u0259t 38 ya\u015fl\u0131 qad\u0131ndan gedir. Daimi missiyas\u0131nda \u00e7al\u0131\u015fd\u0131\u011f\u0131 d\u00f6vl\u0259t bar\u0259d\u0259 m\u0259lumat verilm\u0259yib.<\/p>\n<p>V\u0259t\u0259nda\u015fl\u0131\u011f\u0131 bar\u0259d\u0259 m\u0259lumat verilmir. Q\u0259zet diplomat\u0131n \u0259n az\u0131 iki ildir bu m\u0259nzild\u0259 ya\u015fad\u0131\u011f\u0131n\u0131 qeyd edir.<\/p>\n","protected":false},"excerpt":{"rendered":"<p>BMT-d\u0259 i\u015fl\u0259y\u0259n diplomat Nyu-York \u015f\u0259h\u0259rinin Manhetten rayonunda m\u0259nzilind\u0259 \u00f6l\u00fc tap\u0131l\u0131b. ARANTV.AZ\u00a0Trend-\u0259 istinad\u0259n bildirir ki,\u00a0s\u00f6hb\u0259t 38 ya\u015fl\u0131 qad\u0131ndan gedir. Daimi missiyas\u0131nda \u00e7al\u0131\u015fd\u0131\u011f\u0131 d\u00f6vl\u0259t bar\u0259d\u0259 m\u0259lumat verilm\u0259yib. V\u0259t\u0259nda\u015fl\u0131\u011f\u0131 bar\u0259d\u0259 m\u0259lumat verilmir. Q\u0259zet diplomat\u0131n \u0259n az\u0131 iki ildir bu m\u0259nzild\u0259 ya\u015fad\u0131\u011f\u0131n\u0131 qeyd edir.<\/p>\n","protected":false},"author":2,"featured_media":264349,"comment_status":"closed","ping_status":"closed","sticky":false,"template":"","format":"standard","meta":{"om_disable_all_campaigns":false,"_monsterinsights_skip_tracking":false,"_monsterinsights_sitenote_active":false,"_monsterinsights_sitenote_note":"","_monsterinsights_sitenote_category":0},"categories":[7],"tags":[],"aioseo_notices":[],"gutentor_comment":0,"rttpg_featured_image_url":{"full":["https:\/\/arantv.az\/wp-content\/uploads\/2021\/01\/usa_ambulance_301020.jpg",640,427,false],"landscape":["https:\/\/arantv.az\/wp-content\/uploads\/2021\/01\/usa_ambulance_301020.jpg",640,427,false],"portraits":["https:\/\/arantv.az\/wp-content\/uploads\/2021\/01\/usa_ambulance_301020.jpg",640,427,false],"thumbnail":["https:\/\/arantv.az\/wp-content\/uploads\/2021\/01\/usa_ambulance_301020-150x150.jpg",150,150,true],"medium":["https:\/\/arantv.az\/wp-content\/uploads\/2021\/01\/usa_ambulance_301020-300x200.jpg",300,200,true],"large":["https:\/\/arantv.az\/wp-content\/uploads\/2021\/01\/usa_ambulance_301020.jpg",640,427,false],"1536x1536":["https:\/\/arantv.az\/wp-content\/uploads\/2021\/01\/usa_ambulance_301020.jpg",640,427,false],"2048x2048":["https:\/\/arantv.az\/wp-content\/uploads\/2021\/01\/usa_ambulance_301020.jpg",640,427,false],"post-thumbnail":["https:\/\/arantv.az\/wp-content\/uploads\/2021\/01\/usa_ambulance_301020-240x172.jpg",240,172,true],"advps-thumb-one":["https:\/\/arantv.az\/wp-content\/uploads\/2021\/01\/usa_ambulance_301020.jpg",640,427,false]},"rttpg_author":{"display_name":"V\u00fcsal Rafiqo\u011flu","author_link":"https:\/\/arantv.az\/?author=2"},"rttpg_comment":0,"rttpg_category":"<a href=\"https:\/\/arantv.az\/?cat=7\" rel=\"category\">D\u00fcnya<\/a>","rttpg_excerpt":"BMT-d\u0259 i\u015fl\u0259y\u0259n diplomat Nyu-York \u015f\u0259h\u0259rinin Manhetten rayonunda m\u0259nzilind\u0259 \u00f6l\u00fc tap\u0131l\u0131b. ARANTV.AZ\u00a0Trend-\u0259 istinad\u0259n bildirir ki,\u00a0s\u00f6hb\u0259t 38 ya\u015fl\u0131 qad\u0131ndan gedir. Daimi missiyas\u0131nda \u00e7al\u0131\u015fd\u0131\u011f\u0131 d\u00f6vl\u0259t bar\u0259d\u0259 m\u0259lumat verilm\u0259yib. V\u0259t\u0259nda\u015fl\u0131\u011f\u0131 bar\u0259d\u0259 m\u0259lumat verilmir. Q\u0259zet diplomat\u0131n \u0259n az\u0131 iki ildir bu m\u0259nzild\u0259 ya\u015fad\u0131\u011f\u0131n\u0131 qeyd edir.","_links":{"self":[{"href":"https:\/\/arantv.az\/index.php?rest_route=\/wp\/v2\/posts\/264348"}],"collection":[{"href":"https:\/\/arantv.az\/index.php?rest_route=\/wp\/v2\/posts"}],"about":[{"href":"https:\/\/arantv.az\/index.php?rest_route=\/wp\/v2\/types\/post"}],"author":[{"embeddable":true,"href":"https:\/\/arantv.az\/index.php?rest_route=\/wp\/v2\/users\/2"}],"replies":[{"embeddable":true,"href":"https:\/\/arantv.az\/index.php?rest_route=%2Fwp%2Fv2%2Fcomments&post=264348"}],"version-history":[{"count":0,"href":"https:\/\/arantv.az\/index.php?rest_route=\/wp\/v2\/posts\/264348\/revisions"}],"wp:featuredmedia":[{"embeddable":true,"href":"https:\/\/arantv.az\/index.php?rest_route=\/wp\/v2\/media\/264349"}],"wp:attachment":[{"href":"https:\/\/arantv.az\/index.php?rest_route=%2Fwp%2Fv2%2Fmedia&parent=264348"}],"wp:term":[{"taxonomy":"category","embeddable":true,"href":"https:\/\/arantv.az\/index.php?rest_route=%2Fwp%2Fv2%2Fcategories&post=264348"},{"taxonomy":"post_tag","embeddable":true,"href":"https:\/\/arantv.az\/index.php?rest_route=%2Fwp%2Fv2%2Ftags&post=264348"}],"curies":[{"name":"wp","href":"https:\/\/api.w.org\/{rel}","templated":true}]}}