{"id":264356,"date":"2021-01-02T10:44:47","date_gmt":"2021-01-02T07:44:47","guid":{"rendered":"http:\/\/arantv.az\/?p=264356"},"modified":"2021-01-02T10:44:47","modified_gmt":"2021-01-02T07:44:47","slug":"haci-%c9%99liyev-firdovsi-umudovun-%c9%99ziyy%c9%99tini-itir%c9%99-bilm%c9%99rik-foto-musahib%c9%99","status":"publish","type":"post","link":"https:\/\/arantv.az\/?p=264356","title":{"rendered":"Hac\u0131 \u018fliyev: \u201cFirdovsi Umudovun \u0259ziyy\u0259tini itir\u0259 bilm\u0259rik\u201d &#8211; FOTO + M\u00dcSAH\u0130B\u018f"},"content":{"rendered":"<p>Az\u0259rbaycan\u0131n s\u0259rb\u0259st g\u00fcl\u0259\u015f \u00fczr\u0259 milli komandas\u0131n\u0131n kapitan\u0131, \u00fc\u00e7\u00a0qat d\u00fcnya v\u0259 \u00fc\u00e7\u00a0qat Avropa \u00e7empionu Hac\u0131 \u018fliyevin \u201cReport\u201da m\u00fcsahib\u0259si.<\/p>\n<p><strong>&#8211; 2020-ci ili nec\u0259 d\u0259y\u0259rl\u0259ndirirsiniz?<\/strong><\/p>\n<p>&#8211; \u0130lin \u0259vv\u0259ll\u0259ri n\u0259 Az\u0259rbaycan \u00fc\u00e7\u00fcn, n\u0259 d\u0259 d\u00fcnya \u00fc\u00e7\u00fcn u\u011furlu oldu. \u00c7\u00fcnki pandemiya il\u0259 \u0259laq\u0259dar b\u00fct\u00fcn d\u00fcnya v\u0259 \u00f6lk\u0259miz \u0259ziyy\u0259t \u00e7\u0259kdi. \u0130lin \u0259vv\u0259lind\u0259 g\u00fcl\u0259\u015f \u00fczr\u0259 Avropa \u00e7empionat\u0131 ke\u00e7irildi. H\u0259min yar\u0131\u015fda i\u015ftirak etm\u0259dim ki, Tokio Yay Olimpiya Oyunlar\u0131na lisenziya xarakterli Avropa v\u0259 ya D\u00fcnya T\u0259snifat Turnirin\u0259 qat\u0131l\u0131m. Martda lisenziya yar\u0131\u015flar\u0131 ke\u00e7irilm\u0259li idi, pandemiyaya g\u00f6r\u0259 t\u0259xir\u0259 sal\u0131nd\u0131. Bu q\u0259rarlar bizim \u00fc\u00e7\u00fcn he\u00e7 d\u0259 yax\u015f\u0131 olmad\u0131. \u00c7\u00fcnki h\u0259m lisenziya yar\u0131\u015flar\u0131na, h\u0259m d\u0259 Tokio-2020-y\u0259 \u00e7ox g\u00f6z\u0259l haz\u0131rla\u015f\u0131rd\u0131q. Avropa \u00e7empionat\u0131nda g\u00fcl\u0259\u015fm\u0259diyim \u00fc\u00e7\u00fcn uzun m\u00fcdd\u0259t yar\u0131\u015flar, t\u0259lim-m\u0259\u015fq toplan\u0131\u015f\u0131ndan uzaqda qald\u0131m. Amma ilin sonunda Serbiyan\u0131n paytaxt\u0131 Belqradda F\u0259rdi D\u00fcnya Kubokuna qat\u0131ld\u0131m. Yar\u0131\u015fa T\u00fcrkiy\u0259 millisi il\u0259 Ankarada haz\u0131rla\u015fma\u011fa ba\u015flad\u0131q. \u0130lin sonunda b\u00fcr\u00fcnc medal qazand\u0131m v\u0259 bunu u\u011fur\u00a0hesab etm\u0259k olar. Q\u0131z\u0131l medal da qazana bil\u0259rdim. Amma bir il\u0259 yax\u0131n idi ki, g\u00fcl\u0259\u015fmirdik v\u0259 tatamid\u0259n uzaq qalm\u0131\u015fd\u0131q. Bu is\u0259 idman\u00e7\u0131lar \u00fc\u00e7\u00fcn \u00e7\u0259tindir.<\/p>\n<div id=\"AdviadNativeVideo0\" class=\"AdviadNativeVideo\"><\/div>\n<p><strong>&#8211; Amma Az\u0259rbaycan \u00fc\u00e7\u00fcn \u00e7ox u\u011furlu hadis\u0259 d\u0259 ba\u015f verdi. V\u0259t\u0259n m\u00fcharib\u0259sind\u0259 q\u0259l\u0259b\u0259 qazan\u0131ld\u0131&#8230;<\/strong><\/p>\n<p>&#8211; Qazand\u0131\u011f\u0131m\u0131z m\u00f6ht\u0259\u015f\u0259m q\u0259l\u0259b\u0259 sa\u011flaml\u0131\u011f\u0131mdan v\u0259 karyeramdan \u00f6n\u0259mlidir. Son aylarda \u00f6z q\u0259l\u0259b\u0259mizl\u0259 b\u00fct\u00fcn d\u00fcnyaya s\u0259s sald\u0131q. \u015e\u00fck\u00fcrl\u0259r olsun ki, torpaqlar\u0131m\u0131z\u0131 azad etdik. Ali Ba\u015f Komandan\u0131m\u0131z, \u0259sg\u0259rl\u0259rimiz v\u0259 \u015f\u0259hidl\u0259rimizin g\u00fcc\u00fc il\u0259 \u00e7ox g\u00f6z\u0259l i\u015fl\u0259r g\u00f6rd\u00fck. \u00d6z\u00fcm d\u0259 S\u0259rh\u0259d Qo\u015funlar\u0131n\u0131n zabitiy\u0259m, ba\u015f leytenantam. K\u00f6n\u00fcll\u00fc olaraq orduya yaz\u0131lm\u0131\u015fd\u0131m. Amma m\u0259ni c\u0259bh\u0259y\u0259 g\u00f6nd\u0259rm\u0259dil\u0259r. Buna baxmayaraq, idman\u00e7\u0131 yolda\u015flarla, dostlarla ist\u0259yirdik ki, orada qalaq v\u0259 d\u00f6y\u00fc\u015f\u0259k. Lakin b\u0259zi s\u0259b\u0259bl\u0259r\u0259 g\u00f6r\u0259 bizi geri qaytard\u0131lar. Orada da demi\u015fdim ki, idman\u00e7\u0131lar olaraq h\u0259r zaman can\u0131m\u0131zdan ke\u00e7m\u0259y\u0259 haz\u0131r\u0131q.<\/p>\n<p><img src=\"https:\/\/cdn.oxu.az\/uploads\/W1siZiIsIjIwMjEvMDEvMDIvMTEvMDIvMzEvMWYxOGNiZDEtZDgwZC00YzU4LWJiNGItOTI4YzY3MjdiODdjL20xLmpwZyJdLFsicCIsImVuY29kZSIsImpwZyIsIi1xdWFsaXR5IDgwIl0sWyJwIiwidGh1bWIiLCI1OTB4NTkwXHUwMDNlIl1d?sha=67767ffecd03cb4c\" alt=\"\" \/><\/p>\n<p>M\u00fcharib\u0259 vaxt\u0131 pe\u015f\u0259sind\u0259n as\u0131l\u0131 olmayaraq, b\u00fct\u00fcn Az\u0259rbaycan ki\u015fil\u0259rinin borcudur ki, torpaqlar\u0131 u\u011frunda vuru\u015fsun. \u015e\u0259hidl\u0259r biz\u0259, mill\u0259timiz\u0259 g\u00f6r\u0259 canlar\u0131ndan ke\u00e7dil\u0259r. Onlar\u0131n ruhlar\u0131 qar\u015f\u0131s\u0131nda ba\u015f \u0259yir\u0259m. Allah \u015f\u0259hidl\u0259rimiz\u0259 r\u0259hm\u0259t el\u0259sin, valideynl\u0259rin\u0259 s\u0259br versin. H\u0259mi\u015f\u0259 idman\u00e7\u0131lar\u0131n beyn\u0259lxalq arenada qazand\u0131qlar\u0131 u\u011furlarla f\u0259xr edilib v\u0259 q\u00fcrur duyulub. Art\u0131q biz onlarla \u2013 \u015f\u0259hidl\u0259rimizl\u0259, qazil\u0259rimizl\u0259 f\u0259xr edirik. Bizim borcumuzdur ki, \u015f\u0259hid ail\u0259l\u0259rin\u0259 yax\u015f\u0131 baxaq v\u0259 onlar\u0131 daim diqq\u0259td\u0259 saxlayaq, \u00f6vladlar\u0131ndan \u00e7empionlar, h\u0259kiml\u0259r v\u0259 b\u00f6y\u00fck insanlar yeti\u015fdir\u0259k.<\/p>\n<p><strong>&#8211; 2021-ci ild\u0259n g\u00f6zl\u0259ntil\u0259riniz n\u0259dir?<\/strong><\/p>\n<p>&#8211; Bu il bizi yeni yar\u0131\u015flar v\u0259 t\u0259xir\u0259 sal\u0131nm\u0131\u015f olimpiada g\u00f6zl\u0259yir. Haz\u0131rda lisenziya xarakterli yar\u0131\u015flara haz\u0131rla\u015f\u0131ram. \u018flimd\u0259n g\u0259l\u0259ni ed\u0259c\u0259y\u0259m ki, m\u0259n d\u0259 idman meydan\u0131nda g\u00f6z\u0259l q\u0259l\u0259b\u0259l\u0259r qazan\u0131m v\u0259 xalq\u0131m\u0131 sevindirim. \u0130dman\u00e7\u0131lar\u0131n \u00f6hd\u0259sin\u0259 n\u0259 d\u00fc\u015f\u00fcrs\u0259, onu g\u00fcc\u00fcm\u00fcz \u00e7atan q\u0259d\u0259r edir, bayra\u011f\u0131m\u0131z\u0131 qald\u0131r\u0131r, himnimizi s\u0259sl\u0259ndiririk. 2020-ci ili \u00f6z\u00fcm v\u0259 xalq\u0131m \u00fc\u00e7\u00fcn u\u011furlu hesab edir\u0259m. D\u00fczd\u00fcr, h\u0259m m\u00fcharib\u0259y\u0259, h\u0259m d\u0259 koronavirusa g\u00f6r\u0259 \u00e7ox itkil\u0259r verdik. \u018fn \u00f6n\u0259mlisi odur ki, torpaqlar\u0131m\u0131z\u0131 i\u015f\u011faldan azad etdik. M\u0259nim \u00fc\u00e7\u00fcn bundan d\u0259y\u0259rli he\u00e7 n\u0259 ola bilm\u0259z.<\/p>\n<p><strong>&#8211; Koronavirusa g\u00f6r\u0259 hans\u0131sa yax\u0131n\u0131n\u0131z v\u0259fat edibmi?<\/strong><\/p>\n<p>&#8211; B\u0259li, bir ne\u00e7\u0259 tan\u0131d\u0131\u011f\u0131m insan bu x\u0259st\u0259liy\u0259 g\u00f6r\u0259 d\u00fcnyas\u0131n\u0131 d\u0259yi\u015fdi. \u018fn yax\u0131n\u0131m is\u0259 xalam q\u0131z\u0131n\u0131n yolda\u015f\u0131 idi. N\u0259simi rayon \u0130cra Hakimiyy\u0259ti ba\u015f\u00e7\u0131s\u0131n\u0131n m\u00fcavini Qurban \u0130smay\u0131lov x\u0259st\u0259likd\u0259n v\u0259fat etdi. M\u0259n\u0259 \u00e7ox yax\u0131n insan\u0131 49 ya\u015f\u0131nda itirdik. Mill\u0259timizin h\u0259r bir v\u0259t\u0259nda\u015f\u0131 bizim \u00fc\u00e7\u00fcn d\u0259y\u0259rlidir. Ona g\u00f6r\u0259 d\u0259 yet\u0259rinc\u0259 ehtiyatl\u0131 olmaq laz\u0131md\u0131r. \u015e\u0259hidl\u0259rimizin valideynl\u0259rin\u0259 v\u0259 d\u00fcnyas\u0131n\u0131 d\u0259yi\u015f\u0259n h\u0259r bir k\u0259sin yax\u0131nlar\u0131na s\u0259br dil\u0259yir\u0259m. \u015e\u0259hidlik h\u0259qiq\u0259t\u0259n \u0259n uca zirv\u0259dir. \u00d6z\u00fcm\u0259, qarda\u015f\u0131ma v\u0259 atama da \u015f\u0259hidlik zirv\u0259sini arzulayard\u0131m. \u015e\u0259hidlik zirv\u0259si Allah qat\u0131nda \u0259n \u00fcst\u00fcn yerl\u0259rd\u0259n biridir.<\/p>\n<p><strong>&#8211; \u0130dman yar\u0131\u015flar\u0131 sar\u0131dan 2020-ci ild\u0259 \u0259n u\u011furlu hesab ed\u0259 bil\u0259c\u0259yiniz hadis\u0259 hans\u0131d\u0131r?<\/strong><\/p>\n<p>&#8211; \u0130lin \u0259vv\u0259lind\u0259 yunan-Roma g\u00fcl\u0259\u015f\u00e7il\u0259rimizd\u0259n S\u0259nan S\u00fcleymanovla Rafiq H\u00fcseynov \u0130taliyan\u0131n paytaxt\u0131 Romada Avropa \u00e7empionu oldu. H\u00fcseynov qocaman idman\u00e7\u0131lar\u0131m\u0131zdand\u0131r. C\u00fcdoda Orxan S\u0259f\u0259rov eyni u\u011furu t\u0259krarlad\u0131. M\u00fcxt\u0259lif turnirl\u0259rd\u0259 m\u00fckafat qazanan idman\u00e7\u0131lar\u0131m\u0131z da var. D\u00fcnya Kubokunda is\u0259 q\u0131z\u0131l medal qazana bilm\u0259dik. S\u0259b\u0259bi uzun m\u00fcdd\u0259t yar\u0131\u015flardan k\u0259narda qalma\u011f\u0131m\u0131z idi. Bu, h\u0259qiq\u0259t\u0259n \u00f6z s\u00f6z\u00fcn\u00fc dedi. Az da olsa, medal qazana bildik, finalda uduzan idman\u00e7\u0131lar\u0131m\u0131z oldu. B\u0259lk\u0259 yen\u0259 hans\u0131sa idman\u00e7\u0131m\u0131z u\u011fur \u0259ld\u0259 edib, m\u0259nim yad\u0131mdan \u00e7\u0131xa bil\u0259r. Amma kims\u0259 bu \u00e7\u0259tin ild\u0259, d\u00f6n\u0259md\u0259 medal qazan\u0131bsa, onlar\u0131 alq\u0131\u015flay\u0131ram.<\/p>\n<p>\u015e\u0259raitsizlikl\u0259, norma t\u0259lim-m\u0259\u015fq toplan\u0131\u015f\u0131 olmadan m\u00fckafat\u00e7\u0131 ola bilibl\u0259r, ciddi u\u011furdur. Avropa \u00e7empionu olmaq is\u0259 h\u0259qiq\u0259t\u0259n b\u00f6y\u00fck q\u0259l\u0259b\u0259dir. Onlar\u0131 t\u0259brik edir\u0259m. 2020-ci ild\u0259 u\u011furlar\u0131m\u0131z olub, sad\u0259c\u0259, pandemiyadan sonra idmanda sakitlik ba\u015flad\u0131. O vaxta q\u0259d\u0259r is\u0259 h\u0259r \u015fey qaydas\u0131nda idi. H\u0259d\u0259fimiz, m\u0259qs\u0259dimiz \u00f6lk\u0259mizi olimpiadada yax\u015f\u0131 t\u0259msil etm\u0259kdir.<\/p>\n<p><img src=\"https:\/\/cdn.oxu.az\/uploads\/W1siZiIsIjIwMjEvMDEvMDIvMTEvMDIvMzEvYmNkNzA4N2QtODA3YS00MDQyLWE5MzQtZDA2M2ZjMDY1MTE0L20yLmpwZyJdLFsicCIsImVuY29kZSIsImpwZyIsIi1xdWFsaXR5IDgwIl0sWyJwIiwidGh1bWIiLCI1OTB4NTkwXHUwMDNlIl1d?sha=161dc51b9d235b5c\" alt=\"\" \/><\/p>\n<p><strong>&#8211; S\u0259rb\u0259st g\u00fcl\u0259\u015fd\u0259 bu il d\u0259yi\u015fiklikl\u0259r ba\u015f verdi. Art\u0131q Namiq Abdullayev yeni ba\u015f m\u0259\u015fq\u00e7inizdir. Bu d\u0259yi\u015fiklik komandaya nec\u0259 t\u0259sir edib?<\/strong><\/p>\n<p>&#8211; \u0130dman n\u00f6v\u00fcnd\u0259n as\u0131l\u0131 olmayaraq, ba\u015f m\u0259\u015fq\u00e7il\u0259rin tez-tez d\u0259yi\u015fm\u0259si komanda \u00fc\u00e7\u00fcn yax\u015f\u0131 \u0259lam\u0259t deyil. \u00c7\u00fcnki ba\u015f m\u0259\u015fq\u00e7inin idman\u00e7\u0131ya, onun is\u0259 ba\u015f m\u0259\u015fq\u00e7iy\u0259 \u00f6yr\u0259\u015fm\u0259 m\u00fcdd\u0259ti var. X\u00fcsus\u0259n d\u0259 yar\u0131\u015flar\u0131n az ke\u00e7irildiyi d\u00f6n\u0259md\u0259 ba\u015f m\u0259\u015fq\u00e7il\u0259rin d\u0259yi\u015fm\u0259si yax\u015f\u0131 bir \u015fey deyil. Amma el\u0259 \u015feyl\u0259r var ki, m\u0259cburi edilir. Bizim ba\u015f m\u0259\u015fq\u00e7imiz Namiq Abdullayev olimpiya \u00e7empionudur, idman\u00e7\u0131 karyeras\u0131n\u0131 bitirdikd\u0259n sonra uzun m\u00fcdd\u0259t m\u0259\u015fq\u00e7ilik etm\u0259yib, bu v\u0259zif\u0259d\u0259 \u00e7al\u0131\u015fmay\u0131b v\u0259 birba\u015fa millinin ba\u015f m\u0259\u015fq\u00e7isi v\u0259zif\u0259sin\u0259 g\u0259tirilib. \u018flb\u0259tt\u0259, v\u0259zif\u0259si \u00e7\u0259tindir. M\u0259n\u0259 el\u0259 g\u0259lir ki, idman\u00e7\u0131lar, m\u0259\u015fq\u00e7il\u0259r \u0259l-\u0259l\u0259 verib birlikd\u0259 \u00e7al\u0131\u015fsaq, \u00e7\u0259tinlikl\u0259rin \u00f6hd\u0259sind\u0259n g\u0259lm\u0259k olar. Q\u0131saca onu dem\u0259k ist\u0259yir\u0259m ki, m\u0259\u015fq\u00e7il\u0259rin tez-tez d\u0259yi\u015film\u0259si yax\u015f\u0131 \u0259lam\u0259t deyil. Bu m\u0259nim \u015f\u0259xsi fikrimdir.<\/p>\n<p><strong>&#8211; Namiq Abdullayevl\u0259 art\u0131q az da olsa, birlikd\u0259 i\u015fl\u0259misiniz. Nec\u0259 ba\u015f m\u0259\u015fq\u00e7idir?<\/strong><\/p>\n<p>&#8211; Namiq Abdullayev \u00f6lk\u0259 idman\u0131 \u00fc\u00e7\u00fcn b\u00f6y\u00fck u\u011furlar qazan\u0131b. Amma haz\u0131rda ba\u015f m\u0259\u015fq\u00e7i v\u0259zif\u0259sind\u0259 bir-iki ayd\u0131r i\u015fl\u0259yir. Onun \u00e7\u0259tinlikl\u0259ri d\u0259 ola bil\u0259r. Bu is\u0259 m\u00fcv\u0259qq\u0259tidir, komandaya \u00f6yr\u0259\u015fm\u0259lidir. \u0130dmandan sonra uzun m\u00fcdd\u0259t ba\u015f m\u0259\u015fq\u00e7ilik f\u0259aliyy\u0259ti il\u0259 m\u0259\u015f\u011ful olmay\u0131b. Onun \u00fc\u00e7\u00fcn \u00e7\u0259tin oldu\u011funu k\u0259nardan g\u00f6r\u00fcr\u0259m. Bu, o q\u0259d\u0259r d\u0259 asan deyil. \u0130nan\u0131ram ki, zaman ke\u00e7dikc\u0259 d\u00fcz\u0259l\u0259c\u0259k.<\/p>\n<p><img src=\"https:\/\/cdn.oxu.az\/uploads\/W1siZiIsIjIwMjEvMDEvMDIvMTEvMDIvMzEvNGQzNjRlYzctMGM2ZC00OTIzLWI0ZjUtNjU3OGJmNDFhNjlmL20zLmpwZyJdLFsicCIsImVuY29kZSIsImpwZyIsIi1xdWFsaXR5IDgwIl0sWyJwIiwidGh1bWIiLCI1OTB4NTkwXHUwMDNlIl1d?sha=256c0824c8db3983\" alt=\"\" \/><\/p>\n<p><strong>&#8211; Onun t\u0259yinat\u0131 siz g\u00fcl\u0259\u015f\u00e7il\u0259r \u00fc\u00e7\u00fcn g\u00f6zl\u0259nilm\u0259z olmad\u0131?<\/strong><\/p>\n<p>&#8211; Bizd\u0259 \u0259vv\u0259ll\u0259r \u0259cn\u0259bi ba\u015f m\u0259\u015fq\u00e7il\u0259r var idi. Art\u0131q onlar ged\u0259nd\u0259n sonra komandada yerli ba\u015f m\u0259\u015fq\u00e7iy\u0259 ehtiyac var idi. M\u0259nim \u00fc\u00e7\u00fcn ba\u015f m\u0259\u015fq\u00e7i o q\u0259d\u0259r d\u0259 \u00f6n\u0259mli deyil. Firdovsi Umudovun r\u0259hb\u0259rliyi alt\u0131nda da yax\u015f\u0131 n\u0259tic\u0259 g\u00f6st\u0259rmi\u015f\u0259m. Saypulla Absaidovun oldu\u011fu d\u00f6n\u0259md\u0259 d\u0259 u\u011furla \u00e7\u0131x\u0131\u015f etmi\u015f\u0259m. \u0130nan\u0131ram ki, Namiq Abdullayevin d\u0259 vaxt\u0131nda q\u0131z\u0131l medallar\u0131m \u00e7ox olacaq. M\u0259nim \u00fc\u00e7\u00fcn \u00f6n\u0259mli m\u0259s\u0259l\u0259 ba\u015f m\u0259\u015fq\u00e7i kim olursa, komandas\u0131 \u00fc\u00e7\u00fcn can\u0131n\u0131 qoymas\u0131 v\u0259 \u0259ziyy\u0259t \u00e7\u0259km\u0259sidir. Ba\u015f m\u0259\u015fq\u00e7i olmaq asan g\u00f6rs\u0259n\u0259 bil\u0259r, amma \u00e7ox \u00e7\u0259tindir. G\u0259r\u0259k b\u00fct\u00fcn idman\u00e7\u0131lara eyni g\u00f6zl\u0259 baxasan, can yand\u0131rasan. Bu g\u00fcn\u0259 q\u0259d\u0259r kim ba\u015f m\u0259\u015fq\u00e7i olubsa, \u00f6z i\u015fini layiqinc\u0259 g\u00f6r\u00fcb. Namiq Abdullayev d\u0259 d\u0259y\u0259rli idman\u00e7\u0131lar\u0131m\u0131zdan olub. \u0130nan\u0131ram ki, o da \u00f6z v\u0259zif\u0259sini yax\u015f\u0131 yerin\u0259 yetir\u0259c\u0259k.<\/p>\n<p><strong>&#8211; Firdovsi Umudov federasiyada s\u0259rb\u0259st g\u00fcl\u0259\u015f \u00fczr\u0259 vitse-prezident olsa da, Namiq Abdullayevin ba\u015f m\u0259\u015fq\u00e7i t\u0259yin olundu\u011fu iclasda i\u015ftirak etm\u0259di. Bunun s\u0259b\u0259bini n\u0259d\u0259 g\u00f6r\u00fcrs\u00fcn\u00fcz?<\/strong><\/p>\n<p>&#8211; M\u0259n bu m\u00f6vzu il\u0259 ba\u011fl\u0131 tam olaraq dan\u0131\u015fa bilm\u0259r\u0259m. Firdovsi m\u00fc\u0259llimin \u00f6lk\u0259 g\u00fcl\u0259\u015fi v\u0259 idman\u0131 \u00fc\u00e7\u00fcn h\u0259qiq\u0259t\u0259n b\u00f6y\u00fck \u0259ziyy\u0259ti, i\u015fl\u0259ri olub. Bunu m\u0259n v\u0259 dig\u0259r g\u00fcl\u0259\u015f\u00e7il\u0259r itir\u0259 bilm\u0259rik. Federasiya r\u0259hb\u0259rliyi Namiq Abdullayevin ba\u015f m\u0259\u015fq\u00e7i olmas\u0131n\u0131 m\u0259sl\u0259h\u0259t g\u00f6r\u00fcb. Umudovun is\u0259 federasiyada \u00f6z i\u015fi v\u0259 v\u0259zif\u0259si var. Amma yen\u0259 d\u0259 m\u0259\u015fq\u00e7imizdir. H\u0259r zaman \u00f6z m\u0259sl\u0259h\u0259tl\u0259rini verir.<\/p>\n<p><img src=\"https:\/\/cdn.oxu.az\/uploads\/W1siZiIsIjIwMjEvMDEvMDIvMTEvMDIvMzEvOTJjZDA3M2QtOGY0OC00ZWI3LTljMjYtNzY0OWRjMjljODVlL200LmpwZyJdLFsicCIsImVuY29kZSIsImpwZyIsIi1xdWFsaXR5IDgwIl0sWyJwIiwidGh1bWIiLCI1OTB4NTkwXHUwMDNlIl1d?sha=be7dbf2f2b17061c\" alt=\"\" \/><\/p>\n<p><strong>&#8211; Sizc\u0259, Firdovsi Umudovun h\u0259min iclasda olmamas\u0131 t\u0259sad\u00fcfidir?<\/strong><\/p>\n<p>&#8211; M\u0259n o i\u015fl\u0259r\u0259 qar\u0131\u015fa bilm\u0259r\u0259m. Niy\u0259 i\u015ftirak etm\u0259diyini dey\u0259 bilm\u0259r\u0259m. Bir az q\u0259liz m\u0259s\u0259l\u0259l\u0259rdir. El\u0259 \u015feyl\u0259r var ki, dan\u0131\u015fa bilm\u0259r\u0259m.<\/p>\n<p><strong>&#8211; F\u0259rdi D\u00fcnya Kubokunda q\u0131z\u0131l medal \u0259ld\u0259 ed\u0259 bilm\u0259diniz. Lakin Erm\u0259nistan v\u0259 dig\u0259r \u00f6lk\u0259l\u0259rin t\u0259msil\u00e7il\u0259rind\u0259n birinci yeri tutanlar oldu. U\u011fursuzlu\u011fun \u0259sas s\u0259b\u0259bini n\u0259d\u0259 g\u00f6r\u00fcrs\u00fcn\u00fcz?<\/strong><\/p>\n<p>&#8211; Bu bar\u0259d\u0259 bayaq q\u0131sa dan\u0131\u015fm\u0131\u015fd\u0131m. U\u011fursuzlu\u011fun \u0259sas s\u0259b\u0259bi yar\u0131\u015flar\u0131n olmamas\u0131d\u0131r. Komandam\u0131z\u0131n 50 faizi da\u011f\u0131stanl\u0131lardan ibar\u0259tdir. Yuxar\u0131 \u00e7\u0259ki d\u0259r\u0259c\u0259sind\u0259ki g\u00fcl\u0259\u015f\u00e7il\u0259r dig\u0259rl\u0259rind\u0259n k\u0259narda m\u0259\u015fq edirdil\u0259r. Onlar Maha\u00e7qalada, biz is\u0259 Bak\u0131da idik. Bir yer\u0259 y\u0131\u011f\u0131\u015fa bilm\u0259dik. B\u00f6y\u00fck m\u0259\u015fq\u00e7imiz Z\u0259limxan H\u00fcseynov da bizd\u0259n k\u0259narda idi. O da y\u0131\u011fman\u0131n \u0259n vacib m\u0259\u015fq\u00e7il\u0259rind\u0259n biridir. Komandan\u0131n birlikd\u0259 olmamas\u0131, t\u0259lim-m\u0259\u015fq toplan\u0131\u015flar\u0131n\u0131n ke\u00e7irilm\u0259m\u0259si biz\u0259 \u00e7ox t\u0259sir etdi. Toplan\u0131\u015fa yar\u0131\u015fa bir ay qalm\u0131\u015f ba\u015flad\u0131q. \u00d6lk\u0259d\u0259ki v\u0259ziyy\u0259tl\u0259 \u0259laq\u0259dar uzun m\u00fcdd\u0259t m\u0259\u015fqsiz qald\u0131q, bu is\u0259 idman\u00e7\u0131lara \u00e7ox t\u0259sir edir. M\u0259n bunu \u0259sas s\u0259b\u0259b kimi g\u00f6st\u0259r\u0259rdim. \u0130dman\u00e7\u0131lar\u0131n ham\u0131s\u0131 tam formada deyildil\u0259r. \u015e\u0259xs\u0259n \u00f6z \u00e7\u0131x\u0131\u015f\u0131m bar\u0259d\u0259 dan\u0131\u015f\u0131m. \u00bc finalda qab\u0131r\u011fam z\u0259d\u0259l\u0259ndi. Yar\u0131mfinalda el\u0259 g\u00fcl\u0259\u015fdim. \u00dc\u00e7\u00fcnc\u00fc yer u\u011frunda da a\u011fr\u0131larla m\u00fcbariz\u0259 apard\u0131m. Halbuki yar\u0131\u015fa yollananda yax\u015f\u0131 formada idim. \u0130lk g\u00f6r\u00fc\u015f\u00fcmd\u0259 d\u00fcnya \u00e7empionunu s\u0131radan \u00e7\u0131xarm\u0131\u015fd\u0131m.<\/p>\n<p>M\u0259qs\u0259dimiz D\u00fcnya Kubokunda g\u00f6z\u0259l n\u0259tic\u0259, q\u0131z\u0131l medal qazanmaq deyildi. Biz ilk olaraq, \u00f6z formam\u0131z\u0131 g\u00f6rm\u0259k ist\u0259yirdik. H\u0259m d\u0259 D\u00fcnya Kuboku s\u0131radan bir yar\u0131\u015fd\u0131r. M\u0259qs\u0259d \u00f6z\u00fcm\u00fcz\u00fc d\u00f6\u015f\u0259k \u00fcz\u0259rind\u0259 g\u00f6rm\u0259k idi. \u018fsas h\u0259d\u0259fimiz Avropa v\u0259 d\u00fcnya \u00e7empionat\u0131, olimpiadad\u0131r.<\/p>\n<p><strong>&#8211; Karyeran\u0131z\u0131 n\u0259 vaxtad\u0259k davam etdirm\u0259k ist\u0259yirsiniz?<\/strong><\/p>\n<p>&#8211; Tam olaraq he\u00e7 n\u0259 bilmir\u0259m. Amma qism\u0259t olsa, olimpiadada q\u0131z\u0131l medal qazansam, b\u0259lk\u0259 idman\u0131 ataram. Olimpiya \u00e7empionlu\u011fundan sonra idman\u0131 dayand\u0131ra bil\u0259r\u0259m. Apreld\u0259 30 ya\u015f\u0131m olacaq. D\u00fc\u015f\u00fcn\u00fcr\u0259m ki, ya\u015f\u0131m da b\u00f6y\u00fck idman \u00fc\u00e7\u00fcn \u00e7oxdur. D\u00fcnyada 21, 22 v\u0259 25 ya\u015fda istedadl\u0131, g\u0259nc idman\u00e7\u0131lar yeti\u015fir. Onlar\u0131n enerjil\u0259rinin, g\u00fccl\u0259rinin qar\u015f\u0131s\u0131nda dayanmaq \u00e7\u0259tin m\u0259s\u0259l\u0259dir. Olimpiya \u00e7empionu olsam, idman\u0131 qalib kimi buraxa bil\u0259r\u0259m.<\/p>\n","protected":false},"excerpt":{"rendered":"<p>Az\u0259rbaycan\u0131n s\u0259rb\u0259st g\u00fcl\u0259\u015f \u00fczr\u0259 milli komandas\u0131n\u0131n kapitan\u0131, \u00fc\u00e7\u00a0qat d\u00fcnya v\u0259 \u00fc\u00e7\u00a0qat Avropa \u00e7empionu Hac\u0131 \u018fliyevin \u201cReport\u201da m\u00fcsahib\u0259si. &#8211; 2020-ci ili nec\u0259 d\u0259y\u0259rl\u0259ndirirsiniz? &#8211; \u0130lin \u0259vv\u0259ll\u0259ri n\u0259 Az\u0259rbaycan \u00fc\u00e7\u00fcn, n\u0259 d\u0259 d\u00fcnya \u00fc\u00e7\u00fcn u\u011furlu oldu. \u00c7\u00fcnki pandemiya il\u0259 \u0259laq\u0259dar b\u00fct\u00fcn d\u00fcnya v\u0259 \u00f6lk\u0259miz \u0259ziyy\u0259t \u00e7\u0259kdi. \u0130lin \u0259vv\u0259lind\u0259 g\u00fcl\u0259\u015f \u00fczr\u0259 Avropa \u00e7empionat\u0131 ke\u00e7irildi. H\u0259min yar\u0131\u015fda i\u015ftirak etm\u0259dim ki, Tokio Yay Olimpiya Oyunlar\u0131na lisenziya xarakterli Avropa v\u0259 ya D\u00fcnya T\u0259snifat Turnirin\u0259 qat\u0131l\u0131m. Martda lisenziya yar\u0131\u015flar\u0131 ke\u00e7irilm\u0259li idi, pandemiyaya g\u00f6r\u0259 t\u0259xir\u0259 sal\u0131nd\u0131. Bu q\u0259rarlar bizim \u00fc\u00e7\u00fcn he\u00e7 d\u0259 yax\u015f\u0131 olmad\u0131. \u00c7\u00fcnki h\u0259m lisenziya yar\u0131\u015flar\u0131na,&hellip;<\/p>\n","protected":false},"author":2,"featured_media":264357,"comment_status":"closed","ping_status":"closed","sticky":false,"template":"","format":"standard","meta":{"om_disable_all_campaigns":false,"_monsterinsights_skip_tracking":false,"_monsterinsights_sitenote_active":false,"_monsterinsights_sitenote_note":"","_monsterinsights_sitenote_category":0},"categories":[10],"tags":[],"aioseo_notices":[],"gutentor_comment":0,"rttpg_featured_image_url":{"full":["https:\/\/arantv.az\/wp-content\/uploads\/2021\/01\/haci.jpg",620,387,false],"landscape":["https:\/\/arantv.az\/wp-content\/uploads\/2021\/01\/haci.jpg",620,387,false],"portraits":["https:\/\/arantv.az\/wp-content\/uploads\/2021\/01\/haci.jpg",620,387,false],"thumbnail":["https:\/\/arantv.az\/wp-content\/uploads\/2021\/01\/haci-150x150.jpg",150,150,true],"medium":["https:\/\/arantv.az\/wp-content\/uploads\/2021\/01\/haci-300x187.jpg",300,187,true],"large":["https:\/\/arantv.az\/wp-content\/uploads\/2021\/01\/haci.jpg",620,387,false],"1536x1536":["https:\/\/arantv.az\/wp-content\/uploads\/2021\/01\/haci.jpg",620,387,false],"2048x2048":["https:\/\/arantv.az\/wp-content\/uploads\/2021\/01\/haci.jpg",620,387,false],"post-thumbnail":["https:\/\/arantv.az\/wp-content\/uploads\/2021\/01\/haci-240x172.jpg",240,172,true],"advps-thumb-one":["https:\/\/arantv.az\/wp-content\/uploads\/2021\/01\/haci.jpg",620,387,false]},"rttpg_author":{"display_name":"V\u00fcsal Rafiqo\u011flu","author_link":"https:\/\/arantv.az\/?author=2"},"rttpg_comment":0,"rttpg_category":"<a href=\"https:\/\/arantv.az\/?cat=10\" rel=\"category\">C\u0259bh\u0259d\u0259n X\u0259b\u0259r<\/a>","rttpg_excerpt":"Az\u0259rbaycan\u0131n s\u0259rb\u0259st g\u00fcl\u0259\u015f \u00fczr\u0259 milli komandas\u0131n\u0131n kapitan\u0131, \u00fc\u00e7\u00a0qat d\u00fcnya v\u0259 \u00fc\u00e7\u00a0qat Avropa \u00e7empionu Hac\u0131 \u018fliyevin \u201cReport\u201da m\u00fcsahib\u0259si. &#8211; 2020-ci ili nec\u0259 d\u0259y\u0259rl\u0259ndirirsiniz? &#8211; \u0130lin \u0259vv\u0259ll\u0259ri n\u0259 Az\u0259rbaycan \u00fc\u00e7\u00fcn, n\u0259 d\u0259 d\u00fcnya \u00fc\u00e7\u00fcn u\u011furlu oldu. \u00c7\u00fcnki pandemiya il\u0259 \u0259laq\u0259dar b\u00fct\u00fcn d\u00fcnya v\u0259 \u00f6lk\u0259miz \u0259ziyy\u0259t \u00e7\u0259kdi. \u0130lin \u0259vv\u0259lind\u0259 g\u00fcl\u0259\u015f \u00fczr\u0259 Avropa \u00e7empionat\u0131 ke\u00e7irildi. H\u0259min yar\u0131\u015fda i\u015ftirak etm\u0259dim&hellip;","_links":{"self":[{"href":"https:\/\/arantv.az\/index.php?rest_route=\/wp\/v2\/posts\/264356"}],"collection":[{"href":"https:\/\/arantv.az\/index.php?rest_route=\/wp\/v2\/posts"}],"about":[{"href":"https:\/\/arantv.az\/index.php?rest_route=\/wp\/v2\/types\/post"}],"author":[{"embeddable":true,"href":"https:\/\/arantv.az\/index.php?rest_route=\/wp\/v2\/users\/2"}],"replies":[{"embeddable":true,"href":"https:\/\/arantv.az\/index.php?rest_route=%2Fwp%2Fv2%2Fcomments&post=264356"}],"version-history":[{"count":0,"href":"https:\/\/arantv.az\/index.php?rest_route=\/wp\/v2\/posts\/264356\/revisions"}],"wp:featuredmedia":[{"embeddable":true,"href":"https:\/\/arantv.az\/index.php?rest_route=\/wp\/v2\/media\/264357"}],"wp:attachment":[{"href":"https:\/\/arantv.az\/index.php?rest_route=%2Fwp%2Fv2%2Fmedia&parent=264356"}],"wp:term":[{"taxonomy":"category","embeddable":true,"href":"https:\/\/arantv.az\/index.php?rest_route=%2Fwp%2Fv2%2Fcategories&post=264356"},{"taxonomy":"post_tag","embeddable":true,"href":"https:\/\/arantv.az\/index.php?rest_route=%2Fwp%2Fv2%2Ftags&post=264356"}],"curies":[{"name":"wp","href":"https:\/\/api.w.org\/{rel}","templated":true}]}}