{"id":264360,"date":"2021-01-02T10:45:31","date_gmt":"2021-01-02T07:45:31","guid":{"rendered":"http:\/\/arantv.az\/?p=264360"},"modified":"2021-01-02T10:45:31","modified_gmt":"2021-01-02T07:45:31","slug":"bir-milyard-kubmetrd%c9%99n-cox-az%c9%99rbaycan-qazi-bolqaristana-n%c9%99ql-olunur","status":"publish","type":"post","link":"https:\/\/arantv.az\/?p=264360","title":{"rendered":"Bir milyard kubmetrd\u0259n \u00e7ox Az\u0259rbaycan qaz\u0131 Bolqar\u0131stana n\u0259ql olunur"},"content":{"rendered":"<p>Bir milyard kubmetrd\u0259n \u00e7ox Az\u0259rbaycan qaz\u0131 art\u0131q Bolqar\u0131stan \u0259razisin\u0259 ax\u0131r.<\/p>\n<p><strong>ARANTV.AZ<\/strong>-\u0131n m\u0259lumat\u0131na g\u00f6r\u0259, bu bar\u0259d\u0259 Bolqar\u0131stan\u0131n Ba\u015f naziri Boyko Borisov\u00a0\u201cPetrik\u201d\u00a0kompressor stansiyas\u0131na ziyar\u0259ti zaman\u0131 m\u0259tbuata a\u00e7\u0131qlamas\u0131nda deyib.<\/p>\n<p>O bildirib ki, Bolqar\u0131stan art\u0131q Az\u0259rbaycan qaz\u0131n\u0131n al\u0131\u015f\u0131na ba\u015flay\u0131b.<\/p>\n<div id=\"AdviadNativeVideo0\" class=\"AdviadNativeVideo\"><\/div>\n<p>Ba\u015f nazirin s\u00f6zl\u0259rin\u0259 g\u00f6r\u0259, \u201cPetrik\u201d\u00a0kompressor stansiyas\u0131 vasit\u0259sil\u0259 Az\u0259rbaycandan bir milyard kubmetrd\u0259n \u00e7ox t\u0259bii qaz art\u0131q Bolqar\u0131stana n\u0259ql olunur.<\/p>\n<p>B.Borisov \u0259lav\u0259 edib ki, bununla da g\u0259l\u0259c\u0259kd\u0259 Bolqar\u0131stan\u0131n qaz t\u0259dar\u00fck\u00fc il\u0259 ba\u011fl\u0131 probleml\u0259ri yaranmayacaq.<\/p>\n<p>El\u0259c\u0259 d\u0259, Az\u0259rbaycan qaz\u0131n\u0131n \u00f6lk\u0259y\u0259 n\u0259ql edilm\u0259si il\u0259 birg\u0259 Sofiyada t\u0259bii qaz \u015fax\u0259l\u0259ndirilm\u0259sin\u0259 nail olunacaq v\u0259 bununla da yanvar ay\u0131 \u00fczr\u0259 Bolqar\u0131standa t\u0259bii qaz qiym\u0259tl\u0259rind\u0259 endirim t\u0259tbiq edilm\u0259si \u00fc\u00e7\u00fcn m\u00fcvafiq quruma t\u0259l\u0259b g\u00f6nd\u0259ril\u0259c\u0259k.<\/p>\n","protected":false},"excerpt":{"rendered":"<p>Bir milyard kubmetrd\u0259n \u00e7ox Az\u0259rbaycan qaz\u0131 art\u0131q Bolqar\u0131stan \u0259razisin\u0259 ax\u0131r. ARANTV.AZ-\u0131n m\u0259lumat\u0131na g\u00f6r\u0259, bu bar\u0259d\u0259 Bolqar\u0131stan\u0131n Ba\u015f naziri Boyko Borisov\u00a0\u201cPetrik\u201d\u00a0kompressor stansiyas\u0131na ziyar\u0259ti zaman\u0131 m\u0259tbuata a\u00e7\u0131qlamas\u0131nda deyib. O bildirib ki, Bolqar\u0131stan art\u0131q Az\u0259rbaycan qaz\u0131n\u0131n al\u0131\u015f\u0131na ba\u015flay\u0131b. Ba\u015f nazirin s\u00f6zl\u0259rin\u0259 g\u00f6r\u0259, \u201cPetrik\u201d\u00a0kompressor stansiyas\u0131 vasit\u0259sil\u0259 Az\u0259rbaycandan bir milyard kubmetrd\u0259n \u00e7ox t\u0259bii qaz art\u0131q Bolqar\u0131stana n\u0259ql olunur. B.Borisov \u0259lav\u0259 edib ki, bununla da g\u0259l\u0259c\u0259kd\u0259 Bolqar\u0131stan\u0131n qaz t\u0259dar\u00fck\u00fc il\u0259 ba\u011fl\u0131 probleml\u0259ri yaranmayacaq. El\u0259c\u0259 d\u0259, Az\u0259rbaycan qaz\u0131n\u0131n \u00f6lk\u0259y\u0259 n\u0259ql edilm\u0259si il\u0259 birg\u0259 Sofiyada t\u0259bii qaz \u015fax\u0259l\u0259ndirilm\u0259sin\u0259 nail olunacaq v\u0259 bununla da yanvar ay\u0131 \u00fczr\u0259 Bolqar\u0131standa t\u0259bii&hellip;<\/p>\n","protected":false},"author":2,"featured_media":264361,"comment_status":"closed","ping_status":"closed","sticky":false,"template":"","format":"standard","meta":{"om_disable_all_campaigns":false,"_monsterinsights_skip_tracking":false,"_monsterinsights_sitenote_active":false,"_monsterinsights_sitenote_note":"","_monsterinsights_sitenote_category":0},"categories":[19],"tags":[],"aioseo_notices":[],"gutentor_comment":0,"rttpg_featured_image_url":{"full":["https:\/\/arantv.az\/wp-content\/uploads\/2021\/01\/modern.az_qaz_neqli_457.jpg",620,465,false],"landscape":["https:\/\/arantv.az\/wp-content\/uploads\/2021\/01\/modern.az_qaz_neqli_457.jpg",620,465,false],"portraits":["https:\/\/arantv.az\/wp-content\/uploads\/2021\/01\/modern.az_qaz_neqli_457.jpg",620,465,false],"thumbnail":["https:\/\/arantv.az\/wp-content\/uploads\/2021\/01\/modern.az_qaz_neqli_457-150x150.jpg",150,150,true],"medium":["https:\/\/arantv.az\/wp-content\/uploads\/2021\/01\/modern.az_qaz_neqli_457-300x225.jpg",300,225,true],"large":["https:\/\/arantv.az\/wp-content\/uploads\/2021\/01\/modern.az_qaz_neqli_457.jpg",620,465,false],"1536x1536":["https:\/\/arantv.az\/wp-content\/uploads\/2021\/01\/modern.az_qaz_neqli_457.jpg",620,465,false],"2048x2048":["https:\/\/arantv.az\/wp-content\/uploads\/2021\/01\/modern.az_qaz_neqli_457.jpg",620,465,false],"post-thumbnail":["https:\/\/arantv.az\/wp-content\/uploads\/2021\/01\/modern.az_qaz_neqli_457-240x172.jpg",240,172,true],"advps-thumb-one":["https:\/\/arantv.az\/wp-content\/uploads\/2021\/01\/modern.az_qaz_neqli_457.jpg",620,465,false]},"rttpg_author":{"display_name":"V\u00fcsal Rafiqo\u011flu","author_link":"https:\/\/arantv.az\/?author=2"},"rttpg_comment":0,"rttpg_category":"<a href=\"https:\/\/arantv.az\/?cat=19\" rel=\"category\">G\u00fcnd\u0259m<\/a>","rttpg_excerpt":"Bir milyard kubmetrd\u0259n \u00e7ox Az\u0259rbaycan qaz\u0131 art\u0131q Bolqar\u0131stan \u0259razisin\u0259 ax\u0131r. ARANTV.AZ-\u0131n m\u0259lumat\u0131na g\u00f6r\u0259, bu bar\u0259d\u0259 Bolqar\u0131stan\u0131n Ba\u015f naziri Boyko Borisov\u00a0\u201cPetrik\u201d\u00a0kompressor stansiyas\u0131na ziyar\u0259ti zaman\u0131 m\u0259tbuata a\u00e7\u0131qlamas\u0131nda deyib. O bildirib ki, Bolqar\u0131stan art\u0131q Az\u0259rbaycan qaz\u0131n\u0131n al\u0131\u015f\u0131na ba\u015flay\u0131b. Ba\u015f nazirin s\u00f6zl\u0259rin\u0259 g\u00f6r\u0259, \u201cPetrik\u201d\u00a0kompressor stansiyas\u0131 vasit\u0259sil\u0259 Az\u0259rbaycandan bir milyard kubmetrd\u0259n \u00e7ox t\u0259bii qaz art\u0131q Bolqar\u0131stana n\u0259ql olunur. B.Borisov \u0259lav\u0259&hellip;","_links":{"self":[{"href":"https:\/\/arantv.az\/index.php?rest_route=\/wp\/v2\/posts\/264360"}],"collection":[{"href":"https:\/\/arantv.az\/index.php?rest_route=\/wp\/v2\/posts"}],"about":[{"href":"https:\/\/arantv.az\/index.php?rest_route=\/wp\/v2\/types\/post"}],"author":[{"embeddable":true,"href":"https:\/\/arantv.az\/index.php?rest_route=\/wp\/v2\/users\/2"}],"replies":[{"embeddable":true,"href":"https:\/\/arantv.az\/index.php?rest_route=%2Fwp%2Fv2%2Fcomments&post=264360"}],"version-history":[{"count":0,"href":"https:\/\/arantv.az\/index.php?rest_route=\/wp\/v2\/posts\/264360\/revisions"}],"wp:featuredmedia":[{"embeddable":true,"href":"https:\/\/arantv.az\/index.php?rest_route=\/wp\/v2\/media\/264361"}],"wp:attachment":[{"href":"https:\/\/arantv.az\/index.php?rest_route=%2Fwp%2Fv2%2Fmedia&parent=264360"}],"wp:term":[{"taxonomy":"category","embeddable":true,"href":"https:\/\/arantv.az\/index.php?rest_route=%2Fwp%2Fv2%2Fcategories&post=264360"},{"taxonomy":"post_tag","embeddable":true,"href":"https:\/\/arantv.az\/index.php?rest_route=%2Fwp%2Fv2%2Ftags&post=264360"}],"curies":[{"name":"wp","href":"https:\/\/api.w.org\/{rel}","templated":true}]}}