{"id":264364,"date":"2021-01-02T10:45:58","date_gmt":"2021-01-02T07:45:58","guid":{"rendered":"http:\/\/arantv.az\/?p=264364"},"modified":"2021-01-02T10:45:58","modified_gmt":"2021-01-02T07:45:58","slug":"%c9%99fqanistanda-polisl%c9%99r-pusquya-dusdu-ol%c9%99nl%c9%99r-v%c9%99-yaralananlar-var","status":"publish","type":"post","link":"https:\/\/arantv.az\/?p=264364","title":{"rendered":"\u018ffqan\u0131standa polisl\u0259r pusquya d\u00fc\u015fd\u00fc: \u00d6l\u0259nl\u0259r v\u0259 yaralananlar var"},"content":{"rendered":"<p>\u018ffqan\u0131stan\u0131n \u015f\u0259rqind\u0259ki Nanqarhar \u0259yal\u0259tind\u0259 radikal \u201cTaliban\u201d silahl\u0131lar\u0131n\u0131n h\u00fccumu n\u0259tic\u0259sind\u0259 az\u0131 alt\u0131 polis \u0259m\u0259kda\u015f\u0131 \u00f6ld\u00fcr\u00fcl\u00fcb.<\/p>\n<p>Bu bar\u0259d\u0259 \u201cR\u0130A Novosti\u201d yerli m\u0259nb\u0259y\u0259 istinadla bildirib.<\/p>\n<div id=\"AdviadNativeVideo0\" class=\"AdviadNativeVideo\"><\/div>\n<p>M\u0259lumata g\u00f6r\u0259, yerli polis q\u00fcvv\u0259l\u0259ri Batikot dair\u0259sind\u0259 talibl\u0259r t\u0259r\u0259find\u0259n pusquya sal\u0131n\u0131b.<\/p>\n<p>N\u0259tic\u0259d\u0259, komandir d\u0259 daxil olmaqla, alt\u0131 polis zabiti h\u0259lak olub, d\u00f6rd\u00fc is\u0259 yaralan\u0131b.<\/p>\n","protected":false},"excerpt":{"rendered":"<p>\u018ffqan\u0131stan\u0131n \u015f\u0259rqind\u0259ki Nanqarhar \u0259yal\u0259tind\u0259 radikal \u201cTaliban\u201d silahl\u0131lar\u0131n\u0131n h\u00fccumu n\u0259tic\u0259sind\u0259 az\u0131 alt\u0131 polis \u0259m\u0259kda\u015f\u0131 \u00f6ld\u00fcr\u00fcl\u00fcb. Bu bar\u0259d\u0259 \u201cR\u0130A Novosti\u201d yerli m\u0259nb\u0259y\u0259 istinadla bildirib. M\u0259lumata g\u00f6r\u0259, yerli polis q\u00fcvv\u0259l\u0259ri Batikot dair\u0259sind\u0259 talibl\u0259r t\u0259r\u0259find\u0259n pusquya sal\u0131n\u0131b. N\u0259tic\u0259d\u0259, komandir d\u0259 daxil olmaqla, alt\u0131 polis zabiti h\u0259lak olub, d\u00f6rd\u00fc is\u0259 yaralan\u0131b.<\/p>\n","protected":false},"author":2,"featured_media":264365,"comment_status":"closed","ping_status":"closed","sticky":false,"template":"","format":"standard","meta":{"om_disable_all_campaigns":false,"_monsterinsights_skip_tracking":false,"_monsterinsights_sitenote_active":false,"_monsterinsights_sitenote_note":"","_monsterinsights_sitenote_category":0},"categories":[7],"tags":[],"aioseo_notices":[],"gutentor_comment":0,"rttpg_featured_image_url":{"full":["https:\/\/arantv.az\/wp-content\/uploads\/2021\/01\/d68e3e2a4669af37f678.jpg",620,414,false],"landscape":["https:\/\/arantv.az\/wp-content\/uploads\/2021\/01\/d68e3e2a4669af37f678.jpg",620,414,false],"portraits":["https:\/\/arantv.az\/wp-content\/uploads\/2021\/01\/d68e3e2a4669af37f678.jpg",620,414,false],"thumbnail":["https:\/\/arantv.az\/wp-content\/uploads\/2021\/01\/d68e3e2a4669af37f678-150x150.jpg",150,150,true],"medium":["https:\/\/arantv.az\/wp-content\/uploads\/2021\/01\/d68e3e2a4669af37f678-300x200.jpg",300,200,true],"large":["https:\/\/arantv.az\/wp-content\/uploads\/2021\/01\/d68e3e2a4669af37f678.jpg",620,414,false],"1536x1536":["https:\/\/arantv.az\/wp-content\/uploads\/2021\/01\/d68e3e2a4669af37f678.jpg",620,414,false],"2048x2048":["https:\/\/arantv.az\/wp-content\/uploads\/2021\/01\/d68e3e2a4669af37f678.jpg",620,414,false],"post-thumbnail":["https:\/\/arantv.az\/wp-content\/uploads\/2021\/01\/d68e3e2a4669af37f678-240x172.jpg",240,172,true],"advps-thumb-one":["https:\/\/arantv.az\/wp-content\/uploads\/2021\/01\/d68e3e2a4669af37f678.jpg",620,414,false]},"rttpg_author":{"display_name":"V\u00fcsal Rafiqo\u011flu","author_link":"https:\/\/arantv.az\/?author=2"},"rttpg_comment":0,"rttpg_category":"<a href=\"https:\/\/arantv.az\/?cat=7\" rel=\"category\">D\u00fcnya<\/a>","rttpg_excerpt":"\u018ffqan\u0131stan\u0131n \u015f\u0259rqind\u0259ki Nanqarhar \u0259yal\u0259tind\u0259 radikal \u201cTaliban\u201d silahl\u0131lar\u0131n\u0131n h\u00fccumu n\u0259tic\u0259sind\u0259 az\u0131 alt\u0131 polis \u0259m\u0259kda\u015f\u0131 \u00f6ld\u00fcr\u00fcl\u00fcb. Bu bar\u0259d\u0259 \u201cR\u0130A Novosti\u201d yerli m\u0259nb\u0259y\u0259 istinadla bildirib. M\u0259lumata g\u00f6r\u0259, yerli polis q\u00fcvv\u0259l\u0259ri Batikot dair\u0259sind\u0259 talibl\u0259r t\u0259r\u0259find\u0259n pusquya sal\u0131n\u0131b. N\u0259tic\u0259d\u0259, komandir d\u0259 daxil olmaqla, alt\u0131 polis zabiti h\u0259lak olub, d\u00f6rd\u00fc is\u0259 yaralan\u0131b.","_links":{"self":[{"href":"https:\/\/arantv.az\/index.php?rest_route=\/wp\/v2\/posts\/264364"}],"collection":[{"href":"https:\/\/arantv.az\/index.php?rest_route=\/wp\/v2\/posts"}],"about":[{"href":"https:\/\/arantv.az\/index.php?rest_route=\/wp\/v2\/types\/post"}],"author":[{"embeddable":true,"href":"https:\/\/arantv.az\/index.php?rest_route=\/wp\/v2\/users\/2"}],"replies":[{"embeddable":true,"href":"https:\/\/arantv.az\/index.php?rest_route=%2Fwp%2Fv2%2Fcomments&post=264364"}],"version-history":[{"count":0,"href":"https:\/\/arantv.az\/index.php?rest_route=\/wp\/v2\/posts\/264364\/revisions"}],"wp:featuredmedia":[{"embeddable":true,"href":"https:\/\/arantv.az\/index.php?rest_route=\/wp\/v2\/media\/264365"}],"wp:attachment":[{"href":"https:\/\/arantv.az\/index.php?rest_route=%2Fwp%2Fv2%2Fmedia&parent=264364"}],"wp:term":[{"taxonomy":"category","embeddable":true,"href":"https:\/\/arantv.az\/index.php?rest_route=%2Fwp%2Fv2%2Fcategories&post=264364"},{"taxonomy":"post_tag","embeddable":true,"href":"https:\/\/arantv.az\/index.php?rest_route=%2Fwp%2Fv2%2Ftags&post=264364"}],"curies":[{"name":"wp","href":"https:\/\/api.w.org\/{rel}","templated":true}]}}