{"id":264380,"date":"2021-01-02T10:52:23","date_gmt":"2021-01-02T07:52:23","guid":{"rendered":"http:\/\/arantv.az\/?p=264380"},"modified":"2021-01-02T10:52:23","modified_gmt":"2021-01-02T07:52:23","slug":"bu-olk%c9%99d%c9%99-olum-hokmu-r%c9%99sm%c9%99n-l%c9%99gv-edildi","status":"publish","type":"post","link":"https:\/\/arantv.az\/?p=264380","title":{"rendered":"Bu \u00f6lk\u0259d\u0259 \u00f6l\u00fcm h\u00f6km\u00fc r\u0259sm\u0259n l\u0259\u011fv edildi"},"content":{"rendered":"<p>Qazax\u0131stan Prezidenti Kas\u0131m-Jomart Tokayev \u00f6lk\u0259d\u0259 \u00f6l\u00fcm h\u00f6km\u00fcn\u00fcn l\u0259\u011fv edilm\u0259sin\u0259 y\u00f6n\u0259lmi\u015f BMT-nin M\u00fclki v\u0259 siyasi h\u00fcquqlara dair Beyn\u0259lxalq Pakt\u0131n\u0131n ikinci fakultativ protokolunun t\u0259sdiq edilm\u0259si haqq\u0131nda qanunu imzalay\u0131b.<\/p>\n<p><strong>ARANTV.AZ<\/strong>\u00a0 x\u0259b\u0259r verir ki, bu bar\u0259d\u0259 Prezidentin m\u0259tbuat xidm\u0259ti m\u0259lumat yay\u0131b.<\/p>\n<p>Qazax\u0131stan protokolu 2020-ci ilin sentyabr\u0131nda imzalay\u0131b. Bu, beyn\u0259lxalq s\u0259n\u0259d\u0259 \u0259sas\u0259n, protokolu imzalayan \u00f6lk\u0259l\u0259r \u00f6l\u00fcm h\u00f6km\u00fcn\u00fc t\u0259tbiq etm\u0259m\u0259k v\u0259 \u00f6z yuridiksiyas\u0131 daxilind\u0259 onun l\u0259\u011fvi \u00fc\u00e7\u00fcn b\u00fct\u00fcn laz\u0131mi t\u0259dbirl\u0259ri g\u00f6rm\u0259k kimi \u00f6hd\u0259likl\u0259r g\u00f6t\u00fcr\u00fcr.<\/p>\n<p>Qazax\u0131stan\u0131n Xarici \u0130\u015fl\u0259r naziri Muxtar Tleuberdi daha \u0259vv\u0259l bildirib ki, s\u0259n\u0259dd\u0259 yaln\u0131z bir istisnaya &#8211; m\u00fcharib\u0259 d\u00f6vr\u00fcnd\u0259 edam c\u0259zas\u0131n\u0131n t\u0259tbiqin\u0259 icaz\u0259 verilir. Onun s\u00f6zl\u0259rin\u0259 g\u00f6r\u0259, Qazax\u0131stan bu b\u0259ndd\u0259n istifad\u0259 etm\u0259k niyy\u0259tind\u0259dir.<\/p>\n<p>Haz\u0131rda respublikada edam c\u0259zas\u0131na moratorium qoyulub. 17 dekabr 2003-c\u00fc ild\u0259 Qazax\u0131stan\u0131n ilk Prezidenti Nursultan Nazarbayev \u00f6l\u00fcm h\u00f6km\u00fcn\u00fcn l\u0259\u011fvi bar\u0259d\u0259 q\u0259rar \u00e7\u0131xana q\u0259d\u0259r c\u0259zalar\u0131n icras\u0131na m\u00fcdd\u0259tsiz moratorium t\u0259tbiq olundu\u011funu elan edib. F\u0259rman 1 yanvar 2004-c\u00fc ild\u0259 q\u00fcvv\u0259y\u0259 minib.Azvision.az<\/p>\n","protected":false},"excerpt":{"rendered":"<p>Qazax\u0131stan Prezidenti Kas\u0131m-Jomart Tokayev \u00f6lk\u0259d\u0259 \u00f6l\u00fcm h\u00f6km\u00fcn\u00fcn l\u0259\u011fv edilm\u0259sin\u0259 y\u00f6n\u0259lmi\u015f BMT-nin M\u00fclki v\u0259 siyasi h\u00fcquqlara dair Beyn\u0259lxalq Pakt\u0131n\u0131n ikinci fakultativ protokolunun t\u0259sdiq edilm\u0259si haqq\u0131nda qanunu imzalay\u0131b. ARANTV.AZ\u00a0 x\u0259b\u0259r verir ki, bu bar\u0259d\u0259 Prezidentin m\u0259tbuat xidm\u0259ti m\u0259lumat yay\u0131b. Qazax\u0131stan protokolu 2020-ci ilin sentyabr\u0131nda imzalay\u0131b. Bu, beyn\u0259lxalq s\u0259n\u0259d\u0259 \u0259sas\u0259n, protokolu imzalayan \u00f6lk\u0259l\u0259r \u00f6l\u00fcm h\u00f6km\u00fcn\u00fc t\u0259tbiq etm\u0259m\u0259k v\u0259 \u00f6z yuridiksiyas\u0131 daxilind\u0259 onun l\u0259\u011fvi \u00fc\u00e7\u00fcn b\u00fct\u00fcn laz\u0131mi t\u0259dbirl\u0259ri g\u00f6rm\u0259k kimi \u00f6hd\u0259likl\u0259r g\u00f6t\u00fcr\u00fcr. Qazax\u0131stan\u0131n Xarici \u0130\u015fl\u0259r naziri Muxtar Tleuberdi daha \u0259vv\u0259l bildirib ki, s\u0259n\u0259dd\u0259 yaln\u0131z bir istisnaya &#8211; m\u00fcharib\u0259 d\u00f6vr\u00fcnd\u0259 edam c\u0259zas\u0131n\u0131n t\u0259tbiqin\u0259 icaz\u0259 verilir.&hellip;<\/p>\n","protected":false},"author":2,"featured_media":264381,"comment_status":"closed","ping_status":"closed","sticky":false,"template":"","format":"standard","meta":{"om_disable_all_campaigns":false,"_monsterinsights_skip_tracking":false,"_monsterinsights_sitenote_active":false,"_monsterinsights_sitenote_note":"","_monsterinsights_sitenote_category":0},"categories":[7],"tags":[],"aioseo_notices":[],"gutentor_comment":0,"rttpg_featured_image_url":{"full":["https:\/\/arantv.az\/wp-content\/uploads\/2021\/01\/32834780160957155159114718010494606.jpg",975,540,false],"landscape":["https:\/\/arantv.az\/wp-content\/uploads\/2021\/01\/32834780160957155159114718010494606.jpg",975,540,false],"portraits":["https:\/\/arantv.az\/wp-content\/uploads\/2021\/01\/32834780160957155159114718010494606.jpg",975,540,false],"thumbnail":["https:\/\/arantv.az\/wp-content\/uploads\/2021\/01\/32834780160957155159114718010494606-150x150.jpg",150,150,true],"medium":["https:\/\/arantv.az\/wp-content\/uploads\/2021\/01\/32834780160957155159114718010494606-300x166.jpg",300,166,true],"large":["https:\/\/arantv.az\/wp-content\/uploads\/2021\/01\/32834780160957155159114718010494606.jpg",640,354,false],"1536x1536":["https:\/\/arantv.az\/wp-content\/uploads\/2021\/01\/32834780160957155159114718010494606.jpg",975,540,false],"2048x2048":["https:\/\/arantv.az\/wp-content\/uploads\/2021\/01\/32834780160957155159114718010494606.jpg",975,540,false],"post-thumbnail":["https:\/\/arantv.az\/wp-content\/uploads\/2021\/01\/32834780160957155159114718010494606-240x172.jpg",240,172,true],"advps-thumb-one":["https:\/\/arantv.az\/wp-content\/uploads\/2021\/01\/32834780160957155159114718010494606.jpg",975,540,false]},"rttpg_author":{"display_name":"V\u00fcsal Rafiqo\u011flu","author_link":"https:\/\/arantv.az\/?author=2"},"rttpg_comment":0,"rttpg_category":"<a href=\"https:\/\/arantv.az\/?cat=7\" rel=\"category\">D\u00fcnya<\/a>","rttpg_excerpt":"Qazax\u0131stan Prezidenti Kas\u0131m-Jomart Tokayev \u00f6lk\u0259d\u0259 \u00f6l\u00fcm h\u00f6km\u00fcn\u00fcn l\u0259\u011fv edilm\u0259sin\u0259 y\u00f6n\u0259lmi\u015f BMT-nin M\u00fclki v\u0259 siyasi h\u00fcquqlara dair Beyn\u0259lxalq Pakt\u0131n\u0131n ikinci fakultativ protokolunun t\u0259sdiq edilm\u0259si haqq\u0131nda qanunu imzalay\u0131b. ARANTV.AZ\u00a0 x\u0259b\u0259r verir ki, bu bar\u0259d\u0259 Prezidentin m\u0259tbuat xidm\u0259ti m\u0259lumat yay\u0131b. Qazax\u0131stan protokolu 2020-ci ilin sentyabr\u0131nda imzalay\u0131b. Bu, beyn\u0259lxalq s\u0259n\u0259d\u0259 \u0259sas\u0259n, protokolu imzalayan \u00f6lk\u0259l\u0259r \u00f6l\u00fcm h\u00f6km\u00fcn\u00fc t\u0259tbiq etm\u0259m\u0259k v\u0259&hellip;","_links":{"self":[{"href":"https:\/\/arantv.az\/index.php?rest_route=\/wp\/v2\/posts\/264380"}],"collection":[{"href":"https:\/\/arantv.az\/index.php?rest_route=\/wp\/v2\/posts"}],"about":[{"href":"https:\/\/arantv.az\/index.php?rest_route=\/wp\/v2\/types\/post"}],"author":[{"embeddable":true,"href":"https:\/\/arantv.az\/index.php?rest_route=\/wp\/v2\/users\/2"}],"replies":[{"embeddable":true,"href":"https:\/\/arantv.az\/index.php?rest_route=%2Fwp%2Fv2%2Fcomments&post=264380"}],"version-history":[{"count":0,"href":"https:\/\/arantv.az\/index.php?rest_route=\/wp\/v2\/posts\/264380\/revisions"}],"wp:featuredmedia":[{"embeddable":true,"href":"https:\/\/arantv.az\/index.php?rest_route=\/wp\/v2\/media\/264381"}],"wp:attachment":[{"href":"https:\/\/arantv.az\/index.php?rest_route=%2Fwp%2Fv2%2Fmedia&parent=264380"}],"wp:term":[{"taxonomy":"category","embeddable":true,"href":"https:\/\/arantv.az\/index.php?rest_route=%2Fwp%2Fv2%2Fcategories&post=264380"},{"taxonomy":"post_tag","embeddable":true,"href":"https:\/\/arantv.az\/index.php?rest_route=%2Fwp%2Fv2%2Ftags&post=264380"}],"curies":[{"name":"wp","href":"https:\/\/api.w.org\/{rel}","templated":true}]}}