{"id":264384,"date":"2021-01-02T10:53:10","date_gmt":"2021-01-02T07:53:10","guid":{"rendered":"http:\/\/arantv.az\/?p=264384"},"modified":"2021-01-02T10:53:10","modified_gmt":"2021-01-02T07:53:10","slug":"prezident-rober-osseynin-ail%c9%99sin%c9%99-bassagligi-verib","status":"publish","type":"post","link":"https:\/\/arantv.az\/?p=264384","title":{"rendered":"Prezident Rober Osseynin ail\u0259sin\u0259 ba\u015fsa\u011fl\u0131\u011f\u0131 verib"},"content":{"rendered":"<p>Prezident \u0130lham \u018fliyev Rober Osseynin ail\u0259sin\u0259 ba\u015fsa\u011fl\u0131\u011f\u0131 m\u0259ktubu g\u00f6nd\u0259rib.<\/p>\n<p><strong>ARANTV.AZ<\/strong>\u00a0 x\u0259b\u0259r verir ki, ba\u015fsa\u011fl\u0131\u011f\u0131 m\u0259tnind\u0259 deyilir:<\/p>\n<p><em>&#8220;D\u00fcnya teatr v\u0259 kino s\u0259n\u0259tinin g\u00f6rk\u0259mli n\u00fcmay\u0259nd\u0259si, aktyor, ssenarist, rejissor Rober Osseynin v\u0259fat\u0131 il\u0259 \u0259laq\u0259dar Mehriban xan\u0131mla birlikd\u0259 d\u0259rin h\u00fcznl\u0259 ba\u015fsa\u011fl\u0131\u011f\u0131m\u0131z\u0131 veririk.<\/p>\n<p>Rober Osseynin dol\u011fun s\u0259hn\u0259 v\u0259 ekran f\u0259aliyy\u0259ti \u0259snas\u0131nda canland\u0131rd\u0131\u011f\u0131 r\u0259ngar\u0259ng obrazlar, b\u0259nz\u0259rsiz ifalar, qurulu\u015f\u00e7usu oldu\u011fu \u00e7oxsayl\u0131 tama\u015falar kino v\u0259 teatr s\u0259n\u0259tinin parlaq n\u00fcmun\u0259l\u0259ridir.<\/p>\n<p>Rober Osseyn Az\u0259rbaycan\u0131n \u0259sl dostu idi. Az\u0259rbaycanl\u0131 soy-k\u00f6kl\u0259ri il\u0259 f\u0259xr ed\u0259n Rober Osseyn \u00f6lk\u0259mizin h\u00fcdudlar\u0131ndan k\u0259narda ya\u015fasa da, q\u0259lb\u0259n ata yurduna ba\u011fl\u0131 idi. M\u0259hz bu s\u0259b\u0259bd\u0259n o, d\u0259f\u0259l\u0259rl\u0259 \u00f6lk\u0259miz\u0259 s\u0259f\u0259r etmi\u015fdir. Ona Az\u0259rbaycanda h\u0259r zaman b\u00f6y\u00fck h\u00f6rm\u0259t v\u0259 r\u0259\u011fb\u0259t b\u0259sl\u0259nilmi\u015fdir. Onunla g\u00f6r\u00fc\u015fl\u0259rimizi v\u0259 s\u00f6hb\u0259tl\u0259rimizi h\u0259mi\u015f\u0259 \u0259n xo\u015f t\u0259\u0259ss\u00fcratlarla xat\u0131rlay\u0131ram.<\/p>\n<p>Unudulmaz s\u0259n\u0259tkar v\u0259 s\u0259mimi insan Rober Osseynin \u0259ziz xatir\u0259si onu tan\u0131yanlar\u0131n q\u0259lbind\u0259 daim ya\u015fayacaqd\u0131r&#8221;.<\/em><\/p>\n","protected":false},"excerpt":{"rendered":"<p>Prezident \u0130lham \u018fliyev Rober Osseynin ail\u0259sin\u0259 ba\u015fsa\u011fl\u0131\u011f\u0131 m\u0259ktubu g\u00f6nd\u0259rib. ARANTV.AZ\u00a0 x\u0259b\u0259r verir ki, ba\u015fsa\u011fl\u0131\u011f\u0131 m\u0259tnind\u0259 deyilir: &#8220;D\u00fcnya teatr v\u0259 kino s\u0259n\u0259tinin g\u00f6rk\u0259mli n\u00fcmay\u0259nd\u0259si, aktyor, ssenarist, rejissor Rober Osseynin v\u0259fat\u0131 il\u0259 \u0259laq\u0259dar Mehriban xan\u0131mla birlikd\u0259 d\u0259rin h\u00fcznl\u0259 ba\u015fsa\u011fl\u0131\u011f\u0131m\u0131z\u0131 veririk. Rober Osseynin dol\u011fun s\u0259hn\u0259 v\u0259 ekran f\u0259aliyy\u0259ti \u0259snas\u0131nda canland\u0131rd\u0131\u011f\u0131 r\u0259ngar\u0259ng obrazlar, b\u0259nz\u0259rsiz ifalar, qurulu\u015f\u00e7usu oldu\u011fu \u00e7oxsayl\u0131 tama\u015falar kino v\u0259 teatr s\u0259n\u0259tinin parlaq n\u00fcmun\u0259l\u0259ridir. Rober Osseyn Az\u0259rbaycan\u0131n \u0259sl dostu idi. Az\u0259rbaycanl\u0131 soy-k\u00f6kl\u0259ri il\u0259 f\u0259xr ed\u0259n Rober Osseyn \u00f6lk\u0259mizin h\u00fcdudlar\u0131ndan k\u0259narda ya\u015fasa da, q\u0259lb\u0259n ata yurduna ba\u011fl\u0131 idi. M\u0259hz bu s\u0259b\u0259bd\u0259n o, d\u0259f\u0259l\u0259rl\u0259 \u00f6lk\u0259miz\u0259&hellip;<\/p>\n","protected":false},"author":2,"featured_media":264385,"comment_status":"closed","ping_status":"closed","sticky":false,"template":"","format":"standard","meta":{"om_disable_all_campaigns":false,"_monsterinsights_skip_tracking":false,"_monsterinsights_sitenote_active":false,"_monsterinsights_sitenote_note":"","_monsterinsights_sitenote_category":0},"categories":[4],"tags":[],"aioseo_notices":[],"gutentor_comment":0,"rttpg_featured_image_url":{"full":["https:\/\/arantv.az\/wp-content\/uploads\/2021\/01\/c90070e1160944587511941945410238910.jpg",975,540,false],"landscape":["https:\/\/arantv.az\/wp-content\/uploads\/2021\/01\/c90070e1160944587511941945410238910.jpg",975,540,false],"portraits":["https:\/\/arantv.az\/wp-content\/uploads\/2021\/01\/c90070e1160944587511941945410238910.jpg",975,540,false],"thumbnail":["https:\/\/arantv.az\/wp-content\/uploads\/2021\/01\/c90070e1160944587511941945410238910-150x150.jpg",150,150,true],"medium":["https:\/\/arantv.az\/wp-content\/uploads\/2021\/01\/c90070e1160944587511941945410238910-300x166.jpg",300,166,true],"large":["https:\/\/arantv.az\/wp-content\/uploads\/2021\/01\/c90070e1160944587511941945410238910.jpg",640,354,false],"1536x1536":["https:\/\/arantv.az\/wp-content\/uploads\/2021\/01\/c90070e1160944587511941945410238910.jpg",975,540,false],"2048x2048":["https:\/\/arantv.az\/wp-content\/uploads\/2021\/01\/c90070e1160944587511941945410238910.jpg",975,540,false],"post-thumbnail":["https:\/\/arantv.az\/wp-content\/uploads\/2021\/01\/c90070e1160944587511941945410238910-240x172.jpg",240,172,true],"advps-thumb-one":["https:\/\/arantv.az\/wp-content\/uploads\/2021\/01\/c90070e1160944587511941945410238910.jpg",975,540,false]},"rttpg_author":{"display_name":"V\u00fcsal Rafiqo\u011flu","author_link":"https:\/\/arantv.az\/?author=2"},"rttpg_comment":0,"rttpg_category":"<a href=\"https:\/\/arantv.az\/?cat=4\" rel=\"category\">Siyas\u0259t<\/a>","rttpg_excerpt":"Prezident \u0130lham \u018fliyev Rober Osseynin ail\u0259sin\u0259 ba\u015fsa\u011fl\u0131\u011f\u0131 m\u0259ktubu g\u00f6nd\u0259rib. ARANTV.AZ\u00a0 x\u0259b\u0259r verir ki, ba\u015fsa\u011fl\u0131\u011f\u0131 m\u0259tnind\u0259 deyilir: &#8220;D\u00fcnya teatr v\u0259 kino s\u0259n\u0259tinin g\u00f6rk\u0259mli n\u00fcmay\u0259nd\u0259si, aktyor, ssenarist, rejissor Rober Osseynin v\u0259fat\u0131 il\u0259 \u0259laq\u0259dar Mehriban xan\u0131mla birlikd\u0259 d\u0259rin h\u00fcznl\u0259 ba\u015fsa\u011fl\u0131\u011f\u0131m\u0131z\u0131 veririk. Rober Osseynin dol\u011fun s\u0259hn\u0259 v\u0259 ekran f\u0259aliyy\u0259ti \u0259snas\u0131nda canland\u0131rd\u0131\u011f\u0131 r\u0259ngar\u0259ng obrazlar, b\u0259nz\u0259rsiz ifalar, qurulu\u015f\u00e7usu oldu\u011fu \u00e7oxsayl\u0131 tama\u015falar&hellip;","_links":{"self":[{"href":"https:\/\/arantv.az\/index.php?rest_route=\/wp\/v2\/posts\/264384"}],"collection":[{"href":"https:\/\/arantv.az\/index.php?rest_route=\/wp\/v2\/posts"}],"about":[{"href":"https:\/\/arantv.az\/index.php?rest_route=\/wp\/v2\/types\/post"}],"author":[{"embeddable":true,"href":"https:\/\/arantv.az\/index.php?rest_route=\/wp\/v2\/users\/2"}],"replies":[{"embeddable":true,"href":"https:\/\/arantv.az\/index.php?rest_route=%2Fwp%2Fv2%2Fcomments&post=264384"}],"version-history":[{"count":0,"href":"https:\/\/arantv.az\/index.php?rest_route=\/wp\/v2\/posts\/264384\/revisions"}],"wp:featuredmedia":[{"embeddable":true,"href":"https:\/\/arantv.az\/index.php?rest_route=\/wp\/v2\/media\/264385"}],"wp:attachment":[{"href":"https:\/\/arantv.az\/index.php?rest_route=%2Fwp%2Fv2%2Fmedia&parent=264384"}],"wp:term":[{"taxonomy":"category","embeddable":true,"href":"https:\/\/arantv.az\/index.php?rest_route=%2Fwp%2Fv2%2Fcategories&post=264384"},{"taxonomy":"post_tag","embeddable":true,"href":"https:\/\/arantv.az\/index.php?rest_route=%2Fwp%2Fv2%2Ftags&post=264384"}],"curies":[{"name":"wp","href":"https:\/\/api.w.org\/{rel}","templated":true}]}}