{"id":264392,"date":"2021-01-02T10:54:40","date_gmt":"2021-01-02T07:54:40","guid":{"rendered":"http:\/\/arantv.az\/?p=264392"},"modified":"2021-01-02T10:54:40","modified_gmt":"2021-01-02T07:54:40","slug":"2021-ci-ild%c9%99-n%c9%99l%c9%99r-bas-ver%c9%99c%c9%99k","status":"publish","type":"post","link":"https:\/\/arantv.az\/?p=264392","title":{"rendered":"2021-ci ild\u0259 n\u0259l\u0259r ba\u015f ver\u0259c\u0259k?"},"content":{"rendered":"<p>2021-ci ilin g\u0259li\u015fin\u0259 art\u0131q say\u0131l\u0131 g\u00fcnl\u0259r qal\u0131b. \u00c7in t\u0259qvimin\u0259 g\u00f6r\u0259, qar\u015f\u0131dan \u00f6k\u00fcz ili g\u0259lir.<\/p>\n<p><strong>ARANTV.AZ<\/strong>\u00a0 \u201cteleqraf\u201da istinad\u0259n x\u0259b\u0259r verir ki, tan\u0131nm\u0131\u015f astroloq S\u0259buhi R\u0259himli n\u00f6vb\u0259ti ill\u0259 ba\u011fl\u0131 siyasi-ictimai proqnozunu b\u00f6l\u00fc\u015f\u00fcb.<\/p>\n<p>O bildirib ki, 2020-ci ill\u0259 ba\u011fl\u0131 t\u0259qdim etdiyi proqnozlardan ikisi s\u0259hv, ikisi qism\u0259n d\u00fcz \u00e7\u0131x\u0131b, 21 proqnoz is\u0259 tam \u00f6z\u00fcn\u00fc do\u011fruldub. Astroloq \u0259n\u0259n\u0259sin\u0259 sadiq qalaraq 2021-ci il \u00fc\u00e7\u00fcn b\u0259zi proqnozlar\u0131n\u0131 verib:<\/p>\n<p>\u201cBu proqnozlar\u0131n 8-i Az\u0259rbaycana aiddir, 17-si is\u0259 beyn\u0259lxalq arena \u00fc\u00e7\u00fcnd\u00fcr.<\/p>\n<p>\u0130lk \u00f6nc\u0259 deyim ki, 2021-ci ild\u0259 Az\u0259rbaycanda n\u00f6vb\u0259d\u0259nk\u0259nar he\u00e7 bir se\u00e7ki olmayacaq.<\/p>\n<p>M\u0259murlar\u0131n ciddi k\u0259simi yenil\u0259n\u0259c\u0259k. Bu il c\u0259zaland\u0131r\u0131lacaq m\u0259murlar\u0131n s\u0131ras\u0131nda daha \u00e7ox h\u00fcquq m\u00fchafiz\u0259 orqanlar\u0131n\u0131n \u0259m\u0259kda\u015flar\u0131 olacaq. Bura polis, prokurorluq v\u0259 \u0259dliyy\u0259 sistemind\u0259 \u00e7al\u0131\u015fanlar aiddir. \u00d6t\u0259n il istefaya ged\u0259c\u0259k m\u0259murlar\u0131n episentri icra ba\u015f\u00e7\u0131lar\u0131na d\u00fc\u015f\u0259c\u0259yini v\u0259 il \u0259rzind\u0259 20-y\u0259 yax\u0131n icra ba\u015f\u00e7\u0131s\u0131n\u0131n istefaya ged\u0259c\u0259yin demi\u015fdim. El\u0259 d\u0259 oldu, t\u0259xmin\u0259n 16 icra ba\u015f\u00e7\u0131s\u0131 istefa verdi. B\u0259lk\u0259 d\u0259 bu il \u0259rzind\u0259 bir ne\u00e7\u0259si d\u0259 \u00e7\u0131xacaq.<\/p>\n<p>\u0130lin ilk d\u00f6rd ay\u0131nda (yanvar-aprel) \u00f6lk\u0259mizd\u0259 h\u0259r hans\u0131 devalvasiya ehtimal\u0131 yoxdur. Bu bar\u0259d\u0259 d\u00f6vl\u0259t orqanlar\u0131nda ciddi s\u00f6hb\u0259tl\u0259r gedir, amma astroloji g\u00f6st\u0259ricil\u0259r bunu inkar edir.<\/p>\n<p>X\u0131rda anti-terror \u0259m\u0259liyyatlar\u0131n n\u0259z\u0259r\u0259 almasaq, Qaraba\u011fda m\u00fcharib\u0259 olmayacaq.<\/p>\n<p>N\u0259 Rusiya, n\u0259 d\u0259 T\u00fcrkiy\u0259 Az\u0259rbaycanda h\u0259rbi baza qura bilm\u0259y\u0259c\u0259k.<\/p>\n<p>Az\u0259rbaycanla Erm\u0259nistan aras\u0131nda ilk iqtisadi \u0259m\u0259kda\u015fl\u0131\u011fa z\u0259min yaranacaq.<\/p>\n<p>\u0130lk d\u0259f\u0259 olaraq Az\u0259rbaycan \u00fc\u00e7\u00fcn xarakterik olan x\u0259st\u0259likl\u0259rl\u0259 ba\u011fl\u0131 proqnoz verir\u0259m. \u0130l \u0259rzind\u0259 \u00f6lk\u0259 co\u011frafiyas\u0131 \u00fc\u00e7\u00fcn daha \u00e7ox \u00fcr\u0259k-damar v\u0259 d\u0259ri x\u0259st\u0259likl\u0259ri aktiv olacaq\u201d.<\/p>\n<p>S\u0259buhi R\u0259himli n\u00f6vb\u0259ti ild\u0259 d\u00fcnyada ba\u015f ver\u0259c\u0259k hadis\u0259l\u0259rin proqnozlar\u0131n\u0131 da diqq\u0259t\u0259 \u00e7atd\u0131r\u0131b:<\/p>\n<p>\u201cPay\u0131za q\u0259d\u0259r d\u00fcnyada b\u00f6y\u00fck h\u0259rbi qar\u015f\u0131durmalar olmayacaq. Konfliktl\u0259r t\u0259hdidd\u0259n o yana ke\u00e7m\u0259y\u0259c\u0259k.<\/p>\n<p>AB\u015e-\u0131n yeni prezidenti Co Baydenin siyasi kursu mart\u0131n ortalar\u0131ndan \u00f6z\u00fcn\u00fc g\u00f6st\u0259r\u0259c\u0259k. O, d\u00fcnya d\u00fcz\u0259nin\u0259 indiy\u0259 q\u0259d\u0259r olmayan f\u0259rqli \u00e7alarlar g\u0259tir\u0259c\u0259k. Co Baydenin prezident se\u00e7kisind\u0259 qalib g\u0259l\u0259c\u0259yin demi\u015fdim. Amma Co Bayden prezident k\u00fcrs\u00fcs\u00fcnd\u0259 tam 4 il oturmayacaq. S\u00f6hb\u0259t bunun 2021-ci ild\u0259 ba\u015f ver\u0259c\u0259yind\u0259n getmir.<\/p>\n<p>Rusiya son 8 ilin \u0259n a\u011f\u0131r d\u00f6n\u0259mini ya\u015fayacaq. Vladimir Putinin \u00f6z hakimiyy\u0259tini qorumas\u0131 \u00e7\u0259tin olacaq.<\/p>\n<p>Avropa, x\u00fcsus\u0259n d\u0259 Q\u0259rbi Avropa \u00f6lk\u0259l\u0259ri \u00f6k\u00fcz ilini iqtisadi f\u0259lak\u0259t v\u0259 siyasi eni\u015fl\u0259 ba\u015fa vuracaq.<\/p>\n<p>Lat\u0131n Amerikas\u0131 v\u0259 \u015eimali Afrika \u00f6lk\u0259l\u0259rind\u0259, h\u0259m\u00e7inin \u00c7ind\u0259 b\u00f6y\u00fck siyasi qar\u015f\u0131durmalara \u015fahid olaca\u011f\u0131q.<\/p>\n<p>\u018fg\u0259r fevral\u0131n ortas\u0131na q\u0259d\u0259r Nikol Pa\u015finyan hakimiyy\u0259tini qoruya bils\u0259, ilin sonuna q\u0259d\u0259r istefaya getm\u0259y\u0259c\u0259k. Y\u0259ni hakimiyy\u0259tini qoruma\u011f\u0131 bacaracaq. O, yanvar v\u0259 fevral\u0131n ilk yar\u0131s\u0131 h\u0259r an istefaya g\u00f6nd\u0259ril\u0259 bil\u0259r. Bu d\u00f6vr\u00fc ke\u00e7\u0259nd\u0259n sonra onun istefaya ged\u0259c\u0259yi, hakimiyy\u0259tin t\u0259hvil ver\u0259c\u0259yi g\u00f6zl\u0259nilmir.<\/p>\n<p>\u015eimali v\u0259 C\u0259nubi Koreya aras\u0131nda m\u00fcnasib\u0259tl\u0259rin istil\u0259\u015fm\u0259sin\u0259 \u015fahidlik ed\u0259c\u0259yik.<\/p>\n<p>2021-ci il R\u0259c\u0259b Tayyib \u018frdo\u011fan Administrasiyas\u0131 \u00fc\u00e7\u00fcn s\u0131naqlarla, \u00e7\u0259tinlikl\u0259rl\u0259 dolu il olacaq.<\/p>\n<p>\u0130l \u0259rzind\u0259 t\u0259bii f\u0259lak\u0259tl\u0259rd\u0259n vulkan v\u0259 z\u0259lz\u0259l\u0259l\u0259r daha \u00f6nd\u0259 g\u0259l\u0259c\u0259k. Bu, \u015f\u0259xs\u0259n m\u0259nim proqnozum deyil. \u00dcmumiyy\u0259tl\u0259, \u00f6k\u00fcz ilinin tarixi xronologiyas\u0131n\u0131 ara\u015fd\u0131randa hans\u0131 hadis\u0259l\u0259rin xarakterik olub-olmad\u0131\u011f\u0131 \u00fcz\u0259 \u00e7\u0131x\u0131r. El\u0259 ill\u0259r var, m\u00fcharib\u0259 m\u00fctl\u0259qdir, el\u0259 ill\u0259r var q\u0131tl\u0131qd\u0131r, el\u0259si d\u0259 var ki, b\u0259r\u0259k\u0259tlidir. \u00d6k\u00fcz ill\u0259rind\u0259 vulkan v\u0259 z\u0259lz\u0259l\u0259l\u0259r daha aktiv olub.<\/p>\n<p>D\u00fcnyada yeni g\u00fcc m\u0259rk\u0259zl\u0259ri yaranacaq. Klassik siyasi \u0259n\u0259n\u0259l\u0259ri r\u0259dd ed\u0259n yeni liderl\u0259r meydana g\u0259l\u0259c\u0259k.<\/p>\n<p>\u015eimali Qafqazda, \u0130randa v\u0259 Hind Okean\u0131 sahill\u0259rind\u0259ki \u00f6lk\u0259l\u0259rd\u0259 etnik m\u00fcnaqi\u015f\u0259l\u0259r k\u0259skinl\u0259\u015f\u0259c\u0259k.<\/p>\n<p>Koronavirus b\u0259las\u0131 may ay\u0131ndan etibar\u0259n z\u0259ifl\u0259m\u0259y\u0259 do\u011fru ged\u0259c\u0259k. \u018fslind\u0259, astrologiya h\u0259r hans\u0131 bir x\u0259st\u0259liy\u0259 proqnoz ver\u0259 bilmir. \u00c7\u00fcnki t\u0259m\u0259l n\u00f6qt\u0259ni bilm\u0259d\u0259n proqnoz verm\u0259k olmur. \u018fg\u0259r virusa yoluxan ilk insan\u0131n saat\u0131n\u0131, d\u0259qiq\u0259sini \u00f6yr\u0259ns\u0259k, b\u0259lk\u0259 d\u0259 virusun n\u0259 vaxt bit\u0259c\u0259yin dem\u0259k olar. Ba\u015flan\u011f\u0131c\u0131n\u0131 bilm\u0259s\u0259k bit\u0259c\u0259yi m\u0259lum olmur. Astrologiya d\u00fcnyan\u0131n passiv v\u0259 aktiv d\u00f6n\u0259ml\u0259rini hesablaya bilir. \u0130ndi d\u00fcnya passiv d\u00f6vr\u0259 gedir y\u0259qin ki, yanvar-fevralda daha passiv, \u00f6z\u00fcn\u0259 qapanma v\u0259 \u0259laq\u0259l\u0259rin k\u0259silm\u0259si d\u00f6vr\u00fc olacaq. May\u0131n sonundan \u0259kizl\u0259r b\u00fcrc\u00fc ba\u015flayandan d\u00fcnya bir az passivlikd\u0259n aktiv d\u00f6vr\u0259 ke\u00e7\u0259c\u0259k. Bunu n\u0259z\u0259r\u0259 al\u0131b paralellik apar\u0131b dem\u0259k olar ki, y\u0259qin koronavirus b\u0259las\u0131 yum\u015falmaya do\u011fru ged\u0259c\u0259k, n\u0259tic\u0259d\u0259 \u00f6lk\u0259l\u0259r aras\u0131nda \u0259laq\u0259l\u0259r, turizm v\u0259 dig\u0259r sah\u0259l\u0259r inki\u015faf ed\u0259c\u0259k.<\/p>\n<p>Ukrayna-Rusiya m\u00fcnasib\u0259tl\u0259ri ilin ilk r\u00fcb\u00fcnd\u0259 (yanvar-mart) daha k\u0259skin xarakter alacaq. Haz\u0131rda bu g\u0259rginlik var.<\/p>\n<p>Qazax\u0131stanla Rusiya aras\u0131nda h\u0259rbi m\u00fcnaqi\u015f\u0259 v\u0259 ya h\u0259rbi m\u00fcdaxil\u0259 olmayacaq. Haz\u0131rda s\u00f6hb\u0259tl\u0259r var ki, Rusiya Qazax\u0131standan torpaq iddias\u0131na d\u00fc\u015f\u00fcb. Onlar h\u0259tta Qaraba\u011fa girdikl\u0259ri kimi, Qazax\u0131stan \u0259razisin\u0259 soxulmayacaq.<\/p>\n<p>F\u0259l\u0259stinl\u0259 \u0130srail aras\u0131nda s\u00fclh\u0259 do\u011fru ilkin v\u0259 b\u00f6y\u00fck add\u0131mlar at\u0131lacaq.<\/p>\n<p>\u0130l \u0259rzind\u0259 Avstriya, Qafqaz, \u00c7in, Yaponiya, Tailand, Sibir, \u0130rlandiya, Pol\u015fa, \u0130raq, \u0130ran, \u018ffqan\u0131stan, Avstraliya v\u0259 \u0130sve\u00e7r\u0259 aktiv b\u00f6lg\u0259l\u0259r olacaq. Y\u0259ni bu \u00f6lk\u0259l\u0259r g\u00fcnd\u0259md\u0259 olacaq.<\/p>\n<p>\u00d6k\u00fcz ilind\u0259 d\u00fcnyada g\u0259mi\u00e7ilik, d\u0259miryolu daha \u00e7ox inki\u015faf ed\u0259c\u0259k. 2020-ci il \u0259rzind\u0259 daha \u00e7ox h\u0259rbi t\u0259yyar\u0259 q\u0259zalar\u0131 oldu.<\/p>\n<p>Unutmayaq ki, Tanr\u0131 ulduzlardan daha y\u00fcks\u0259kdir\u201d.<\/p>\n","protected":false},"excerpt":{"rendered":"<p>2021-ci ilin g\u0259li\u015fin\u0259 art\u0131q say\u0131l\u0131 g\u00fcnl\u0259r qal\u0131b. \u00c7in t\u0259qvimin\u0259 g\u00f6r\u0259, qar\u015f\u0131dan \u00f6k\u00fcz ili g\u0259lir. ARANTV.AZ\u00a0 \u201cteleqraf\u201da istinad\u0259n x\u0259b\u0259r verir ki, tan\u0131nm\u0131\u015f astroloq S\u0259buhi R\u0259himli n\u00f6vb\u0259ti ill\u0259 ba\u011fl\u0131 siyasi-ictimai proqnozunu b\u00f6l\u00fc\u015f\u00fcb. O bildirib ki, 2020-ci ill\u0259 ba\u011fl\u0131 t\u0259qdim etdiyi proqnozlardan ikisi s\u0259hv, ikisi qism\u0259n d\u00fcz \u00e7\u0131x\u0131b, 21 proqnoz is\u0259 tam \u00f6z\u00fcn\u00fc do\u011fruldub. Astroloq \u0259n\u0259n\u0259sin\u0259 sadiq qalaraq 2021-ci il \u00fc\u00e7\u00fcn b\u0259zi proqnozlar\u0131n\u0131 verib: \u201cBu proqnozlar\u0131n 8-i Az\u0259rbaycana aiddir, 17-si is\u0259 beyn\u0259lxalq arena \u00fc\u00e7\u00fcnd\u00fcr. \u0130lk \u00f6nc\u0259 deyim ki, 2021-ci ild\u0259 Az\u0259rbaycanda n\u00f6vb\u0259d\u0259nk\u0259nar he\u00e7 bir se\u00e7ki olmayacaq. M\u0259murlar\u0131n ciddi k\u0259simi yenil\u0259n\u0259c\u0259k. Bu il c\u0259zaland\u0131r\u0131lacaq&hellip;<\/p>\n","protected":false},"author":2,"featured_media":264393,"comment_status":"closed","ping_status":"closed","sticky":false,"template":"","format":"standard","meta":{"om_disable_all_campaigns":false,"_monsterinsights_skip_tracking":false,"_monsterinsights_sitenote_active":false,"_monsterinsights_sitenote_note":"","_monsterinsights_sitenote_category":0},"categories":[24],"tags":[],"aioseo_notices":[],"gutentor_comment":0,"rttpg_featured_image_url":{"full":["https:\/\/arantv.az\/wp-content\/uploads\/2021\/01\/1609567612_1605948602_scale_1200-1.jpg",770,415,false],"landscape":["https:\/\/arantv.az\/wp-content\/uploads\/2021\/01\/1609567612_1605948602_scale_1200-1.jpg",770,415,false],"portraits":["https:\/\/arantv.az\/wp-content\/uploads\/2021\/01\/1609567612_1605948602_scale_1200-1.jpg",770,415,false],"thumbnail":["https:\/\/arantv.az\/wp-content\/uploads\/2021\/01\/1609567612_1605948602_scale_1200-1-150x150.jpg",150,150,true],"medium":["https:\/\/arantv.az\/wp-content\/uploads\/2021\/01\/1609567612_1605948602_scale_1200-1-300x162.jpg",300,162,true],"large":["https:\/\/arantv.az\/wp-content\/uploads\/2021\/01\/1609567612_1605948602_scale_1200-1.jpg",640,345,false],"1536x1536":["https:\/\/arantv.az\/wp-content\/uploads\/2021\/01\/1609567612_1605948602_scale_1200-1.jpg",770,415,false],"2048x2048":["https:\/\/arantv.az\/wp-content\/uploads\/2021\/01\/1609567612_1605948602_scale_1200-1.jpg",770,415,false],"post-thumbnail":["https:\/\/arantv.az\/wp-content\/uploads\/2021\/01\/1609567612_1605948602_scale_1200-1-240x172.jpg",240,172,true],"advps-thumb-one":["https:\/\/arantv.az\/wp-content\/uploads\/2021\/01\/1609567612_1605948602_scale_1200-1.jpg",770,415,false]},"rttpg_author":{"display_name":"V\u00fcsal Rafiqo\u011flu","author_link":"https:\/\/arantv.az\/?author=2"},"rttpg_comment":0,"rttpg_category":"<a href=\"https:\/\/arantv.az\/?cat=24\" rel=\"category\">Maraql\u0131<\/a>","rttpg_excerpt":"2021-ci ilin g\u0259li\u015fin\u0259 art\u0131q say\u0131l\u0131 g\u00fcnl\u0259r qal\u0131b. \u00c7in t\u0259qvimin\u0259 g\u00f6r\u0259, qar\u015f\u0131dan \u00f6k\u00fcz ili g\u0259lir. ARANTV.AZ\u00a0 \u201cteleqraf\u201da istinad\u0259n x\u0259b\u0259r verir ki, tan\u0131nm\u0131\u015f astroloq S\u0259buhi R\u0259himli n\u00f6vb\u0259ti ill\u0259 ba\u011fl\u0131 siyasi-ictimai proqnozunu b\u00f6l\u00fc\u015f\u00fcb. O bildirib ki, 2020-ci ill\u0259 ba\u011fl\u0131 t\u0259qdim etdiyi proqnozlardan ikisi s\u0259hv, ikisi qism\u0259n d\u00fcz \u00e7\u0131x\u0131b, 21 proqnoz is\u0259 tam \u00f6z\u00fcn\u00fc do\u011fruldub. Astroloq \u0259n\u0259n\u0259sin\u0259 sadiq qalaraq&hellip;","_links":{"self":[{"href":"https:\/\/arantv.az\/index.php?rest_route=\/wp\/v2\/posts\/264392"}],"collection":[{"href":"https:\/\/arantv.az\/index.php?rest_route=\/wp\/v2\/posts"}],"about":[{"href":"https:\/\/arantv.az\/index.php?rest_route=\/wp\/v2\/types\/post"}],"author":[{"embeddable":true,"href":"https:\/\/arantv.az\/index.php?rest_route=\/wp\/v2\/users\/2"}],"replies":[{"embeddable":true,"href":"https:\/\/arantv.az\/index.php?rest_route=%2Fwp%2Fv2%2Fcomments&post=264392"}],"version-history":[{"count":0,"href":"https:\/\/arantv.az\/index.php?rest_route=\/wp\/v2\/posts\/264392\/revisions"}],"wp:featuredmedia":[{"embeddable":true,"href":"https:\/\/arantv.az\/index.php?rest_route=\/wp\/v2\/media\/264393"}],"wp:attachment":[{"href":"https:\/\/arantv.az\/index.php?rest_route=%2Fwp%2Fv2%2Fmedia&parent=264392"}],"wp:term":[{"taxonomy":"category","embeddable":true,"href":"https:\/\/arantv.az\/index.php?rest_route=%2Fwp%2Fv2%2Fcategories&post=264392"},{"taxonomy":"post_tag","embeddable":true,"href":"https:\/\/arantv.az\/index.php?rest_route=%2Fwp%2Fv2%2Ftags&post=264392"}],"curies":[{"name":"wp","href":"https:\/\/api.w.org\/{rel}","templated":true}]}}