{"id":264415,"date":"2021-01-02T11:14:10","date_gmt":"2021-01-02T08:14:10","guid":{"rendered":"http:\/\/arantv.az\/?p=264415"},"modified":"2021-01-02T11:14:10","modified_gmt":"2021-01-02T08:14:10","slug":"q%c9%99l%c9%99b%c9%99d%c9%99n-1-gun-%c9%99vv%c9%99l-%c9%99sir-dus%c9%99n-y%c9%99hya-evin%c9%99-qayitdi-video","status":"publish","type":"post","link":"https:\/\/arantv.az\/?p=264415","title":{"rendered":"Q\u0259l\u0259b\u0259d\u0259n 1 g\u00fcn \u0259vv\u0259l \u0259sir d\u00fc\u015f\u0259n Y\u0259hya evin\u0259 qay\u0131td\u0131 &#8211; Video"},"content":{"rendered":"<div id=\"xeber_yazi\">\n<p><strong>Erm\u0259nistan h\u0259rbi birl\u0259\u015fm\u0259l\u0259rinin \u0259sirliyind\u0259 olan Az\u0259rbaycan silahl\u0131 q\u00fcvv\u0259l\u0259rinin h\u0259rbi qulluq\u00e7usu Y\u0259hya Abdinov q\u0131sa m\u00fcdd\u0259tli reabilitasiyadan sonra ail\u0259sin\u0259 qovu\u015fub.<\/strong><\/p>\n<div id=\"AdviadNativeVideo0\" class=\"AdviadNativeVideo\"><\/div>\n<p><strong>ARANTV.AZ<\/strong> x\u0259b\u0259r verir ki, Y\u0259hyan\u0131n ail\u0259sin\u0259 qovu\u015fmas\u0131 b\u00f6y\u00fck sevincl\u0259 qar\u015f\u0131lan\u0131b.<\/p>\n<p>Y\u0259hya Abidinov v\u0259t\u0259n m\u00fcharib\u0259sin\u0259 k\u00f6n\u00fcll\u00fc olaraq yollanaraq sentyabr ay\u0131n\u0131n 30-da F\u00fczuli istiqam\u0259tind\u0259 ged\u0259n d\u00f6y\u00fcl\u0259r\u0259 qo\u015fulub. V\u0259t\u0259n m\u00fcharib\u0259sind\u0259 i\u015ftirak ed\u0259n Y\u0259hya Abidinov noyabr ay\u0131n\u0131n 9-da Xocav\u0259nd istiqam\u0259tind\u0259 aya\u011f\u0131ndan yaralanaraq \u0259sir d\u00fc\u015f\u00fcr.<\/p>\n<p>Ail\u0259si \u0259n son noyabr ay\u0131n\u0131n 2-d\u0259 Y\u0259hya il\u0259 \u0259laq\u0259 saxlaya bilib. Y\u0259hyan\u0131n valideynl\u0259ri sonradan onun \u0259sir d\u00fc\u015fd\u00fcy\u00fc m\u0259lumat\u0131n\u0131 al\u0131blar. Y\u0259hya d\u00fcz 34 g\u00fcn d\u00fc\u015fm\u0259n \u0259siriliyind\u0259 qal\u0131b.<\/p>\n<p>X\u0259z\u0259r TV-nin ail\u0259d\u0259n haz\u0131rlad\u0131\u011f\u0131 reportaj\u0131 t\u0259qdim edirik:<\/p>\n<p><iframe loading=\"lazy\" src=\"https:\/\/www.youtube.com\/embed\/AAF9CsSkd7U?feature=emb_title&amp;rel=0&amp;showinfo=0\" width=\"760\" height=\"450\" frameborder=\"0\" allowfullscreen=\"allowfullscreen\" data-mce-fragment=\"1\"><\/iframe><\/div>\n<div class=\"postDetails row-margin-top10\">\n<div class=\"col-md-3\">\n<div class=\"col-md-4\"><\/div>\n<\/div>\n<\/div>\n","protected":false},"excerpt":{"rendered":"<p>Erm\u0259nistan h\u0259rbi birl\u0259\u015fm\u0259l\u0259rinin \u0259sirliyind\u0259 olan Az\u0259rbaycan silahl\u0131 q\u00fcvv\u0259l\u0259rinin h\u0259rbi qulluq\u00e7usu Y\u0259hya Abdinov q\u0131sa m\u00fcdd\u0259tli reabilitasiyadan sonra ail\u0259sin\u0259 qovu\u015fub. ARANTV.AZ x\u0259b\u0259r verir ki, Y\u0259hyan\u0131n ail\u0259sin\u0259 qovu\u015fmas\u0131 b\u00f6y\u00fck sevincl\u0259 qar\u015f\u0131lan\u0131b. Y\u0259hya Abidinov v\u0259t\u0259n m\u00fcharib\u0259sin\u0259 k\u00f6n\u00fcll\u00fc olaraq yollanaraq sentyabr ay\u0131n\u0131n 30-da F\u00fczuli istiqam\u0259tind\u0259 ged\u0259n d\u00f6y\u00fcl\u0259r\u0259 qo\u015fulub. V\u0259t\u0259n m\u00fcharib\u0259sind\u0259 i\u015ftirak ed\u0259n Y\u0259hya Abidinov noyabr ay\u0131n\u0131n 9-da Xocav\u0259nd istiqam\u0259tind\u0259 aya\u011f\u0131ndan yaralanaraq \u0259sir d\u00fc\u015f\u00fcr. Ail\u0259si \u0259n son noyabr ay\u0131n\u0131n 2-d\u0259 Y\u0259hya il\u0259 \u0259laq\u0259 saxlaya bilib. Y\u0259hyan\u0131n valideynl\u0259ri sonradan onun \u0259sir d\u00fc\u015fd\u00fcy\u00fc m\u0259lumat\u0131n\u0131 al\u0131blar. Y\u0259hya d\u00fcz 34 g\u00fcn d\u00fc\u015fm\u0259n \u0259siriliyind\u0259 qal\u0131b. X\u0259z\u0259r TV-nin ail\u0259d\u0259n haz\u0131rlad\u0131\u011f\u0131 reportaj\u0131 t\u0259qdim&hellip;<\/p>\n","protected":false},"author":2,"featured_media":264416,"comment_status":"closed","ping_status":"closed","sticky":false,"template":"","format":"standard","meta":{"om_disable_all_campaigns":false,"_monsterinsights_skip_tracking":false,"_monsterinsights_sitenote_active":false,"_monsterinsights_sitenote_note":"","_monsterinsights_sitenote_category":0},"categories":[26],"tags":[],"aioseo_notices":[],"gutentor_comment":0,"rttpg_featured_image_url":{"full":["https:\/\/arantv.az\/wp-content\/uploads\/2021\/01\/214046_dtefq3d24m.jpg",637,400,false],"landscape":["https:\/\/arantv.az\/wp-content\/uploads\/2021\/01\/214046_dtefq3d24m.jpg",637,400,false],"portraits":["https:\/\/arantv.az\/wp-content\/uploads\/2021\/01\/214046_dtefq3d24m.jpg",637,400,false],"thumbnail":["https:\/\/arantv.az\/wp-content\/uploads\/2021\/01\/214046_dtefq3d24m-150x150.jpg",150,150,true],"medium":["https:\/\/arantv.az\/wp-content\/uploads\/2021\/01\/214046_dtefq3d24m-300x188.jpg",300,188,true],"large":["https:\/\/arantv.az\/wp-content\/uploads\/2021\/01\/214046_dtefq3d24m.jpg",637,400,false],"1536x1536":["https:\/\/arantv.az\/wp-content\/uploads\/2021\/01\/214046_dtefq3d24m.jpg",637,400,false],"2048x2048":["https:\/\/arantv.az\/wp-content\/uploads\/2021\/01\/214046_dtefq3d24m.jpg",637,400,false],"post-thumbnail":["https:\/\/arantv.az\/wp-content\/uploads\/2021\/01\/214046_dtefq3d24m-240x172.jpg",240,172,true],"advps-thumb-one":["https:\/\/arantv.az\/wp-content\/uploads\/2021\/01\/214046_dtefq3d24m.jpg",637,400,false]},"rttpg_author":{"display_name":"V\u00fcsal Rafiqo\u011flu","author_link":"https:\/\/arantv.az\/?author=2"},"rttpg_comment":0,"rttpg_category":"<a href=\"https:\/\/arantv.az\/?cat=26\" rel=\"category\">Sosial<\/a>","rttpg_excerpt":"Erm\u0259nistan h\u0259rbi birl\u0259\u015fm\u0259l\u0259rinin \u0259sirliyind\u0259 olan Az\u0259rbaycan silahl\u0131 q\u00fcvv\u0259l\u0259rinin h\u0259rbi qulluq\u00e7usu Y\u0259hya Abdinov q\u0131sa m\u00fcdd\u0259tli reabilitasiyadan sonra ail\u0259sin\u0259 qovu\u015fub. ARANTV.AZ x\u0259b\u0259r verir ki, Y\u0259hyan\u0131n ail\u0259sin\u0259 qovu\u015fmas\u0131 b\u00f6y\u00fck sevincl\u0259 qar\u015f\u0131lan\u0131b. Y\u0259hya Abidinov v\u0259t\u0259n m\u00fcharib\u0259sin\u0259 k\u00f6n\u00fcll\u00fc olaraq yollanaraq sentyabr ay\u0131n\u0131n 30-da F\u00fczuli istiqam\u0259tind\u0259 ged\u0259n d\u00f6y\u00fcl\u0259r\u0259 qo\u015fulub. V\u0259t\u0259n m\u00fcharib\u0259sind\u0259 i\u015ftirak ed\u0259n Y\u0259hya Abidinov noyabr ay\u0131n\u0131n 9-da Xocav\u0259nd istiqam\u0259tind\u0259 aya\u011f\u0131ndan&hellip;","_links":{"self":[{"href":"https:\/\/arantv.az\/index.php?rest_route=\/wp\/v2\/posts\/264415"}],"collection":[{"href":"https:\/\/arantv.az\/index.php?rest_route=\/wp\/v2\/posts"}],"about":[{"href":"https:\/\/arantv.az\/index.php?rest_route=\/wp\/v2\/types\/post"}],"author":[{"embeddable":true,"href":"https:\/\/arantv.az\/index.php?rest_route=\/wp\/v2\/users\/2"}],"replies":[{"embeddable":true,"href":"https:\/\/arantv.az\/index.php?rest_route=%2Fwp%2Fv2%2Fcomments&post=264415"}],"version-history":[{"count":0,"href":"https:\/\/arantv.az\/index.php?rest_route=\/wp\/v2\/posts\/264415\/revisions"}],"wp:featuredmedia":[{"embeddable":true,"href":"https:\/\/arantv.az\/index.php?rest_route=\/wp\/v2\/media\/264416"}],"wp:attachment":[{"href":"https:\/\/arantv.az\/index.php?rest_route=%2Fwp%2Fv2%2Fmedia&parent=264415"}],"wp:term":[{"taxonomy":"category","embeddable":true,"href":"https:\/\/arantv.az\/index.php?rest_route=%2Fwp%2Fv2%2Fcategories&post=264415"},{"taxonomy":"post_tag","embeddable":true,"href":"https:\/\/arantv.az\/index.php?rest_route=%2Fwp%2Fv2%2Ftags&post=264415"}],"curies":[{"name":"wp","href":"https:\/\/api.w.org\/{rel}","templated":true}]}}