{"id":264435,"date":"2021-01-02T11:32:13","date_gmt":"2021-01-02T08:32:13","guid":{"rendered":"http:\/\/arantv.az\/?p=264435"},"modified":"2021-01-02T11:32:13","modified_gmt":"2021-01-02T08:32:13","slug":"diqq%c9%99t-bu-gund%c9%99n-daha-bir-qadaga-quvv%c9%99y%c9%99-mindi","status":"publish","type":"post","link":"https:\/\/arantv.az\/?p=264435","title":{"rendered":"D\u0130QQ\u018fT: Bu g\u00fcnd\u0259n daha bir QADA\u011eA Q\u00dcVV\u018fY\u018f M\u0130ND\u0130"},"content":{"rendered":"<p>Bu g\u00fcnd\u0259n yanvar\u0131n 4-\u00fc saat 06:00-d\u0259k b\u00fct\u00fcn \u00f6lk\u0259 \u0259razisind\u0259 ictimai n\u0259qliyyat\u0131n f\u0259aliyy\u0259ti dayand\u0131r\u0131l\u0131b.<\/p>\n<p><strong>ARANTV.AZ\u00a0<\/strong>\u00a0<a title=\"xeberler son xeberler 2020\" href=\"https:\/\/big.az\/\" target=\"_blank\" rel=\"noopener\">x\u0259b\u0259r<\/a>\u00a0verir ki, Nazirl\u0259r Kabineti yan\u0131nda Operativ Q\u0259rargah\u0131n q\u0259rar\u0131na \u0259sas\u0259n, yanvar\u0131n 18-d\u0259k b\u00fct\u00fcn \u00f6lk\u0259 \u0259razisind\u0259 \u015f\u0259nb\u0259 v\u0259 bazar g\u00fcnl\u0259ri ictimai n\u0259qliyyat\u0131n f\u0259aliyy\u0259ti dayand\u0131r\u0131l\u0131r.<\/p>\n<div id=\"AdviadNativeVideo0\" class=\"AdviadNativeVideo\"><\/div>\n<p>Q\u0259rara \u0259sas\u0259n, 2 yanvar saat 00:00-dan 4 yanvar saat 06:00-d\u0259k \u00f6lk\u0259 \u0259razisind\u0259 ictimai n\u0259qliyyat f\u0259aliyy\u0259t g\u00f6st\u0259rm\u0259y\u0259c\u0259k.<\/p>\n<p>Qeyd ed\u0259k ki, Bak\u0131 metropolitenind\u0259 s\u0259rni\u015finda\u015f\u0131ma d\u0259 dayand\u0131r\u0131l\u0131b<\/p>\n","protected":false},"excerpt":{"rendered":"<p>Bu g\u00fcnd\u0259n yanvar\u0131n 4-\u00fc saat 06:00-d\u0259k b\u00fct\u00fcn \u00f6lk\u0259 \u0259razisind\u0259 ictimai n\u0259qliyyat\u0131n f\u0259aliyy\u0259ti dayand\u0131r\u0131l\u0131b. ARANTV.AZ\u00a0\u00a0x\u0259b\u0259r\u00a0verir ki, Nazirl\u0259r Kabineti yan\u0131nda Operativ Q\u0259rargah\u0131n q\u0259rar\u0131na \u0259sas\u0259n, yanvar\u0131n 18-d\u0259k b\u00fct\u00fcn \u00f6lk\u0259 \u0259razisind\u0259 \u015f\u0259nb\u0259 v\u0259 bazar g\u00fcnl\u0259ri ictimai n\u0259qliyyat\u0131n f\u0259aliyy\u0259ti dayand\u0131r\u0131l\u0131r. Q\u0259rara \u0259sas\u0259n, 2 yanvar saat 00:00-dan 4 yanvar saat 06:00-d\u0259k \u00f6lk\u0259 \u0259razisind\u0259 ictimai n\u0259qliyyat f\u0259aliyy\u0259t g\u00f6st\u0259rm\u0259y\u0259c\u0259k. Qeyd ed\u0259k ki, Bak\u0131 metropolitenind\u0259 s\u0259rni\u015finda\u015f\u0131ma d\u0259 dayand\u0131r\u0131l\u0131b<\/p>\n","protected":false},"author":2,"featured_media":264436,"comment_status":"closed","ping_status":"closed","sticky":false,"template":"","format":"standard","meta":{"om_disable_all_campaigns":false,"_monsterinsights_skip_tracking":false,"_monsterinsights_sitenote_active":false,"_monsterinsights_sitenote_note":"","_monsterinsights_sitenote_category":0},"categories":[26],"tags":[],"aioseo_notices":[],"gutentor_comment":0,"rttpg_featured_image_url":{"full":["https:\/\/arantv.az\/wp-content\/uploads\/2021\/01\/414870865.jpg",649,351,false],"landscape":["https:\/\/arantv.az\/wp-content\/uploads\/2021\/01\/414870865.jpg",649,351,false],"portraits":["https:\/\/arantv.az\/wp-content\/uploads\/2021\/01\/414870865.jpg",649,351,false],"thumbnail":["https:\/\/arantv.az\/wp-content\/uploads\/2021\/01\/414870865-150x150.jpg",150,150,true],"medium":["https:\/\/arantv.az\/wp-content\/uploads\/2021\/01\/414870865-300x162.jpg",300,162,true],"large":["https:\/\/arantv.az\/wp-content\/uploads\/2021\/01\/414870865.jpg",640,346,false],"1536x1536":["https:\/\/arantv.az\/wp-content\/uploads\/2021\/01\/414870865.jpg",649,351,false],"2048x2048":["https:\/\/arantv.az\/wp-content\/uploads\/2021\/01\/414870865.jpg",649,351,false],"post-thumbnail":["https:\/\/arantv.az\/wp-content\/uploads\/2021\/01\/414870865-240x172.jpg",240,172,true],"advps-thumb-one":["https:\/\/arantv.az\/wp-content\/uploads\/2021\/01\/414870865.jpg",649,351,false]},"rttpg_author":{"display_name":"V\u00fcsal Rafiqo\u011flu","author_link":"https:\/\/arantv.az\/?author=2"},"rttpg_comment":0,"rttpg_category":"<a href=\"https:\/\/arantv.az\/?cat=26\" rel=\"category\">Sosial<\/a>","rttpg_excerpt":"Bu g\u00fcnd\u0259n yanvar\u0131n 4-\u00fc saat 06:00-d\u0259k b\u00fct\u00fcn \u00f6lk\u0259 \u0259razisind\u0259 ictimai n\u0259qliyyat\u0131n f\u0259aliyy\u0259ti dayand\u0131r\u0131l\u0131b. ARANTV.AZ\u00a0\u00a0x\u0259b\u0259r\u00a0verir ki, Nazirl\u0259r Kabineti yan\u0131nda Operativ Q\u0259rargah\u0131n q\u0259rar\u0131na \u0259sas\u0259n, yanvar\u0131n 18-d\u0259k b\u00fct\u00fcn \u00f6lk\u0259 \u0259razisind\u0259 \u015f\u0259nb\u0259 v\u0259 bazar g\u00fcnl\u0259ri ictimai n\u0259qliyyat\u0131n f\u0259aliyy\u0259ti dayand\u0131r\u0131l\u0131r. Q\u0259rara \u0259sas\u0259n, 2 yanvar saat 00:00-dan 4 yanvar saat 06:00-d\u0259k \u00f6lk\u0259 \u0259razisind\u0259 ictimai n\u0259qliyyat f\u0259aliyy\u0259t g\u00f6st\u0259rm\u0259y\u0259c\u0259k. Qeyd ed\u0259k ki, Bak\u0131&hellip;","_links":{"self":[{"href":"https:\/\/arantv.az\/index.php?rest_route=\/wp\/v2\/posts\/264435"}],"collection":[{"href":"https:\/\/arantv.az\/index.php?rest_route=\/wp\/v2\/posts"}],"about":[{"href":"https:\/\/arantv.az\/index.php?rest_route=\/wp\/v2\/types\/post"}],"author":[{"embeddable":true,"href":"https:\/\/arantv.az\/index.php?rest_route=\/wp\/v2\/users\/2"}],"replies":[{"embeddable":true,"href":"https:\/\/arantv.az\/index.php?rest_route=%2Fwp%2Fv2%2Fcomments&post=264435"}],"version-history":[{"count":0,"href":"https:\/\/arantv.az\/index.php?rest_route=\/wp\/v2\/posts\/264435\/revisions"}],"wp:featuredmedia":[{"embeddable":true,"href":"https:\/\/arantv.az\/index.php?rest_route=\/wp\/v2\/media\/264436"}],"wp:attachment":[{"href":"https:\/\/arantv.az\/index.php?rest_route=%2Fwp%2Fv2%2Fmedia&parent=264435"}],"wp:term":[{"taxonomy":"category","embeddable":true,"href":"https:\/\/arantv.az\/index.php?rest_route=%2Fwp%2Fv2%2Fcategories&post=264435"},{"taxonomy":"post_tag","embeddable":true,"href":"https:\/\/arantv.az\/index.php?rest_route=%2Fwp%2Fv2%2Ftags&post=264435"}],"curies":[{"name":"wp","href":"https:\/\/api.w.org\/{rel}","templated":true}]}}