{"id":264439,"date":"2021-01-02T11:32:51","date_gmt":"2021-01-02T08:32:51","guid":{"rendered":"http:\/\/arantv.az\/?p=264439"},"modified":"2021-01-02T11:32:51","modified_gmt":"2021-01-02T08:32:51","slug":"kutl%c9%99vi-immunitet-n%c9%99dir-v%c9%99-n%c9%99y%c9%99-xidm%c9%99t-edir","status":"publish","type":"post","link":"https:\/\/arantv.az\/?p=264439","title":{"rendered":"K\u00fctl\u0259vi immunitet n\u0259dir v\u0259 n\u0259y\u0259 xidm\u0259t edir?"},"content":{"rendered":"<p>Koronavirusa qar\u015f\u0131 k\u00fctl\u0259vi vaksinasiya insanlarda bu x\u0259st\u0259liy\u0259 qar\u015f\u0131 kollektiv immunitet yaratmaq m\u0259qs\u0259di da\u015f\u0131y\u0131r. Bunun \u00fc\u00e7\u00fcn on milyonlarla insan\u0131n peyv\u0259nd vurdurmas\u0131 laz\u0131md\u0131r.<\/p>\n<p><strong>ARANTV.AZ<\/strong> Publika.az-a istinad\u0259n\u00a0<a title=\"xeberler son xeberler 2020\" href=\"https:\/\/big.az\/\" target=\"_blank\" rel=\"noopener\">x\u0259b\u0259r<\/a>\u00a0verir ki, bu bar\u0259d\u0259 teleapar\u0131c\u0131 Aleksandr Myasnikov dan\u0131\u015f\u0131b.<\/p>\n<div id=\"AdviadNativeVideo0\" class=\"AdviadNativeVideo\"><\/div>\n<p>O, qeyd edib ki, \u0259slind\u0259 k\u00fclt\u0259vi immunitet vaksin q\u0259bul ed\u0259nl\u0259r\u0259 laz\u0131m deyil, \u00e7\u00fcnki onlar immuniteti \u00f6zl\u0259rin\u0259 m\u0259xsus \u015f\u0259xsi \u0259ld\u0259 edirl\u0259r: &#8220;K\u00fctl\u0259vi immunitet vaksin vurduranlara laz\u0131m deyil. Bu, peyv\u0259nd ed\u0259 bilm\u0259y\u0259nl\u0259r, allergiya x\u0259st\u0259l\u0259ri, m\u00fcalic\u0259si olan \u015f\u0259xsl\u0259r v\u0259 imtina ed\u0259nl\u0259r \u00fc\u00e7\u00fcnd\u00fcr. K\u00fctl\u0259vi immunitet say\u0259sind\u0259 yuxar\u0131da g\u00f6st\u0259ril\u0259n m\u00fcdafi\u0259siz v\u0259 peyv\u0259nd olunmayan insanlar \u00fc\u00e7\u00fcn peyv\u0259nd edilmi\u015f t\u0259b\u0259q\u0259 yarad\u0131l\u0131r &#8220;, &#8211; Myasnikov a\u00e7\u0131qlamas\u0131nda qeyd edib.<\/p>\n<p>M\u00fct\u0259x\u0259ssis \u0259lav\u0259 edib ki, vaksin ilk n\u00f6vb\u0259d\u0259 risk qruplar\u0131na: ya\u015fl\u0131lara, xroniki x\u0259st\u0259likl\u0259ri olan insanlara, h\u0259kiml\u0259r\u0259, sosial i\u015f\u00e7il\u0259r\u0259 v\u0259 ox\u015far pe\u015f\u0259l\u0259rin n\u00fcmay\u0259nd\u0259l\u0259rin\u0259 vurulmal\u0131d\u0131r.<\/p>\n","protected":false},"excerpt":{"rendered":"<p>Koronavirusa qar\u015f\u0131 k\u00fctl\u0259vi vaksinasiya insanlarda bu x\u0259st\u0259liy\u0259 qar\u015f\u0131 kollektiv immunitet yaratmaq m\u0259qs\u0259di da\u015f\u0131y\u0131r. Bunun \u00fc\u00e7\u00fcn on milyonlarla insan\u0131n peyv\u0259nd vurdurmas\u0131 laz\u0131md\u0131r. ARANTV.AZ Publika.az-a istinad\u0259n\u00a0x\u0259b\u0259r\u00a0verir ki, bu bar\u0259d\u0259 teleapar\u0131c\u0131 Aleksandr Myasnikov dan\u0131\u015f\u0131b. O, qeyd edib ki, \u0259slind\u0259 k\u00fclt\u0259vi immunitet vaksin q\u0259bul ed\u0259nl\u0259r\u0259 laz\u0131m deyil, \u00e7\u00fcnki onlar immuniteti \u00f6zl\u0259rin\u0259 m\u0259xsus \u015f\u0259xsi \u0259ld\u0259 edirl\u0259r: &#8220;K\u00fctl\u0259vi immunitet vaksin vurduranlara laz\u0131m deyil. Bu, peyv\u0259nd ed\u0259 bilm\u0259y\u0259nl\u0259r, allergiya x\u0259st\u0259l\u0259ri, m\u00fcalic\u0259si olan \u015f\u0259xsl\u0259r v\u0259 imtina ed\u0259nl\u0259r \u00fc\u00e7\u00fcnd\u00fcr. K\u00fctl\u0259vi immunitet say\u0259sind\u0259 yuxar\u0131da g\u00f6st\u0259ril\u0259n m\u00fcdafi\u0259siz v\u0259 peyv\u0259nd olunmayan insanlar \u00fc\u00e7\u00fcn peyv\u0259nd edilmi\u015f t\u0259b\u0259q\u0259 yarad\u0131l\u0131r &#8220;, &#8211; Myasnikov a\u00e7\u0131qlamas\u0131nda qeyd&hellip;<\/p>\n","protected":false},"author":2,"featured_media":264440,"comment_status":"closed","ping_status":"closed","sticky":false,"template":"","format":"standard","meta":{"om_disable_all_campaigns":false,"_monsterinsights_skip_tracking":false,"_monsterinsights_sitenote_active":false,"_monsterinsights_sitenote_note":"","_monsterinsights_sitenote_category":0},"categories":[26],"tags":[],"aioseo_notices":[],"gutentor_comment":0,"rttpg_featured_image_url":{"full":["https:\/\/arantv.az\/wp-content\/uploads\/2021\/01\/1276726720052.4326.jpg",649,365,false],"landscape":["https:\/\/arantv.az\/wp-content\/uploads\/2021\/01\/1276726720052.4326.jpg",649,365,false],"portraits":["https:\/\/arantv.az\/wp-content\/uploads\/2021\/01\/1276726720052.4326.jpg",649,365,false],"thumbnail":["https:\/\/arantv.az\/wp-content\/uploads\/2021\/01\/1276726720052.4326-150x150.jpg",150,150,true],"medium":["https:\/\/arantv.az\/wp-content\/uploads\/2021\/01\/1276726720052.4326-300x169.jpg",300,169,true],"large":["https:\/\/arantv.az\/wp-content\/uploads\/2021\/01\/1276726720052.4326.jpg",640,360,false],"1536x1536":["https:\/\/arantv.az\/wp-content\/uploads\/2021\/01\/1276726720052.4326.jpg",649,365,false],"2048x2048":["https:\/\/arantv.az\/wp-content\/uploads\/2021\/01\/1276726720052.4326.jpg",649,365,false],"post-thumbnail":["https:\/\/arantv.az\/wp-content\/uploads\/2021\/01\/1276726720052.4326-240x172.jpg",240,172,true],"advps-thumb-one":["https:\/\/arantv.az\/wp-content\/uploads\/2021\/01\/1276726720052.4326.jpg",649,365,false]},"rttpg_author":{"display_name":"V\u00fcsal Rafiqo\u011flu","author_link":"https:\/\/arantv.az\/?author=2"},"rttpg_comment":0,"rttpg_category":"<a href=\"https:\/\/arantv.az\/?cat=26\" rel=\"category\">Sosial<\/a>","rttpg_excerpt":"Koronavirusa qar\u015f\u0131 k\u00fctl\u0259vi vaksinasiya insanlarda bu x\u0259st\u0259liy\u0259 qar\u015f\u0131 kollektiv immunitet yaratmaq m\u0259qs\u0259di da\u015f\u0131y\u0131r. Bunun \u00fc\u00e7\u00fcn on milyonlarla insan\u0131n peyv\u0259nd vurdurmas\u0131 laz\u0131md\u0131r. ARANTV.AZ Publika.az-a istinad\u0259n\u00a0x\u0259b\u0259r\u00a0verir ki, bu bar\u0259d\u0259 teleapar\u0131c\u0131 Aleksandr Myasnikov dan\u0131\u015f\u0131b. O, qeyd edib ki, \u0259slind\u0259 k\u00fclt\u0259vi immunitet vaksin q\u0259bul ed\u0259nl\u0259r\u0259 laz\u0131m deyil, \u00e7\u00fcnki onlar immuniteti \u00f6zl\u0259rin\u0259 m\u0259xsus \u015f\u0259xsi \u0259ld\u0259 edirl\u0259r: &#8220;K\u00fctl\u0259vi immunitet vaksin vurduranlara&hellip;","_links":{"self":[{"href":"https:\/\/arantv.az\/index.php?rest_route=\/wp\/v2\/posts\/264439"}],"collection":[{"href":"https:\/\/arantv.az\/index.php?rest_route=\/wp\/v2\/posts"}],"about":[{"href":"https:\/\/arantv.az\/index.php?rest_route=\/wp\/v2\/types\/post"}],"author":[{"embeddable":true,"href":"https:\/\/arantv.az\/index.php?rest_route=\/wp\/v2\/users\/2"}],"replies":[{"embeddable":true,"href":"https:\/\/arantv.az\/index.php?rest_route=%2Fwp%2Fv2%2Fcomments&post=264439"}],"version-history":[{"count":0,"href":"https:\/\/arantv.az\/index.php?rest_route=\/wp\/v2\/posts\/264439\/revisions"}],"wp:featuredmedia":[{"embeddable":true,"href":"https:\/\/arantv.az\/index.php?rest_route=\/wp\/v2\/media\/264440"}],"wp:attachment":[{"href":"https:\/\/arantv.az\/index.php?rest_route=%2Fwp%2Fv2%2Fmedia&parent=264439"}],"wp:term":[{"taxonomy":"category","embeddable":true,"href":"https:\/\/arantv.az\/index.php?rest_route=%2Fwp%2Fv2%2Fcategories&post=264439"},{"taxonomy":"post_tag","embeddable":true,"href":"https:\/\/arantv.az\/index.php?rest_route=%2Fwp%2Fv2%2Ftags&post=264439"}],"curies":[{"name":"wp","href":"https:\/\/api.w.org\/{rel}","templated":true}]}}