{"id":264447,"date":"2021-01-02T11:38:49","date_gmt":"2021-01-02T08:38:49","guid":{"rendered":"http:\/\/arantv.az\/?p=264447"},"modified":"2021-01-02T11:38:49","modified_gmt":"2021-01-02T08:38:49","slug":"nazirlik-daha-bir-qazinin-ail%c9%99sini-m%c9%99nzill%c9%99-t%c9%99min-etdi-foto","status":"publish","type":"post","link":"https:\/\/arantv.az\/?p=264447","title":{"rendered":"Nazirlik daha bir qazinin ail\u0259sini m\u0259nzill\u0259 t\u0259min etdi &#8211; FOTO"},"content":{"rendered":"<p>\u018fm\u0259k v\u0259 \u018fhalinin Sosial M\u00fcdafi\u0259si Nazirliyi V\u0259t\u0259n m\u00fcharib\u0259sinin i\u015ftirak\u00e7\u0131s\u0131, d\u00f6y\u00fc\u015fl\u0259rd\u0259 yaralanm\u0131\u015f M\u0259mm\u0259d \u018fkb\u0259rovun ail\u0259sinin d\u0259 m\u0259nzill\u0259 t\u0259min edilm\u0259sini q\u0259rara al\u0131b.<\/p>\n<p>Nazirliyin tabeliyind\u0259ki Sosial Xidm\u0259tl\u0259r Agentliyinin s\u0259dri V\u00fcqar Behbudov ail\u0259 il\u0259 g\u00f6r\u00fc\u015f\u00fcb, onlar\u0131n sosial v\u0259ziyy\u0259tini \u00f6yr\u0259nib.<\/p>\n<p>M\u0259mm\u0259d V\u0259t\u0259n m\u00fcharib\u0259sinin ilk g\u00fcnl\u0259rind\u0259n d\u00f6y\u00fc\u015fl\u0259r\u0259 qat\u0131laraq C\u0259bray\u0131l v\u0259 Qubadl\u0131n\u0131n azad edilm\u0259si u\u011frunda d\u00f6y\u00fc\u015fl\u0259rd\u0259 q\u0259hr\u0259mancas\u0131na sava\u015f\u0131b. H\u0259tta\u00a0x\u0259sar\u0259t almas\u0131na baxmayaraq, d\u00f6y\u00fc\u015fl\u0259r\u0259 davam edib. Oktyabr\u0131n 21-d\u0259\u00a0 Qubadl\u0131\u00a0u\u011frunda sava\u015fda n\u00f6vb\u0259ti d\u0259f\u0259 yaralan\u0131b.<\/p>\n<div id=\"AdviadNativeVideo0\" class=\"AdviadNativeVideo\"><\/div>\n<p>Haz\u0131rda m\u00fcalic\u0259sini evd\u0259 davam ed\u0259n M\u0259mm\u0259d\u00a0\u0259lilliy\u0259 g\u00f6r\u0259 t\u0259qa\u00fcd alan atas\u0131,\u00a0orta m\u0259kt\u0259bd\u0259 \u00e7al\u0131\u015fan anas\u0131, qarda\u015f\u0131 v\u0259 m\u0259kt\u0259bli bac\u0131s\u0131 il\u0259 birg\u0259 ya\u015fay\u0131r.<\/p>\n<p>Ail\u0259nin m\u0259i\u015f\u0259t durumu, ail\u0259 t\u0259rkibi n\u0259z\u0259r\u0259 al\u0131naraq nazirlik t\u0259r\u0259find\u0259n onlar\u0131n m\u0259nzil \u015f\u0259raitinin yax\u015f\u0131la\u015fd\u0131r\u0131lmas\u0131 q\u0259rara al\u0131n\u0131b.<\/p>\n<p>Art\u0131q bu m\u0259qs\u0259dl\u0259 sosial t\u0259r\u0259fda\u015f\u0131n d\u0259st\u0259yi il\u0259 ail\u0259 \u00fc\u00e7\u00fcn\u00a0ikiotaql\u0131 m\u0259nzil al\u0131n\u0131b.<\/p>\n<p>Evin s\u0259n\u0259dl\u0259\u015fm\u0259 prosesi yeni ilin ilk i\u015f g\u00fcn\u00fcnd\u0259n apar\u0131lacaq v\u0259 q\u0131sa m\u00fcdd\u0259td\u0259 ail\u0259 yeni evin\u0259 k\u00f6\u00e7\u0259c\u0259k.<\/p>\n<p>Qeyd ed\u0259k ki, bundan \u0259vv\u0259l nazirliyin tabeliyind\u0259ki D\u00f6vl\u0259t M\u0259\u015f\u011fulluq Agentliyinin s\u0259dri Mustafa Abbasb\u0259yli d\u0259 ail\u0259 il\u0259 g\u00f6r\u00fc\u015fm\u00fc\u015fd\u00fc.<\/p>\n<p>Qazi v\u0259 qarda\u015f\u0131n\u0131n m\u0259\u015f\u011fullu\u011funa d\u0259st\u0259k \u00fc\u00e7\u00fcn ist\u0259kl\u0259ri \u0259sas\u0131nda onlar \u00f6d\u0259ni\u015fli ictimai i\u015fl\u0259r\u0259 d\u0259 c\u0259lb olunublar.<\/p>\n<div class=\"gallery\">\n<div class=\"gallery-i\"><img src=\"https:\/\/cdn.oxu.az\/uploads\/W1siZiIsIjIwMjEvMDEvMDIvMTIvMjYvMDcvYzZhNzQxMmMtNGNhNi00NDk0LTg2MDUtM2ZmNzdmZDQ0MjI4LzYuSlBHIl0sWyJwIiwiZW5jb2RlIiwianBnIiwiLXF1YWxpdHkgODAiXSxbInAiLCJ0aHVtYiIsIjU5MHg1OTBcdTAwM2UiXV0?sha=2929d95e12374398\" \/><\/p>\n<div class=\"gallery-i-caption\"><\/div>\n<\/div>\n<div class=\"gallery-i\"><img src=\"https:\/\/cdn.oxu.az\/uploads\/W1siZiIsIjIwMjEvMDEvMDIvMTIvMjYvMDgvOWU4Yzg3YmYtZTA4Zi00NGE4LWEzOTUtMjNlNWE3MWNkNjNiLzUuanBnIl0sWyJwIiwiZW5jb2RlIiwianBnIiwiLXF1YWxpdHkgODAiXSxbInAiLCJ0aHVtYiIsIjU5MHg1OTBcdTAwM2UiXV0?sha=2dfee97d033a0c38\" \/><\/p>\n<div class=\"gallery-i-caption\"><\/div>\n<\/div>\n<div class=\"gallery-i\"><img src=\"https:\/\/cdn.oxu.az\/uploads\/W1siZiIsIjIwMjEvMDEvMDIvMTIvMjYvMDgvNDQ2NTNmMjYtN2IzZi00MTU1LWIxOTEtOTEzOWYwNjY2YTQ1LzQuanBnIl0sWyJwIiwiZW5jb2RlIiwianBnIiwiLXF1YWxpdHkgODAiXSxbInAiLCJ0aHVtYiIsIjU5MHg1OTBcdTAwM2UiXV0?sha=35485129636d9db8\" \/><\/p>\n<div class=\"gallery-i-caption\"><\/div>\n<\/div>\n<div class=\"gallery-i\"><img src=\"https:\/\/cdn.oxu.az\/uploads\/W1siZiIsIjIwMjEvMDEvMDIvMTIvMjYvMDgvNjZjYzllZjQtYzhkNi00MzU1LTg5MTEtZmYxZjE5Yjk5OThkLzMuSlBHIl0sWyJwIiwiZW5jb2RlIiwianBnIiwiLXF1YWxpdHkgODAiXSxbInAiLCJ0aHVtYiIsIjU5MHg1OTBcdTAwM2UiXV0?sha=5c95ee5308d9384c\" \/><\/p>\n<div class=\"gallery-i-caption\"><\/div>\n<\/div>\n<div class=\"gallery-i\"><img src=\"https:\/\/cdn.oxu.az\/uploads\/W1siZiIsIjIwMjEvMDEvMDIvMTIvMjYvMDgvYjEzODA3YWMtNzNkOS00ODU4LThlZDYtMzZmNzQ3YTdjNjJhLzIuSlBHIl0sWyJwIiwiZW5jb2RlIiwianBnIiwiLXF1YWxpdHkgODAiXSxbInAiLCJ0aHVtYiIsIjU5MHg1OTBcdTAwM2UiXV0?sha=c80e84c6ae0b66a6\" \/><\/p>\n<div class=\"gallery-i-caption\"><\/div>\n<\/div>\n<div class=\"gallery-i\"><img src=\"https:\/\/cdn.oxu.az\/uploads\/W1siZiIsIjIwMjEvMDEvMDIvMTIvMjYvMDkvZjdiNmM1ZTktOWI5ZS00OWU3LTg5NTMtYmNiNjliM2I1ZTFlLzEuSlBHIl0sWyJwIiwiZW5jb2RlIiwianBnIiwiLXF1YWxpdHkgODAiXSxbInAiLCJ0aHVtYiIsIjU5MHg1OTBcdTAwM2UiXV0?sha=97126f2a57c6f1a3\" \/><\/div>\n<\/div>\n","protected":false},"excerpt":{"rendered":"<p>\u018fm\u0259k v\u0259 \u018fhalinin Sosial M\u00fcdafi\u0259si Nazirliyi V\u0259t\u0259n m\u00fcharib\u0259sinin i\u015ftirak\u00e7\u0131s\u0131, d\u00f6y\u00fc\u015fl\u0259rd\u0259 yaralanm\u0131\u015f M\u0259mm\u0259d \u018fkb\u0259rovun ail\u0259sinin d\u0259 m\u0259nzill\u0259 t\u0259min edilm\u0259sini q\u0259rara al\u0131b. Nazirliyin tabeliyind\u0259ki Sosial Xidm\u0259tl\u0259r Agentliyinin s\u0259dri V\u00fcqar Behbudov ail\u0259 il\u0259 g\u00f6r\u00fc\u015f\u00fcb, onlar\u0131n sosial v\u0259ziyy\u0259tini \u00f6yr\u0259nib. M\u0259mm\u0259d V\u0259t\u0259n m\u00fcharib\u0259sinin ilk g\u00fcnl\u0259rind\u0259n d\u00f6y\u00fc\u015fl\u0259r\u0259 qat\u0131laraq C\u0259bray\u0131l v\u0259 Qubadl\u0131n\u0131n azad edilm\u0259si u\u011frunda d\u00f6y\u00fc\u015fl\u0259rd\u0259 q\u0259hr\u0259mancas\u0131na sava\u015f\u0131b. H\u0259tta\u00a0x\u0259sar\u0259t almas\u0131na baxmayaraq, d\u00f6y\u00fc\u015fl\u0259r\u0259 davam edib. Oktyabr\u0131n 21-d\u0259\u00a0 Qubadl\u0131\u00a0u\u011frunda sava\u015fda n\u00f6vb\u0259ti d\u0259f\u0259 yaralan\u0131b. Haz\u0131rda m\u00fcalic\u0259sini evd\u0259 davam ed\u0259n M\u0259mm\u0259d\u00a0\u0259lilliy\u0259 g\u00f6r\u0259 t\u0259qa\u00fcd alan atas\u0131,\u00a0orta m\u0259kt\u0259bd\u0259 \u00e7al\u0131\u015fan anas\u0131, qarda\u015f\u0131 v\u0259 m\u0259kt\u0259bli bac\u0131s\u0131 il\u0259 birg\u0259 ya\u015fay\u0131r. Ail\u0259nin m\u0259i\u015f\u0259t durumu, ail\u0259 t\u0259rkibi n\u0259z\u0259r\u0259&hellip;<\/p>\n","protected":false},"author":2,"featured_media":264448,"comment_status":"closed","ping_status":"closed","sticky":false,"template":"","format":"standard","meta":{"om_disable_all_campaigns":false,"_monsterinsights_skip_tracking":false,"_monsterinsights_sitenote_active":false,"_monsterinsights_sitenote_note":"","_monsterinsights_sitenote_category":0},"categories":[26],"tags":[],"aioseo_notices":[],"gutentor_comment":0,"rttpg_featured_image_url":{"full":["https:\/\/arantv.az\/wp-content\/uploads\/2021\/01\/4.jpg",620,413,false],"landscape":["https:\/\/arantv.az\/wp-content\/uploads\/2021\/01\/4.jpg",620,413,false],"portraits":["https:\/\/arantv.az\/wp-content\/uploads\/2021\/01\/4.jpg",620,413,false],"thumbnail":["https:\/\/arantv.az\/wp-content\/uploads\/2021\/01\/4-150x150.jpg",150,150,true],"medium":["https:\/\/arantv.az\/wp-content\/uploads\/2021\/01\/4-300x200.jpg",300,200,true],"large":["https:\/\/arantv.az\/wp-content\/uploads\/2021\/01\/4.jpg",620,413,false],"1536x1536":["https:\/\/arantv.az\/wp-content\/uploads\/2021\/01\/4.jpg",620,413,false],"2048x2048":["https:\/\/arantv.az\/wp-content\/uploads\/2021\/01\/4.jpg",620,413,false],"post-thumbnail":["https:\/\/arantv.az\/wp-content\/uploads\/2021\/01\/4-240x172.jpg",240,172,true],"advps-thumb-one":["https:\/\/arantv.az\/wp-content\/uploads\/2021\/01\/4.jpg",620,413,false]},"rttpg_author":{"display_name":"V\u00fcsal Rafiqo\u011flu","author_link":"https:\/\/arantv.az\/?author=2"},"rttpg_comment":0,"rttpg_category":"<a href=\"https:\/\/arantv.az\/?cat=26\" rel=\"category\">Sosial<\/a>","rttpg_excerpt":"\u018fm\u0259k v\u0259 \u018fhalinin Sosial M\u00fcdafi\u0259si Nazirliyi V\u0259t\u0259n m\u00fcharib\u0259sinin i\u015ftirak\u00e7\u0131s\u0131, d\u00f6y\u00fc\u015fl\u0259rd\u0259 yaralanm\u0131\u015f M\u0259mm\u0259d \u018fkb\u0259rovun ail\u0259sinin d\u0259 m\u0259nzill\u0259 t\u0259min edilm\u0259sini q\u0259rara al\u0131b. Nazirliyin tabeliyind\u0259ki Sosial Xidm\u0259tl\u0259r Agentliyinin s\u0259dri V\u00fcqar Behbudov ail\u0259 il\u0259 g\u00f6r\u00fc\u015f\u00fcb, onlar\u0131n sosial v\u0259ziyy\u0259tini \u00f6yr\u0259nib. M\u0259mm\u0259d V\u0259t\u0259n m\u00fcharib\u0259sinin ilk g\u00fcnl\u0259rind\u0259n d\u00f6y\u00fc\u015fl\u0259r\u0259 qat\u0131laraq C\u0259bray\u0131l v\u0259 Qubadl\u0131n\u0131n azad edilm\u0259si u\u011frunda d\u00f6y\u00fc\u015fl\u0259rd\u0259 q\u0259hr\u0259mancas\u0131na sava\u015f\u0131b. H\u0259tta\u00a0x\u0259sar\u0259t almas\u0131na baxmayaraq, d\u00f6y\u00fc\u015fl\u0259r\u0259&hellip;","_links":{"self":[{"href":"https:\/\/arantv.az\/index.php?rest_route=\/wp\/v2\/posts\/264447"}],"collection":[{"href":"https:\/\/arantv.az\/index.php?rest_route=\/wp\/v2\/posts"}],"about":[{"href":"https:\/\/arantv.az\/index.php?rest_route=\/wp\/v2\/types\/post"}],"author":[{"embeddable":true,"href":"https:\/\/arantv.az\/index.php?rest_route=\/wp\/v2\/users\/2"}],"replies":[{"embeddable":true,"href":"https:\/\/arantv.az\/index.php?rest_route=%2Fwp%2Fv2%2Fcomments&post=264447"}],"version-history":[{"count":0,"href":"https:\/\/arantv.az\/index.php?rest_route=\/wp\/v2\/posts\/264447\/revisions"}],"wp:featuredmedia":[{"embeddable":true,"href":"https:\/\/arantv.az\/index.php?rest_route=\/wp\/v2\/media\/264448"}],"wp:attachment":[{"href":"https:\/\/arantv.az\/index.php?rest_route=%2Fwp%2Fv2%2Fmedia&parent=264447"}],"wp:term":[{"taxonomy":"category","embeddable":true,"href":"https:\/\/arantv.az\/index.php?rest_route=%2Fwp%2Fv2%2Fcategories&post=264447"},{"taxonomy":"post_tag","embeddable":true,"href":"https:\/\/arantv.az\/index.php?rest_route=%2Fwp%2Fv2%2Ftags&post=264447"}],"curies":[{"name":"wp","href":"https:\/\/api.w.org\/{rel}","templated":true}]}}