{"id":264778,"date":"2021-01-04T09:06:40","date_gmt":"2021-01-04T06:06:40","guid":{"rendered":"http:\/\/arantv.az\/?p=264778"},"modified":"2021-01-04T09:06:40","modified_gmt":"2021-01-04T06:06:40","slug":"pasinyan-buna-gor%c9%99-rusiyadan-yardim-ist%c9%99di","status":"publish","type":"post","link":"https:\/\/arantv.az\/?p=264778","title":{"rendered":"Pa\u015finyan buna g\u00f6r\u0259 Rusiyadan YARDIM \u0130ST\u018fD\u0130"},"content":{"rendered":"<p>Erm\u0259nistan\u0131n ba\u015f naziri Nikol Pa\u015finyan Yerevanda Rusiya Federasiyas\u0131 Ba\u015f nazirinin m\u00fcavini Aleksey Over\u00e7ukla Erm\u0259nistan-Rusiya \u0259m\u0259kda\u015fl\u0131\u011f\u0131n\u0131 v\u0259 Qaraba\u011fdak\u0131 m\u00f6vcud v\u0259ziyy\u0259ti m\u00fczakir\u0259 edib.<\/p>\n<p><strong>ARANTV.AZ\u00a0<\/strong> x\u0259b\u0259r verir ki, bu bar\u0259d\u0259 Erm\u0259nistan\u0131n Nazirl\u0259r Kabinetinin m\u0259tbuat xidm\u0259ti m\u0259lumat yay\u0131b.<\/p>\n<p>Qeyd edilir ki, Pa\u015finyan g\u00f6r\u00fc\u015f\u00fcn gedi\u015fat\u0131nda Erm\u0259nistan-Rusiya qar\u015f\u0131l\u0131ql\u0131 \u0259laq\u0259l\u0259rinin m\u00fczakir\u0259si kontekstind\u0259 Over\u00e7ukun s\u0259f\u0259rinin \u0259h\u0259miyy\u0259tini qeyd edib.<\/p>\n<p>Pa\u015finyan Over\u00e7ukla Da\u011fl\u0131q Qaraba\u011fda yaranm\u0131\u015f v\u0259ziyy\u0259ti, Erm\u0259nistana humanitar yard\u0131m\u0131 m\u00fczakir\u0259 edib. Erm\u0259nistan\u0131n ba\u015f naziri x\u00fcsus\u0259n Rusiya r\u0259smisi il\u0259 erm\u0259ni \u0259sirl\u0259rin v\u0259 m\u00fcharib\u0259d\u0259 h\u0259lak olanlar\u0131n meyitl\u0259rinin d\u0259yi\u015fdirilm\u0259sini diqq\u0259t m\u0259rk\u0259zind\u0259 saxlay\u0131b.<\/p>\n<p>H\u00f6kum\u0259t r\u0259smil\u0259ri el\u0259c\u0259 d\u0259 Erm\u0259nistan-Rusiya \u0259laq\u0259l\u0259ri m\u0259s\u0259l\u0259si \u0259traf\u0131nda m\u00fczakir\u0259l\u0259r apar\u0131blar. Erm\u0259nistan\u0131n ba\u015f naziri v\u0259 Rusiya Federasiyas\u0131n\u0131n ba\u015f nazirinin m\u00fcavini energetika, n\u0259qliyyat, ikit\u0259r\u0259fli \u0259laq\u0259l\u0259ri n\u0259z\u0259rd\u0259n ke\u00e7iribl\u0259r.&#8221;Report&#8221;<\/p>\n","protected":false},"excerpt":{"rendered":"<p>Erm\u0259nistan\u0131n ba\u015f naziri Nikol Pa\u015finyan Yerevanda Rusiya Federasiyas\u0131 Ba\u015f nazirinin m\u00fcavini Aleksey Over\u00e7ukla Erm\u0259nistan-Rusiya \u0259m\u0259kda\u015fl\u0131\u011f\u0131n\u0131 v\u0259 Qaraba\u011fdak\u0131 m\u00f6vcud v\u0259ziyy\u0259ti m\u00fczakir\u0259 edib. ARANTV.AZ\u00a0 x\u0259b\u0259r verir ki, bu bar\u0259d\u0259 Erm\u0259nistan\u0131n Nazirl\u0259r Kabinetinin m\u0259tbuat xidm\u0259ti m\u0259lumat yay\u0131b. Qeyd edilir ki, Pa\u015finyan g\u00f6r\u00fc\u015f\u00fcn gedi\u015fat\u0131nda Erm\u0259nistan-Rusiya qar\u015f\u0131l\u0131ql\u0131 \u0259laq\u0259l\u0259rinin m\u00fczakir\u0259si kontekstind\u0259 Over\u00e7ukun s\u0259f\u0259rinin \u0259h\u0259miyy\u0259tini qeyd edib. Pa\u015finyan Over\u00e7ukla Da\u011fl\u0131q Qaraba\u011fda yaranm\u0131\u015f v\u0259ziyy\u0259ti, Erm\u0259nistana humanitar yard\u0131m\u0131 m\u00fczakir\u0259 edib. Erm\u0259nistan\u0131n ba\u015f naziri x\u00fcsus\u0259n Rusiya r\u0259smisi il\u0259 erm\u0259ni \u0259sirl\u0259rin v\u0259 m\u00fcharib\u0259d\u0259 h\u0259lak olanlar\u0131n meyitl\u0259rinin d\u0259yi\u015fdirilm\u0259sini diqq\u0259t m\u0259rk\u0259zind\u0259 saxlay\u0131b. H\u00f6kum\u0259t r\u0259smil\u0259ri el\u0259c\u0259 d\u0259 Erm\u0259nistan-Rusiya \u0259laq\u0259l\u0259ri m\u0259s\u0259l\u0259si \u0259traf\u0131nda m\u00fczakir\u0259l\u0259r apar\u0131blar. Erm\u0259nistan\u0131n&hellip;<\/p>\n","protected":false},"author":2,"featured_media":264779,"comment_status":"closed","ping_status":"closed","sticky":false,"template":"","format":"standard","meta":{"om_disable_all_campaigns":false,"_monsterinsights_skip_tracking":false,"_monsterinsights_sitenote_active":false,"_monsterinsights_sitenote_note":"","_monsterinsights_sitenote_category":0},"categories":[7],"tags":[],"aioseo_notices":[],"gutentor_comment":0,"rttpg_featured_image_url":{"full":["https:\/\/arantv.az\/wp-content\/uploads\/2021\/01\/24fd3ec3-b84d-4a9b-8bbc-45bd996a688f_850.jpg",650,405,false],"landscape":["https:\/\/arantv.az\/wp-content\/uploads\/2021\/01\/24fd3ec3-b84d-4a9b-8bbc-45bd996a688f_850.jpg",650,405,false],"portraits":["https:\/\/arantv.az\/wp-content\/uploads\/2021\/01\/24fd3ec3-b84d-4a9b-8bbc-45bd996a688f_850.jpg",650,405,false],"thumbnail":["https:\/\/arantv.az\/wp-content\/uploads\/2021\/01\/24fd3ec3-b84d-4a9b-8bbc-45bd996a688f_850-150x150.jpg",150,150,true],"medium":["https:\/\/arantv.az\/wp-content\/uploads\/2021\/01\/24fd3ec3-b84d-4a9b-8bbc-45bd996a688f_850-300x187.jpg",300,187,true],"large":["https:\/\/arantv.az\/wp-content\/uploads\/2021\/01\/24fd3ec3-b84d-4a9b-8bbc-45bd996a688f_850.jpg",640,399,false],"1536x1536":["https:\/\/arantv.az\/wp-content\/uploads\/2021\/01\/24fd3ec3-b84d-4a9b-8bbc-45bd996a688f_850.jpg",650,405,false],"2048x2048":["https:\/\/arantv.az\/wp-content\/uploads\/2021\/01\/24fd3ec3-b84d-4a9b-8bbc-45bd996a688f_850.jpg",650,405,false],"post-thumbnail":["https:\/\/arantv.az\/wp-content\/uploads\/2021\/01\/24fd3ec3-b84d-4a9b-8bbc-45bd996a688f_850-240x172.jpg",240,172,true],"advps-thumb-one":["https:\/\/arantv.az\/wp-content\/uploads\/2021\/01\/24fd3ec3-b84d-4a9b-8bbc-45bd996a688f_850.jpg",650,405,false]},"rttpg_author":{"display_name":"V\u00fcsal Rafiqo\u011flu","author_link":"https:\/\/arantv.az\/?author=2"},"rttpg_comment":0,"rttpg_category":"<a href=\"https:\/\/arantv.az\/?cat=7\" rel=\"category\">D\u00fcnya<\/a>","rttpg_excerpt":"Erm\u0259nistan\u0131n ba\u015f naziri Nikol Pa\u015finyan Yerevanda Rusiya Federasiyas\u0131 Ba\u015f nazirinin m\u00fcavini Aleksey Over\u00e7ukla Erm\u0259nistan-Rusiya \u0259m\u0259kda\u015fl\u0131\u011f\u0131n\u0131 v\u0259 Qaraba\u011fdak\u0131 m\u00f6vcud v\u0259ziyy\u0259ti m\u00fczakir\u0259 edib. ARANTV.AZ\u00a0 x\u0259b\u0259r verir ki, bu bar\u0259d\u0259 Erm\u0259nistan\u0131n Nazirl\u0259r Kabinetinin m\u0259tbuat xidm\u0259ti m\u0259lumat yay\u0131b. Qeyd edilir ki, Pa\u015finyan g\u00f6r\u00fc\u015f\u00fcn gedi\u015fat\u0131nda Erm\u0259nistan-Rusiya qar\u015f\u0131l\u0131ql\u0131 \u0259laq\u0259l\u0259rinin m\u00fczakir\u0259si kontekstind\u0259 Over\u00e7ukun s\u0259f\u0259rinin \u0259h\u0259miyy\u0259tini qeyd edib. Pa\u015finyan Over\u00e7ukla Da\u011fl\u0131q Qaraba\u011fda yaranm\u0131\u015f&hellip;","_links":{"self":[{"href":"https:\/\/arantv.az\/index.php?rest_route=\/wp\/v2\/posts\/264778"}],"collection":[{"href":"https:\/\/arantv.az\/index.php?rest_route=\/wp\/v2\/posts"}],"about":[{"href":"https:\/\/arantv.az\/index.php?rest_route=\/wp\/v2\/types\/post"}],"author":[{"embeddable":true,"href":"https:\/\/arantv.az\/index.php?rest_route=\/wp\/v2\/users\/2"}],"replies":[{"embeddable":true,"href":"https:\/\/arantv.az\/index.php?rest_route=%2Fwp%2Fv2%2Fcomments&post=264778"}],"version-history":[{"count":0,"href":"https:\/\/arantv.az\/index.php?rest_route=\/wp\/v2\/posts\/264778\/revisions"}],"wp:featuredmedia":[{"embeddable":true,"href":"https:\/\/arantv.az\/index.php?rest_route=\/wp\/v2\/media\/264779"}],"wp:attachment":[{"href":"https:\/\/arantv.az\/index.php?rest_route=%2Fwp%2Fv2%2Fmedia&parent=264778"}],"wp:term":[{"taxonomy":"category","embeddable":true,"href":"https:\/\/arantv.az\/index.php?rest_route=%2Fwp%2Fv2%2Fcategories&post=264778"},{"taxonomy":"post_tag","embeddable":true,"href":"https:\/\/arantv.az\/index.php?rest_route=%2Fwp%2Fv2%2Ftags&post=264778"}],"curies":[{"name":"wp","href":"https:\/\/api.w.org\/{rel}","templated":true}]}}