{"id":264782,"date":"2021-01-04T09:07:53","date_gmt":"2021-01-04T06:07:53","guid":{"rendered":"http:\/\/arantv.az\/?p=264782"},"modified":"2021-01-04T09:07:53","modified_gmt":"2021-01-04T06:07:53","slug":"ruminiya-c%c9%99nub-qaz-d%c9%99hlizinin-t%c9%99rkib-hiss%c9%99si-olmaq-niyy%c9%99tind%c9%99dir","status":"publish","type":"post","link":"https:\/\/arantv.az\/?p=264782","title":{"rendered":"Rum\u0131niya C\u0259nub Qaz D\u0259hlizinin t\u0259rkib hiss\u0259si olmaq niyy\u0259tind\u0259dir"},"content":{"rendered":"<p><strong>T\u00fcrkm\u0259nistan t\u0259bii qaz t\u0259dar\u00fck\u00e7\u00fcs\u00fc olaraq C\u0259nub Qaz D\u0259hlizi layih\u0259sin\u0259 vacib t\u00f6hf\u0259 ver\u0259 bil\u0259r.<\/strong><\/p>\n<p><strong>ARANTV.AZ<\/strong>\u00a0 bildirir ki, bunu\u00a0<a href=\"https:\/\/az.trend.az\/\" target=\"_blank\" rel=\"noopener\">Trend<\/a>-\u0259\u00a0Rum\u0131niyan\u0131n \u0130qtisadiyyat, Energetika v\u0259 Biznes M\u00fchiti Nazirliyind\u0259n bildiribl\u0259r.<\/p>\n<p>M\u0259lumatda qeyd olunub ki, C\u0259nub Qaz D\u0259hlizi Avropa \u0130ttifaq\u0131n\u0131n enerji \u015fax\u0259l\u0259ndirilm\u0259si \u00fc\u00e7\u00fcn x\u00fcsusi \u0259h\u0259miyy\u0259t k\u0259sb edir:<\/p>\n<p>&#8220;Az\u0259rbaycan qaz\u0131 layih\u0259 \u00fc\u00e7\u00fcn \u0259sas t\u0259dar\u00fck m\u0259nb\u0259yi olsa da, n\u00f6vb\u0259ti m\u0259rh\u0259l\u0259l\u0259rd\u0259 T\u00fcrkm\u0259nistan, Yunan\u0131stan\u0131n mayel\u0259\u015fdirilmi\u015f t\u0259bii qaz terminallar\u0131 kimi t\u0259dar\u00fck m\u0259nb\u0259l\u0259ri d\u0259 n\u0259z\u0259rd\u0259n ke\u00e7iril\u0259c\u0259k&#8221;.<\/p>\n<p>Nazirlikd\u0259n bildiribl\u0259r ki, Trans-X\u0259z\u0259r qaz k\u0259m\u0259ri layih\u0259si Avropa Komissiyas\u0131n\u0131n maraq dair\u0259sin\u0259 daxil olan layih\u0259 kimi strateji status qazan\u0131b:&#8221;Rum\u0131niya \u0259vv\u0259ld\u0259n C\u0259nub Qaz D\u0259hlizini d\u0259st\u0259kl\u0259yib v\u0259 g\u0259l\u0259c\u0259k m\u0259rh\u0259l\u0259l\u0259rd\u0259 bu infrastrukturun bir hiss\u0259si olmaqda v\u0259 n\u0259ql olunacaq qaza \u00e7\u0131x\u0131\u015f \u0259ld\u0259 etm\u0259kd\u0259 maraql\u0131d\u0131r&#8221;.<\/p>\n","protected":false},"excerpt":{"rendered":"<p>T\u00fcrkm\u0259nistan t\u0259bii qaz t\u0259dar\u00fck\u00e7\u00fcs\u00fc olaraq C\u0259nub Qaz D\u0259hlizi layih\u0259sin\u0259 vacib t\u00f6hf\u0259 ver\u0259 bil\u0259r. ARANTV.AZ\u00a0 bildirir ki, bunu\u00a0Trend-\u0259\u00a0Rum\u0131niyan\u0131n \u0130qtisadiyyat, Energetika v\u0259 Biznes M\u00fchiti Nazirliyind\u0259n bildiribl\u0259r. M\u0259lumatda qeyd olunub ki, C\u0259nub Qaz D\u0259hlizi Avropa \u0130ttifaq\u0131n\u0131n enerji \u015fax\u0259l\u0259ndirilm\u0259si \u00fc\u00e7\u00fcn x\u00fcsusi \u0259h\u0259miyy\u0259t k\u0259sb edir: &#8220;Az\u0259rbaycan qaz\u0131 layih\u0259 \u00fc\u00e7\u00fcn \u0259sas t\u0259dar\u00fck m\u0259nb\u0259yi olsa da, n\u00f6vb\u0259ti m\u0259rh\u0259l\u0259l\u0259rd\u0259 T\u00fcrkm\u0259nistan, Yunan\u0131stan\u0131n mayel\u0259\u015fdirilmi\u015f t\u0259bii qaz terminallar\u0131 kimi t\u0259dar\u00fck m\u0259nb\u0259l\u0259ri d\u0259 n\u0259z\u0259rd\u0259n ke\u00e7iril\u0259c\u0259k&#8221;. Nazirlikd\u0259n bildiribl\u0259r ki, Trans-X\u0259z\u0259r qaz k\u0259m\u0259ri layih\u0259si Avropa Komissiyas\u0131n\u0131n maraq dair\u0259sin\u0259 daxil olan layih\u0259 kimi strateji status qazan\u0131b:&#8221;Rum\u0131niya \u0259vv\u0259ld\u0259n C\u0259nub Qaz D\u0259hlizini d\u0259st\u0259kl\u0259yib v\u0259 g\u0259l\u0259c\u0259k m\u0259rh\u0259l\u0259l\u0259rd\u0259 bu&hellip;<\/p>\n","protected":false},"author":2,"featured_media":264783,"comment_status":"closed","ping_status":"closed","sticky":false,"template":"","format":"standard","meta":{"om_disable_all_campaigns":false,"_monsterinsights_skip_tracking":false,"_monsterinsights_sitenote_active":false,"_monsterinsights_sitenote_note":"","_monsterinsights_sitenote_category":0},"categories":[19],"tags":[],"aioseo_notices":[],"gutentor_comment":0,"rttpg_featured_image_url":{"full":["https:\/\/arantv.az\/wp-content\/uploads\/2021\/01\/910406.jpg",800,600,false],"landscape":["https:\/\/arantv.az\/wp-content\/uploads\/2021\/01\/910406.jpg",800,600,false],"portraits":["https:\/\/arantv.az\/wp-content\/uploads\/2021\/01\/910406.jpg",800,600,false],"thumbnail":["https:\/\/arantv.az\/wp-content\/uploads\/2021\/01\/910406-150x150.jpg",150,150,true],"medium":["https:\/\/arantv.az\/wp-content\/uploads\/2021\/01\/910406-300x225.jpg",300,225,true],"large":["https:\/\/arantv.az\/wp-content\/uploads\/2021\/01\/910406.jpg",640,480,false],"1536x1536":["https:\/\/arantv.az\/wp-content\/uploads\/2021\/01\/910406.jpg",800,600,false],"2048x2048":["https:\/\/arantv.az\/wp-content\/uploads\/2021\/01\/910406.jpg",800,600,false],"post-thumbnail":["https:\/\/arantv.az\/wp-content\/uploads\/2021\/01\/910406-240x172.jpg",240,172,true],"advps-thumb-one":["https:\/\/arantv.az\/wp-content\/uploads\/2021\/01\/910406.jpg",800,600,false]},"rttpg_author":{"display_name":"V\u00fcsal Rafiqo\u011flu","author_link":"https:\/\/arantv.az\/?author=2"},"rttpg_comment":0,"rttpg_category":"<a href=\"https:\/\/arantv.az\/?cat=19\" rel=\"category\">G\u00fcnd\u0259m<\/a>","rttpg_excerpt":"T\u00fcrkm\u0259nistan t\u0259bii qaz t\u0259dar\u00fck\u00e7\u00fcs\u00fc olaraq C\u0259nub Qaz D\u0259hlizi layih\u0259sin\u0259 vacib t\u00f6hf\u0259 ver\u0259 bil\u0259r. ARANTV.AZ\u00a0 bildirir ki, bunu\u00a0Trend-\u0259\u00a0Rum\u0131niyan\u0131n \u0130qtisadiyyat, Energetika v\u0259 Biznes M\u00fchiti Nazirliyind\u0259n bildiribl\u0259r. M\u0259lumatda qeyd olunub ki, C\u0259nub Qaz D\u0259hlizi Avropa \u0130ttifaq\u0131n\u0131n enerji \u015fax\u0259l\u0259ndirilm\u0259si \u00fc\u00e7\u00fcn x\u00fcsusi \u0259h\u0259miyy\u0259t k\u0259sb edir: &#8220;Az\u0259rbaycan qaz\u0131 layih\u0259 \u00fc\u00e7\u00fcn \u0259sas t\u0259dar\u00fck m\u0259nb\u0259yi olsa da, n\u00f6vb\u0259ti m\u0259rh\u0259l\u0259l\u0259rd\u0259 T\u00fcrkm\u0259nistan, Yunan\u0131stan\u0131n mayel\u0259\u015fdirilmi\u015f t\u0259bii&hellip;","_links":{"self":[{"href":"https:\/\/arantv.az\/index.php?rest_route=\/wp\/v2\/posts\/264782"}],"collection":[{"href":"https:\/\/arantv.az\/index.php?rest_route=\/wp\/v2\/posts"}],"about":[{"href":"https:\/\/arantv.az\/index.php?rest_route=\/wp\/v2\/types\/post"}],"author":[{"embeddable":true,"href":"https:\/\/arantv.az\/index.php?rest_route=\/wp\/v2\/users\/2"}],"replies":[{"embeddable":true,"href":"https:\/\/arantv.az\/index.php?rest_route=%2Fwp%2Fv2%2Fcomments&post=264782"}],"version-history":[{"count":0,"href":"https:\/\/arantv.az\/index.php?rest_route=\/wp\/v2\/posts\/264782\/revisions"}],"wp:featuredmedia":[{"embeddable":true,"href":"https:\/\/arantv.az\/index.php?rest_route=\/wp\/v2\/media\/264783"}],"wp:attachment":[{"href":"https:\/\/arantv.az\/index.php?rest_route=%2Fwp%2Fv2%2Fmedia&parent=264782"}],"wp:term":[{"taxonomy":"category","embeddable":true,"href":"https:\/\/arantv.az\/index.php?rest_route=%2Fwp%2Fv2%2Fcategories&post=264782"},{"taxonomy":"post_tag","embeddable":true,"href":"https:\/\/arantv.az\/index.php?rest_route=%2Fwp%2Fv2%2Ftags&post=264782"}],"curies":[{"name":"wp","href":"https:\/\/api.w.org\/{rel}","templated":true}]}}