{"id":264786,"date":"2021-01-04T09:10:13","date_gmt":"2021-01-04T06:10:13","guid":{"rendered":"http:\/\/arantv.az\/?p=264786"},"modified":"2021-01-04T09:10:13","modified_gmt":"2021-01-04T06:10:13","slug":"dunyada-xeyli-is-yeri-baglanacaq","status":"publish","type":"post","link":"https:\/\/arantv.az\/?p=264786","title":{"rendered":"D\u00fcnyada xeyli i\u015f yeri ba\u011flanacaq"},"content":{"rendered":"<p>Y\u00fcks\u0259k texnologiyalar\u0131n inki\u015faf\u0131 n\u0259tic\u0259sind\u0259 g\u0259l\u0259c\u0259kd\u0259 d\u00fcnyada xeyli sayda i\u015f yerl\u0259rin\u0259 ehtiyac olmayacaq, onlar\u0131 texnologiyalar \u0259v\u0259z ed\u0259c\u0259k.<\/p>\n<p>Bunu Trend-\u0259 Az\u0259rbaycan \u0130nternet Forumunun prezidenti Osman G\u00fcnd\u00fcz deyib.<\/p>\n<p>O.G\u00fcnd\u00fcz hesab edir ki, \u0259g\u0259r h\u00f6kum\u0259tl\u0259r \u0259vv\u0259lc\u0259d\u0259n t\u0259dbir g\u00f6rs\u0259l\u0259r, bu proses ciddi problem yaratmayacaq: \u201cBu g\u00fcn d\u00fcnyada apar\u0131c\u0131 trendl\u0259r m\u00f6vcuddur, dey\u0259k ki, robortla\u015fma, a\u011f\u0131ll\u0131 avadanl\u0131qlar, s\u00fcni intellekt v\u0259 s. Bunlar\u0131n inki\u015faf\u0131 say\u0259sind\u0259 g\u0259l\u0259c\u0259kd\u0259 xeyli i\u015f yerl\u0259rin\u0259 ehtiyac olmayacaq. H\u00f6kum\u0259tl\u0259r \u0259vv\u0259lc\u0259d\u0259n bu prosesi g\u00f6r\u0259r\u0259k addd\u0131mlar atmal\u0131d\u0131r, y\u0259ni o sah\u0259 \u00fczr\u0259 kadrlar haz\u0131rlanmald\u0131r. D\u00fc\u015f\u00fcnm\u00fcr\u0259m ki, bu halda ciddi probleml\u0259r meydana g\u0259lsin\u201d.<\/p>\n<p>O.G\u00fcnd\u00fcz\u00fcn s\u00f6zl\u0259rin\u0259 g\u00f6r\u0259, haz\u0131rda informasiya texnologiyalar\u0131n\u0131n ink\u0131\u015faf\u0131 Az\u0259rbaycanda i\u015f yerl\u0259rinin azalmas\u0131na s\u0259b\u0259b olmur: \u201cH\u0259l\u0259 ki, bununla ba\u011fl\u0131 \u00f6lk\u0259d\u0259 ciddi narahatl\u0131q yoxdur. Amma g\u0259l\u0259c\u0259k \u00fc\u00e7\u00fcn bel\u0259 bir t\u0259hl\u00fck\u0259ni proqnozla\u015fd\u0131rmaq m\u00fcmk\u00fcnd\u00fcr. Az\u0259rbaycanda \u0130T sah\u0259si \u00fczr\u0259 m\u00fct\u0259x\u0259ssisl\u0259r \u00e7at\u0131\u015fm\u0131r. G\u0259l\u0259c\u0259kd\u0259 Az\u0259rbaycana \u0130T m\u00fct\u0259x\u0259ssisl\u0259r daha \u00e7ox laz\u0131m olacaq. Ona g\u00f6r\u0259 d\u0259, bu istiqam\u0259td\u0259 add\u0131mlar atmaq vacibdir\u201d.<\/p>\n","protected":false},"excerpt":{"rendered":"<p>Y\u00fcks\u0259k texnologiyalar\u0131n inki\u015faf\u0131 n\u0259tic\u0259sind\u0259 g\u0259l\u0259c\u0259kd\u0259 d\u00fcnyada xeyli sayda i\u015f yerl\u0259rin\u0259 ehtiyac olmayacaq, onlar\u0131 texnologiyalar \u0259v\u0259z ed\u0259c\u0259k. Bunu Trend-\u0259 Az\u0259rbaycan \u0130nternet Forumunun prezidenti Osman G\u00fcnd\u00fcz deyib. O.G\u00fcnd\u00fcz hesab edir ki, \u0259g\u0259r h\u00f6kum\u0259tl\u0259r \u0259vv\u0259lc\u0259d\u0259n t\u0259dbir g\u00f6rs\u0259l\u0259r, bu proses ciddi problem yaratmayacaq: \u201cBu g\u00fcn d\u00fcnyada apar\u0131c\u0131 trendl\u0259r m\u00f6vcuddur, dey\u0259k ki, robortla\u015fma, a\u011f\u0131ll\u0131 avadanl\u0131qlar, s\u00fcni intellekt v\u0259 s. Bunlar\u0131n inki\u015faf\u0131 say\u0259sind\u0259 g\u0259l\u0259c\u0259kd\u0259 xeyli i\u015f yerl\u0259rin\u0259 ehtiyac olmayacaq. H\u00f6kum\u0259tl\u0259r \u0259vv\u0259lc\u0259d\u0259n bu prosesi g\u00f6r\u0259r\u0259k addd\u0131mlar atmal\u0131d\u0131r, y\u0259ni o sah\u0259 \u00fczr\u0259 kadrlar haz\u0131rlanmald\u0131r. D\u00fc\u015f\u00fcnm\u00fcr\u0259m ki, bu halda ciddi probleml\u0259r meydana g\u0259lsin\u201d. O.G\u00fcnd\u00fcz\u00fcn s\u00f6zl\u0259rin\u0259 g\u00f6r\u0259, haz\u0131rda informasiya texnologiyalar\u0131n\u0131n&hellip;<\/p>\n","protected":false},"author":2,"featured_media":264787,"comment_status":"closed","ping_status":"closed","sticky":false,"template":"","format":"standard","meta":{"om_disable_all_campaigns":false,"_monsterinsights_skip_tracking":false,"_monsterinsights_sitenote_active":false,"_monsterinsights_sitenote_note":"","_monsterinsights_sitenote_category":0},"categories":[19],"tags":[],"aioseo_notices":[],"gutentor_comment":0,"rttpg_featured_image_url":{"full":["https:\/\/arantv.az\/wp-content\/uploads\/2021\/01\/217e342f160974000245169916810519085.jpg",975,540,false],"landscape":["https:\/\/arantv.az\/wp-content\/uploads\/2021\/01\/217e342f160974000245169916810519085.jpg",975,540,false],"portraits":["https:\/\/arantv.az\/wp-content\/uploads\/2021\/01\/217e342f160974000245169916810519085.jpg",975,540,false],"thumbnail":["https:\/\/arantv.az\/wp-content\/uploads\/2021\/01\/217e342f160974000245169916810519085-150x150.jpg",150,150,true],"medium":["https:\/\/arantv.az\/wp-content\/uploads\/2021\/01\/217e342f160974000245169916810519085-300x166.jpg",300,166,true],"large":["https:\/\/arantv.az\/wp-content\/uploads\/2021\/01\/217e342f160974000245169916810519085.jpg",640,354,false],"1536x1536":["https:\/\/arantv.az\/wp-content\/uploads\/2021\/01\/217e342f160974000245169916810519085.jpg",975,540,false],"2048x2048":["https:\/\/arantv.az\/wp-content\/uploads\/2021\/01\/217e342f160974000245169916810519085.jpg",975,540,false],"post-thumbnail":["https:\/\/arantv.az\/wp-content\/uploads\/2021\/01\/217e342f160974000245169916810519085-240x172.jpg",240,172,true],"advps-thumb-one":["https:\/\/arantv.az\/wp-content\/uploads\/2021\/01\/217e342f160974000245169916810519085.jpg",975,540,false]},"rttpg_author":{"display_name":"V\u00fcsal Rafiqo\u011flu","author_link":"https:\/\/arantv.az\/?author=2"},"rttpg_comment":0,"rttpg_category":"<a href=\"https:\/\/arantv.az\/?cat=19\" rel=\"category\">G\u00fcnd\u0259m<\/a>","rttpg_excerpt":"Y\u00fcks\u0259k texnologiyalar\u0131n inki\u015faf\u0131 n\u0259tic\u0259sind\u0259 g\u0259l\u0259c\u0259kd\u0259 d\u00fcnyada xeyli sayda i\u015f yerl\u0259rin\u0259 ehtiyac olmayacaq, onlar\u0131 texnologiyalar \u0259v\u0259z ed\u0259c\u0259k. Bunu Trend-\u0259 Az\u0259rbaycan \u0130nternet Forumunun prezidenti Osman G\u00fcnd\u00fcz deyib. O.G\u00fcnd\u00fcz hesab edir ki, \u0259g\u0259r h\u00f6kum\u0259tl\u0259r \u0259vv\u0259lc\u0259d\u0259n t\u0259dbir g\u00f6rs\u0259l\u0259r, bu proses ciddi problem yaratmayacaq: \u201cBu g\u00fcn d\u00fcnyada apar\u0131c\u0131 trendl\u0259r m\u00f6vcuddur, dey\u0259k ki, robortla\u015fma, a\u011f\u0131ll\u0131 avadanl\u0131qlar, s\u00fcni intellekt v\u0259 s. Bunlar\u0131n&hellip;","_links":{"self":[{"href":"https:\/\/arantv.az\/index.php?rest_route=\/wp\/v2\/posts\/264786"}],"collection":[{"href":"https:\/\/arantv.az\/index.php?rest_route=\/wp\/v2\/posts"}],"about":[{"href":"https:\/\/arantv.az\/index.php?rest_route=\/wp\/v2\/types\/post"}],"author":[{"embeddable":true,"href":"https:\/\/arantv.az\/index.php?rest_route=\/wp\/v2\/users\/2"}],"replies":[{"embeddable":true,"href":"https:\/\/arantv.az\/index.php?rest_route=%2Fwp%2Fv2%2Fcomments&post=264786"}],"version-history":[{"count":0,"href":"https:\/\/arantv.az\/index.php?rest_route=\/wp\/v2\/posts\/264786\/revisions"}],"wp:featuredmedia":[{"embeddable":true,"href":"https:\/\/arantv.az\/index.php?rest_route=\/wp\/v2\/media\/264787"}],"wp:attachment":[{"href":"https:\/\/arantv.az\/index.php?rest_route=%2Fwp%2Fv2%2Fmedia&parent=264786"}],"wp:term":[{"taxonomy":"category","embeddable":true,"href":"https:\/\/arantv.az\/index.php?rest_route=%2Fwp%2Fv2%2Fcategories&post=264786"},{"taxonomy":"post_tag","embeddable":true,"href":"https:\/\/arantv.az\/index.php?rest_route=%2Fwp%2Fv2%2Ftags&post=264786"}],"curies":[{"name":"wp","href":"https:\/\/api.w.org\/{rel}","templated":true}]}}