{"id":264802,"date":"2021-01-04T09:24:36","date_gmt":"2021-01-04T06:24:36","guid":{"rendered":"http:\/\/arantv.az\/?p=264802"},"modified":"2021-01-04T09:24:36","modified_gmt":"2021-01-04T06:24:36","slug":"qarabag-daha-erm%c9%99nistan-deyil-karamyan","status":"publish","type":"post","link":"https:\/\/arantv.az\/?p=264802","title":{"rendered":"Qaraba\u011f daha Erm\u0259nistan deyil &#8211; Karamyan"},"content":{"rendered":"<p>&#8220;Qaraba\u011f art\u0131q Erm\u0259nistan deyil&#8221;.<\/p>\n<p>Bunu Qaraba\u011fdak\u0131 separat\u00e7\u0131 erm\u0259ni general Ar\u015favir Karamyan deyib.<\/p>\n<div id=\"AdviadNativeVideo0\" class=\"AdviadNativeVideo\"><\/div>\n<p>O, erm\u0259nil\u0259ri yuxudan oyanma\u011fa \u00e7a\u011f\u0131r\u0131b:<\/p>\n<p>&#8220;Yuxuda olanlar\u0131 ay\u0131lma\u011fa d\u0259v\u0259t edir\u0259m. Qaraba\u011f\u0131 3 ay \u0259vv\u0259l itirdik. \u0130ndi \u00fcz\u00fclm\u0259k \u0259v\u0259zin\u0259 zaman\u0131nda d\u00f6y\u00fc\u015fm\u0259k laz\u0131m idi, d\u00f6y\u00fc\u015fm\u0259k&#8221;.(modern.az)<\/p>\n","protected":false},"excerpt":{"rendered":"<p>&#8220;Qaraba\u011f art\u0131q Erm\u0259nistan deyil&#8221;. Bunu Qaraba\u011fdak\u0131 separat\u00e7\u0131 erm\u0259ni general Ar\u015favir Karamyan deyib. O, erm\u0259nil\u0259ri yuxudan oyanma\u011fa \u00e7a\u011f\u0131r\u0131b: &#8220;Yuxuda olanlar\u0131 ay\u0131lma\u011fa d\u0259v\u0259t edir\u0259m. Qaraba\u011f\u0131 3 ay \u0259vv\u0259l itirdik. \u0130ndi \u00fcz\u00fclm\u0259k \u0259v\u0259zin\u0259 zaman\u0131nda d\u00f6y\u00fc\u015fm\u0259k laz\u0131m idi, d\u00f6y\u00fc\u015fm\u0259k&#8221;.(modern.az)<\/p>\n","protected":false},"author":2,"featured_media":264803,"comment_status":"closed","ping_status":"closed","sticky":false,"template":"","format":"standard","meta":{"om_disable_all_campaigns":false,"_monsterinsights_skip_tracking":false,"_monsterinsights_sitenote_active":false,"_monsterinsights_sitenote_note":"","_monsterinsights_sitenote_category":0},"categories":[19],"tags":[],"aioseo_notices":[],"gutentor_comment":0,"rttpg_featured_image_url":{"full":["https:\/\/arantv.az\/wp-content\/uploads\/2021\/01\/modern.az_kkkkkkkkkkkkkkkkkkkkkkkkkkkkkk.jpg",615,323,false],"landscape":["https:\/\/arantv.az\/wp-content\/uploads\/2021\/01\/modern.az_kkkkkkkkkkkkkkkkkkkkkkkkkkkkkk.jpg",615,323,false],"portraits":["https:\/\/arantv.az\/wp-content\/uploads\/2021\/01\/modern.az_kkkkkkkkkkkkkkkkkkkkkkkkkkkkkk.jpg",615,323,false],"thumbnail":["https:\/\/arantv.az\/wp-content\/uploads\/2021\/01\/modern.az_kkkkkkkkkkkkkkkkkkkkkkkkkkkkkk-150x150.jpg",150,150,true],"medium":["https:\/\/arantv.az\/wp-content\/uploads\/2021\/01\/modern.az_kkkkkkkkkkkkkkkkkkkkkkkkkkkkkk-300x158.jpg",300,158,true],"large":["https:\/\/arantv.az\/wp-content\/uploads\/2021\/01\/modern.az_kkkkkkkkkkkkkkkkkkkkkkkkkkkkkk.jpg",615,323,false],"1536x1536":["https:\/\/arantv.az\/wp-content\/uploads\/2021\/01\/modern.az_kkkkkkkkkkkkkkkkkkkkkkkkkkkkkk.jpg",615,323,false],"2048x2048":["https:\/\/arantv.az\/wp-content\/uploads\/2021\/01\/modern.az_kkkkkkkkkkkkkkkkkkkkkkkkkkkkkk.jpg",615,323,false],"post-thumbnail":["https:\/\/arantv.az\/wp-content\/uploads\/2021\/01\/modern.az_kkkkkkkkkkkkkkkkkkkkkkkkkkkkkk-240x172.jpg",240,172,true],"advps-thumb-one":["https:\/\/arantv.az\/wp-content\/uploads\/2021\/01\/modern.az_kkkkkkkkkkkkkkkkkkkkkkkkkkkkkk.jpg",615,323,false]},"rttpg_author":{"display_name":"V\u00fcsal Rafiqo\u011flu","author_link":"https:\/\/arantv.az\/?author=2"},"rttpg_comment":0,"rttpg_category":"<a href=\"https:\/\/arantv.az\/?cat=19\" rel=\"category\">G\u00fcnd\u0259m<\/a>","rttpg_excerpt":"&#8220;Qaraba\u011f art\u0131q Erm\u0259nistan deyil&#8221;. Bunu Qaraba\u011fdak\u0131 separat\u00e7\u0131 erm\u0259ni general Ar\u015favir Karamyan deyib. O, erm\u0259nil\u0259ri yuxudan oyanma\u011fa \u00e7a\u011f\u0131r\u0131b: &#8220;Yuxuda olanlar\u0131 ay\u0131lma\u011fa d\u0259v\u0259t edir\u0259m. Qaraba\u011f\u0131 3 ay \u0259vv\u0259l itirdik. \u0130ndi \u00fcz\u00fclm\u0259k \u0259v\u0259zin\u0259 zaman\u0131nda d\u00f6y\u00fc\u015fm\u0259k laz\u0131m idi, d\u00f6y\u00fc\u015fm\u0259k&#8221;.(modern.az)","_links":{"self":[{"href":"https:\/\/arantv.az\/index.php?rest_route=\/wp\/v2\/posts\/264802"}],"collection":[{"href":"https:\/\/arantv.az\/index.php?rest_route=\/wp\/v2\/posts"}],"about":[{"href":"https:\/\/arantv.az\/index.php?rest_route=\/wp\/v2\/types\/post"}],"author":[{"embeddable":true,"href":"https:\/\/arantv.az\/index.php?rest_route=\/wp\/v2\/users\/2"}],"replies":[{"embeddable":true,"href":"https:\/\/arantv.az\/index.php?rest_route=%2Fwp%2Fv2%2Fcomments&post=264802"}],"version-history":[{"count":0,"href":"https:\/\/arantv.az\/index.php?rest_route=\/wp\/v2\/posts\/264802\/revisions"}],"wp:featuredmedia":[{"embeddable":true,"href":"https:\/\/arantv.az\/index.php?rest_route=\/wp\/v2\/media\/264803"}],"wp:attachment":[{"href":"https:\/\/arantv.az\/index.php?rest_route=%2Fwp%2Fv2%2Fmedia&parent=264802"}],"wp:term":[{"taxonomy":"category","embeddable":true,"href":"https:\/\/arantv.az\/index.php?rest_route=%2Fwp%2Fv2%2Fcategories&post=264802"},{"taxonomy":"post_tag","embeddable":true,"href":"https:\/\/arantv.az\/index.php?rest_route=%2Fwp%2Fv2%2Ftags&post=264802"}],"curies":[{"name":"wp","href":"https:\/\/api.w.org\/{rel}","templated":true}]}}