{"id":264806,"date":"2021-01-04T09:25:46","date_gmt":"2021-01-04T06:25:46","guid":{"rendered":"http:\/\/arantv.az\/?p=264806"},"modified":"2021-01-04T09:25:46","modified_gmt":"2021-01-04T06:25:46","slug":"t%c9%99zyiql%c9%99r%c9%99-baxmayaraq-hec-kim-prezidenti-m%c9%99qs%c9%99dind%c9%99n-dond%c9%99r%c9%99-bilm%c9%99di","status":"publish","type":"post","link":"https:\/\/arantv.az\/?p=264806","title":{"rendered":"T\u0259zyiql\u0259r\u0259 baxmayaraq, he\u00e7 kim Prezidenti m\u0259qs\u0259dind\u0259n d\u00f6nd\u0259r\u0259 bilm\u0259di"},"content":{"rendered":"<p>2020-ci il \u00f6lk\u0259miz \u00fc\u00e7\u00fcn ist\u0259r siyasi, ist\u0259r diplomatiya, ist\u0259rs\u0259 d\u0259 dig\u0259r sah\u0259l\u0259r \u00fczr\u0259 u\u011furlarla yadda qald\u0131. \u00d6t\u0259n ilin \u0259n m\u00fch\u00fcm u\u011furu is\u0259 sentyabr\u0131n 27-d\u0259n noyabr\u0131n 10-d\u0259k davam ed\u0259n 44 g\u00fcnl\u00fck V\u0259t\u0259n m\u00fcharib\u0259sind\u0259 M\u00fcz\u0259ff\u0259r Ali Ba\u015f Komandan \u0130lham \u018fliyevin r\u0259hb\u0259rliyi il\u0259 qazan\u0131lan \u015fanl\u0131 q\u0259l\u0259b\u0259dir. Bu \u015fanl\u0131 q\u0259l\u0259b\u0259 n\u0259tic\u0259sind\u0259 torpaqlar\u0131m\u0131z Erm\u0259nistan\u0131n i\u015f\u011fal\u0131ndan azad olundu v\u0259 otuz illik tarixi olan Da\u011fl\u0131q Qaraba\u011f m\u00fcnaqi\u015f\u0259sin\u0259 son qoyuldu. M\u0259hz buna g\u00f6r\u0259 d\u0259 2020-ci il Az\u0259rbaycan\u0131n tarixind\u0259 Z\u0259f\u0259r ili kimi qalacaq.<\/p>\n<p>Bunu Trend-\u0259 Milli M\u0259clisin deputat\u0131 V\u00fcqar \u0130sk\u0259nd\u0259rov deyib.<\/p>\n<p>Bu m\u00fcharib\u0259nin \u0259sas q\u0259hr\u0259man\u0131n\u0131n Prezident \u0130lham \u018fliyev oldu\u011funu dey\u0259n deputat bildirib ki, d\u00f6vl\u0259t ba\u015f\u00e7\u0131s\u0131 V\u0259t\u0259n m\u00fcharib\u0259si d\u00f6vr\u00fcnd\u0259 bir s\u0131ra t\u0259zyiql\u0259r\u0259 m\u0259tan\u0259tl\u0259 sin\u0259 g\u0259r\u0259r\u0259k Az\u0259rbaycan\u0131n m\u00f6vqeyini q\u0259tiyy\u0259tl\u0259 m\u00fcdafi\u0259 etdi:<\/p>\n<p>\u201cB\u0259lli oldu\u011fu kimi m\u00fcharib\u0259nin el\u0259 ilk g\u00fcnl\u0259rind\u0259n Fransa Prezidenti E.Makron Prezident \u0130lham \u018fliyev il\u0259 telefon dan\u0131\u015f\u0131qlar\u0131nda Minsk qrupunun h\u0259ms\u0259dri kimi bit\u0259r\u0259fliyini v\u0259 obyektivliyini pozaraq i\u015f\u011fal\u00e7\u0131 Erm\u0259nistan\u0131n maraqlar\u0131n\u0131 ir\u0259li \u00e7\u0259km\u0259y\u0259 \u00e7al\u0131\u015fd\u0131. Lakin n\u0259 Makronun, n\u0259 d\u0259 dig\u0259r \u015f\u0259xs v\u0259 qurumlar\u0131n bu add\u0131mlar\u0131, \u00f6lk\u0259miz\u0259, \u015f\u0259xs\u0259n d\u00f6vl\u0259t ba\u015f\u00e7\u0131m\u0131za t\u0259zyiq ed\u0259r\u0259k Az\u0259rbaycan\u0131 haqq i\u015find\u0259n d\u00f6nd\u0259rm\u0259k c\u0259hdl\u0259ri he\u00e7 bir n\u0259tic\u0259 verm\u0259di.<\/p>\n<p>Prezident \u0130lham \u018fliyev q\u0259tiyy\u0259tl\u0259 Az\u0259rbaycan\u0131n m\u00f6vqeyini m\u00fcdafi\u0259 etdi. Onu da deyim ki, b\u0259zi xarici \u00f6lk\u0259l\u0259r, t\u0259\u015fkilatlar, siyasi dair\u0259l\u0259r iddia edirdil\u0259r ki, m\u00fcnaqi\u015f\u0259nin h\u0259rbi h\u0259lli yoxdur. Lakin Prezident \u0130lham \u018fliyev \u201cD\u0259mir yumruq\u201d \u0259m\u0259liyyat\u0131 il\u0259 s\u00fcbut etdi ki, m\u00fcnaqi\u015f\u0259nin h\u0259rbi h\u0259lli var. N\u0259tic\u0259d\u0259 \u00f6lk\u0259miz BMT T\u0259hl\u00fck\u0259sizlik \u015euras\u0131n\u0131n m\u00fcnaqi\u015f\u0259 il\u0259 ba\u011fl\u0131 m\u0259lum d\u00f6rd q\u0259tnam\u0259sini \u00f6z\u00fc icra etdi. Prezident \u0130lham \u018fliyevin apard\u0131\u011f\u0131 siyas\u0259t n\u0259tic\u0259sind\u0259 Az\u0259rbaycan\u0131n beyn\u0259lxalq s\u0259viyy\u0259d\u0259 m\u00f6vqel\u0259ri g\u00fccl\u0259ndiyi \u00fc\u00e7\u00fcn beyn\u0259lxalq ictimaiyy\u0259t Az\u0259rbaycan\u0131n V\u0259t\u0259n m\u00fcharib\u0259sinin beyn\u0259lxalq h\u00fcquqa uy\u011fun oldu\u011funu anlay\u0131\u015fla q\u0259bul etdi.<\/p>\n<p>Yeri g\u0259lmi\u015fk\u0259n Prezident \u0130lham \u018fliyevin m\u00fcraci\u0259tind\u0259 d\u0259 bu m\u0259qama x\u00fcsusi olaraq toxunulub. D\u00f6vl\u0259t ba\u015f\u00e7\u0131s\u0131 b\u0259yan edib ki, \u201cSon 17 il \u0259rzind\u0259 m\u0259nim f\u0259aliyy\u0259timd\u0259 \u00f6lk\u0259mizin g\u00fccl\u0259ndirilm\u0259si, beyn\u0259lxalq m\u00fcst\u0259vid\u0259 m\u00f6vqel\u0259rimizin m\u00f6hk\u0259ml\u0259ndirilm\u0259si, \u00f6lk\u0259 daxilind\u0259ki prosesl\u0259rin m\u00fcsb\u0259t m\u0259crada getm\u0259si \u0259sas v\u0259zif\u0259 idi. He\u00e7 bir t\u0259zyiq, he\u00e7 bir t\u0259hdid m\u0259ni bu yoldan d\u00f6nd\u0259r\u0259 bilm\u0259di. \u00c7\u00fcnki bir amal\u0131m var idi \u2013 g\u00fccl\u00fc Az\u0259rbaycan qurmaq, torpaqlar\u0131m\u0131z\u0131 i\u015f\u011faldan azad etm\u0259k!\u201d Bir s\u00f6zl\u0259, V\u0259t\u0259n m\u00fcharib\u0259si bir daha Az\u0259rbaycan Prezidentinin m\u00fcdrik v\u0259 q\u0259tiyy\u0259tli d\u00f6vl\u0259t ba\u015f\u00e7\u0131s\u0131, c\u0259sur s\u0259rk\u0259rd\u0259 v\u0259 mahir diplomat oldu\u011funu n\u00fcmayi\u015f etdirm\u0259kl\u0259 yana\u015f\u0131, h\u0259m\u00e7inin xalqa verdiyi b\u00fct\u00fcn s\u00f6zl\u0259ri yerin\u0259 yetirirdiyini s\u00fcbut etdi\u201d.<\/p>\n<p>V.\u0130sk\u0259nd\u0259rov \u0259lav\u0259 edib ki, \u00f6lk\u0259miz bu t\u0259zyiql\u0259r\u0259 t\u0259kc\u0259 44 g\u00fcnl\u00fck V\u0259t\u0259n m\u00fcharib\u0259si d\u00f6vr\u00fcnd\u0259 tu\u015f g\u0259lm\u0259yib:<\/p>\n<p>\u201cAz\u0259rbaycan\u0131n m\u00fcst\u0259qil, he\u00e7 bir xarici q\u00fcvv\u0259d\u0259n as\u0131l\u0131 olmayan siyas\u0259t aparmas\u0131ndan narahat olan b\u0259zi xarici g\u00fccl\u0259r uzun ill\u0259r \u00f6lk\u0259miz\u0259 bu v\u0259 dig\u0259r formada t\u0259zyiql\u0259r edibl\u0259r. Lakin c\u0259nab Prezidentin q\u0259tiyy\u0259ti v\u0259 h\u0259yata ke\u00e7iril\u0259n d\u00fc\u015f\u00fcn\u00fclm\u00fc\u015f siyas\u0259t say\u0259sind\u0259 h\u0259min t\u0259zyiql\u0259r\u0259 d\u0259 sin\u0259 g\u0259rmi\u015fik.<\/p>\n<p>\u00d6t\u0259n 17 il \u0259rzind\u0259 at\u0131lan add\u0131mlar \u00f6z b\u0259hr\u0259sini verdi. Prezidentin m\u00fcraci\u0259tind\u0259 d\u0259 bildirildiyi kimi iqtisadi m\u00fcst\u0259qillik siyasi m\u00fcst\u0259qilliyimizi g\u00fccl\u0259ndirdi, daha da c\u0259sar\u0259tli siyas\u0259t apar\u0131ld\u0131, m\u00fcst\u0259qil siyas\u0259t apar\u0131ld\u0131. O siyas\u0259t ki, yaln\u0131z v\u0259 yaln\u0131z Az\u0259rbaycan xalq\u0131n\u0131n maraqlar\u0131na xidm\u0259t edir. Bu g\u00fcn d\u00fcnyada, d\u00fcnya x\u0259rit\u0259sind\u0259, s\u00f6z\u00fcn \u0259sl m\u0259nas\u0131nda, m\u00fcst\u0259qilsiyas\u0259t aparan \u00f6lk\u0259l\u0259rin say\u0131 o q\u0259d\u0259r d\u0259 \u00e7ox deyil. Az\u0259rbaycan onlardan biridir v\u0259 V\u0259t\u0259n m\u00fcharib\u0259si bir daha onu g\u00f6st\u0259rdi. B\u00fct\u00fcn \u00e7a\u011f\u0131r\u0131\u015flara, b\u00fct\u00fcn t\u0259zyiql\u0259r\u0259 r\u0259\u011fm\u0259n, biz ist\u0259diyimiz\u0259 nail ola bilmi\u015fik. D\u00fc\u015fm\u0259ni torpaqlar\u0131m\u0131zdan qovmu\u015fuq, h\u0259rbi yolla bu m\u0259s\u0259l\u0259ni h\u0259ll etmi\u015fik v\u0259 ondan sonra Q\u0259l\u0259b\u0259mizi siyasi yollarla daha da m\u00f6hk\u0259ml\u0259ndirmi\u015fik.<\/p>\n<p>M\u0259lum oldu\u011fu kimi bu ill\u0259r \u0259rzind\u0259 icra edil\u0259n n\u0259h\u0259ng layih\u0259l\u0259r Az\u0259rbaycan\u0131n iqtisadi inki\u015faf bax\u0131m\u0131ndan d\u00fcnyada qabaqc\u0131l yerl\u0259rd\u0259 q\u0259rar tutmas\u0131na imkan verib. \u0130qtisadi inki\u015faf\u0131n templ\u0259rin\u0259 g\u00f6r\u0259 son 17 il \u0259rzind\u0259 Az\u0259rbaycan d\u00fcnya miqyas\u0131nda birinci yerd\u0259dir. Eyni zamanda, d\u00f6vl\u0259t ba\u015f\u00e7\u0131s\u0131n\u0131n b\u0259yan etdiyi kimi biz \u00f6z siyas\u0259timizl\u0259 Erm\u0259nistan\u0131 z\u0259ifl\u0259tm\u0259li idik v\u0259 bunu gizl\u0259tmirdik. M\u0259hz Az\u0259rbaycan d\u00f6vl\u0259tinin q\u0259tiyy\u0259ti v\u0259 u\u011furlu siyas\u0259ti n\u0259tic\u0259sind\u0259 Avrasiyan\u0131n enerji, n\u0259qliyyat, kommunikasiya x\u0259rit\u0259l\u0259rin\u0259, \u00f6lk\u0259l\u0259ri birl\u0259\u015fdir\u0259n b\u00fct\u00fcn o yollar, \u00f6lk\u0259l\u0259r \u00fc\u00e7\u00fcn b\u00f6y\u00fck fayda g\u0259tir\u0259n layih\u0259l\u0259r i\u015f\u011fal\u00e7\u0131 Erm\u0259nistandan yan ke\u00e7ib. Bel\u0259likl\u0259, b\u00fct\u00fcn bu at\u0131lan add\u0131mlar, c\u0259nab Prezidentin r\u0259hb\u0259rliyi il\u0259 h\u0259yata ke\u00e7iril\u0259n d\u00fc\u015f\u00fcn\u00fclm\u00fc\u015f siyas\u0259t, siyasi, iqtisadi, diplomatk c\u0259bh\u0259d\u0259 \u0259ld\u0259 edil\u0259n u\u011furlar fonunda 44 g\u00fcnl\u00fck V\u0259t\u0259n m\u00fcharib\u0259si zaman\u0131 h\u0259rbi c\u0259bh\u0259d\u0259 d\u0259 Z\u0259f\u0259r \u0259ld\u0259 etdik\u201d.<\/p>\n","protected":false},"excerpt":{"rendered":"<p>2020-ci il \u00f6lk\u0259miz \u00fc\u00e7\u00fcn ist\u0259r siyasi, ist\u0259r diplomatiya, ist\u0259rs\u0259 d\u0259 dig\u0259r sah\u0259l\u0259r \u00fczr\u0259 u\u011furlarla yadda qald\u0131. \u00d6t\u0259n ilin \u0259n m\u00fch\u00fcm u\u011furu is\u0259 sentyabr\u0131n 27-d\u0259n noyabr\u0131n 10-d\u0259k davam ed\u0259n 44 g\u00fcnl\u00fck V\u0259t\u0259n m\u00fcharib\u0259sind\u0259 M\u00fcz\u0259ff\u0259r Ali Ba\u015f Komandan \u0130lham \u018fliyevin r\u0259hb\u0259rliyi il\u0259 qazan\u0131lan \u015fanl\u0131 q\u0259l\u0259b\u0259dir. Bu \u015fanl\u0131 q\u0259l\u0259b\u0259 n\u0259tic\u0259sind\u0259 torpaqlar\u0131m\u0131z Erm\u0259nistan\u0131n i\u015f\u011fal\u0131ndan azad olundu v\u0259 otuz illik tarixi olan Da\u011fl\u0131q Qaraba\u011f m\u00fcnaqi\u015f\u0259sin\u0259 son qoyuldu. M\u0259hz buna g\u00f6r\u0259 d\u0259 2020-ci il Az\u0259rbaycan\u0131n tarixind\u0259 Z\u0259f\u0259r ili kimi qalacaq. Bunu Trend-\u0259 Milli M\u0259clisin deputat\u0131 V\u00fcqar \u0130sk\u0259nd\u0259rov deyib. Bu m\u00fcharib\u0259nin \u0259sas q\u0259hr\u0259man\u0131n\u0131n Prezident \u0130lham \u018fliyev oldu\u011funu&hellip;<\/p>\n","protected":false},"author":2,"featured_media":264807,"comment_status":"closed","ping_status":"closed","sticky":false,"template":"","format":"standard","meta":{"om_disable_all_campaigns":false,"_monsterinsights_skip_tracking":false,"_monsterinsights_sitenote_active":false,"_monsterinsights_sitenote_note":"","_monsterinsights_sitenote_category":0},"categories":[4],"tags":[],"aioseo_notices":[],"gutentor_comment":0,"rttpg_featured_image_url":{"full":["https:\/\/arantv.az\/wp-content\/uploads\/2021\/01\/c6d6445d160879204873064362610294287.jpg",975,540,false],"landscape":["https:\/\/arantv.az\/wp-content\/uploads\/2021\/01\/c6d6445d160879204873064362610294287.jpg",975,540,false],"portraits":["https:\/\/arantv.az\/wp-content\/uploads\/2021\/01\/c6d6445d160879204873064362610294287.jpg",975,540,false],"thumbnail":["https:\/\/arantv.az\/wp-content\/uploads\/2021\/01\/c6d6445d160879204873064362610294287-150x150.jpg",150,150,true],"medium":["https:\/\/arantv.az\/wp-content\/uploads\/2021\/01\/c6d6445d160879204873064362610294287-300x166.jpg",300,166,true],"large":["https:\/\/arantv.az\/wp-content\/uploads\/2021\/01\/c6d6445d160879204873064362610294287.jpg",640,354,false],"1536x1536":["https:\/\/arantv.az\/wp-content\/uploads\/2021\/01\/c6d6445d160879204873064362610294287.jpg",975,540,false],"2048x2048":["https:\/\/arantv.az\/wp-content\/uploads\/2021\/01\/c6d6445d160879204873064362610294287.jpg",975,540,false],"post-thumbnail":["https:\/\/arantv.az\/wp-content\/uploads\/2021\/01\/c6d6445d160879204873064362610294287-240x172.jpg",240,172,true],"advps-thumb-one":["https:\/\/arantv.az\/wp-content\/uploads\/2021\/01\/c6d6445d160879204873064362610294287.jpg",975,540,false]},"rttpg_author":{"display_name":"V\u00fcsal Rafiqo\u011flu","author_link":"https:\/\/arantv.az\/?author=2"},"rttpg_comment":0,"rttpg_category":"<a href=\"https:\/\/arantv.az\/?cat=4\" rel=\"category\">Siyas\u0259t<\/a>","rttpg_excerpt":"2020-ci il \u00f6lk\u0259miz \u00fc\u00e7\u00fcn ist\u0259r siyasi, ist\u0259r diplomatiya, ist\u0259rs\u0259 d\u0259 dig\u0259r sah\u0259l\u0259r \u00fczr\u0259 u\u011furlarla yadda qald\u0131. \u00d6t\u0259n ilin \u0259n m\u00fch\u00fcm u\u011furu is\u0259 sentyabr\u0131n 27-d\u0259n noyabr\u0131n 10-d\u0259k davam ed\u0259n 44 g\u00fcnl\u00fck V\u0259t\u0259n m\u00fcharib\u0259sind\u0259 M\u00fcz\u0259ff\u0259r Ali Ba\u015f Komandan \u0130lham \u018fliyevin r\u0259hb\u0259rliyi il\u0259 qazan\u0131lan \u015fanl\u0131 q\u0259l\u0259b\u0259dir. Bu \u015fanl\u0131 q\u0259l\u0259b\u0259 n\u0259tic\u0259sind\u0259 torpaqlar\u0131m\u0131z Erm\u0259nistan\u0131n i\u015f\u011fal\u0131ndan azad olundu v\u0259 otuz illik&hellip;","_links":{"self":[{"href":"https:\/\/arantv.az\/index.php?rest_route=\/wp\/v2\/posts\/264806"}],"collection":[{"href":"https:\/\/arantv.az\/index.php?rest_route=\/wp\/v2\/posts"}],"about":[{"href":"https:\/\/arantv.az\/index.php?rest_route=\/wp\/v2\/types\/post"}],"author":[{"embeddable":true,"href":"https:\/\/arantv.az\/index.php?rest_route=\/wp\/v2\/users\/2"}],"replies":[{"embeddable":true,"href":"https:\/\/arantv.az\/index.php?rest_route=%2Fwp%2Fv2%2Fcomments&post=264806"}],"version-history":[{"count":0,"href":"https:\/\/arantv.az\/index.php?rest_route=\/wp\/v2\/posts\/264806\/revisions"}],"wp:featuredmedia":[{"embeddable":true,"href":"https:\/\/arantv.az\/index.php?rest_route=\/wp\/v2\/media\/264807"}],"wp:attachment":[{"href":"https:\/\/arantv.az\/index.php?rest_route=%2Fwp%2Fv2%2Fmedia&parent=264806"}],"wp:term":[{"taxonomy":"category","embeddable":true,"href":"https:\/\/arantv.az\/index.php?rest_route=%2Fwp%2Fv2%2Fcategories&post=264806"},{"taxonomy":"post_tag","embeddable":true,"href":"https:\/\/arantv.az\/index.php?rest_route=%2Fwp%2Fv2%2Ftags&post=264806"}],"curies":[{"name":"wp","href":"https:\/\/api.w.org\/{rel}","templated":true}]}}