{"id":264822,"date":"2021-01-04T10:01:29","date_gmt":"2021-01-04T07:01:29","guid":{"rendered":"http:\/\/arantv.az\/?p=264822"},"modified":"2021-01-04T10:01:29","modified_gmt":"2021-01-04T07:01:29","slug":"millimizin-hucumcusu-h%c9%99d%c9%99fim-daha-iddiali-komandaya-kecm%c9%99kdir","status":"publish","type":"post","link":"https:\/\/arantv.az\/?p=264822","title":{"rendered":"Millimizin h\u00fccum\u00e7usu: \u201cH\u0259d\u0259fim daha iddial\u0131 komandaya ke\u00e7m\u0259kdir\u201d"},"content":{"rendered":"<p>\u201cAz\u0259rbaycana g\u0259l\u0259n\u0259d\u0259k bu \u00f6lk\u0259nin futbolu bar\u0259d\u0259 he\u00e7 n\u0259 bilmirdim. Amma \u201cSumqay\u0131t\u201da ke\u00e7dikd\u0259n sonra \u00f6lk\u0259y\u0259 v\u0259 onun futboluna bax\u0131\u015f\u0131m d\u0259yi\u015fdi\u201d.<\/p>\n<p>Bu fikirl\u0259ri Az\u0259rbaycan millisinin v\u0259 \u201cSumqay\u0131t\u201d\u0131n futbol\u00e7usu \u018fli Qurbani \u201cvarzesh3.com\u201d sayt\u0131na m\u00fcsahib\u0259sind\u0259 Az\u0259rbaycan futbolundak\u0131 \u00fcmumi v\u0259ziyy\u0259t bar\u0259d\u0259 dan\u0131\u015fark\u0259n deyib.<\/p>\n<p>\u0130ranl\u0131 h\u00fccum\u00e7u Premyer Liqada \u00e7\u0131x\u0131\u015f ed\u0259n klublar\u0131n \u00f6lk\u0259sinin bir \u00e7ox komandas\u0131ndan daha yax\u015f\u0131 \u015f\u0259rait\u0259 malik oldu\u011funu bildirib:<\/p>\n<div id=\"AdviadNativeVideo0\" class=\"AdviadNativeVideo\"><\/div>\n<p>\u201cH\u0259r k\u0259sin fikrin\u0259 h\u00f6rm\u0259tl\u0259 yana\u015fmaq laz\u0131md\u0131r. Amma Az\u0259rbaycan klublar\u0131 \u00c7empionlar Liqas\u0131 v\u0259 Avropa Liqas\u0131nda oynay\u0131rlar. Komanda tapa bilm\u0259y\u0259n oyun\u00e7ular\u0131n m\u0259cburiyy\u0259td\u0259n bu \u00e7empionata g\u0259lm\u0259si fikri yanl\u0131\u015fd\u0131r\u201d.<\/p>\n<p>30 ya\u015fl\u0131 forvard \u00f6t\u0259n yay ciddi t\u0259klifl\u0259r ald\u0131\u011f\u0131n\u0131 s\u00f6yl\u0259yib:<\/p>\n<p>\u201cSepahan\u201dla 1 illik m\u00fcqavil\u0259m var idi. Komandada qala bil\u0259rdim. Eyni zamanda, yerli komandalardan konkret t\u0259klifl\u0259r d\u0259 alm\u0131\u015fd\u0131m. Amma m\u0259n \u00f6z\u00fcm\u00fc daha yax\u015f\u0131 g\u00f6st\u0259rm\u0259k \u00fc\u00e7\u00fcn d\u0259yi\u015fiklik etm\u0259k q\u0259rar\u0131na g\u0259ldim. \u201cSepahan\u201dla m\u00fcqavil\u0259md\u0259 bel\u0259 bir b\u0259nd var idi ki, m\u00fcqavil\u0259ni yaln\u0131z \u00f6lk\u0259 xaricind\u0259n t\u0259klif g\u0259l\u0259c\u0259yi halda poza bil\u0259r\u0259m\u201d.<\/p>\n<p>\u201cSumqay\u0131t\u201d\u0131n m\u00f6vs\u00fcm\u00fcn ilk yar\u0131s\u0131ndak\u0131 \u00e7\u0131x\u0131\u015f\u0131n\u0131 d\u0259y\u0259rl\u0259ndir\u0259n t\u0259cr\u00fcb\u0259li oyun\u00e7u son oyunlardak\u0131 u\u011fursuzlu\u011fu \u00f6z z\u0259d\u0259si il\u0259 \u0259laq\u0259l\u0259ndirib:<\/p>\n<p>\u201cDizimd\u0259n z\u0259d\u0259 alanad\u0259k komanda yax\u015f\u0131 formada idi. Turnir c\u0259dv\u0259linin zirv\u0259sind\u0259 q\u0259rarla\u015fm\u0131\u015fd\u0131q. H\u0259r \u015fey \u0259la gedirdi. T\u0259\u0259ss\u00fcf ki, z\u0259d\u0259d\u0259n sonra 4-5 mat\u00e7da u\u011furlu n\u0259tic\u0259 qazana bilm\u0259dik. Haz\u0131rda 4-c\u00fc s\u0131rada yer al\u0131r\u0131q\u201d.<\/p>\n<p>Qurbaninin s\u00f6zl\u0259rin\u0259 g\u00f6r\u0259, Premyer Liqa futbol\u00e7unun \u00f6z\u00fcn\u00fc g\u00f6st\u0259rm\u0259si bax\u0131m\u0131ndan yax\u015f\u0131 \u00e7empionatd\u0131r:<\/p>\n<p>\u201cBu liqan\u0131 izl\u0259yirl\u0259r. Burada \u00f6z\u00fcn\u00fc g\u00f6st\u0259rm\u0259k imkan\u0131n daha geni\u015fdir. Futbol\u00e7u yax\u015f\u0131 s\u0259viyy\u0259d\u0259 \u00e7\u0131x\u0131\u015f edirs\u0259, ona daha iddial\u0131 klublardan t\u0259klifl\u0259r g\u0259lir. A\u00e7\u0131\u011f\u0131, \u0130rana qay\u0131tmaq bar\u0259d\u0259 d\u00fc\u015f\u00fcnm\u00fcr\u0259m. \u00dcmid edir\u0259m ki, n\u00f6vb\u0259ti m\u00f6vs\u00fcmd\u0259n daha prestijli liqada v\u0259 g\u00fccl\u00fc komandada \u00e7\u0131x\u0131\u015f etm\u0259k \u00fc\u00e7\u00fcn yayad\u0259k yax\u015f\u0131 oynay\u0131b, qollar\u0131m\u0131n say\u0131n\u0131 art\u0131raca\u011fam. Bilirsiniz ki, Slovakiya \u00e7empionat\u0131nda da oynam\u0131\u015fam. H\u0259tta Avropa Liqas\u0131nda f\u0259rql\u0259nmi\u015f\u0259m. H\u0259d\u0259fim daha iddial\u0131 komandaya ke\u00e7m\u0259kdir\u201d.<\/p>\n<p>Futbol\u00e7u \u201cZaman\u0131 geri qaytarmaq m\u00fcmk\u00fcn olsayd\u0131, Az\u0259rbaycan millisind\u0259 oynamaq t\u0259klifini q\u0259bul ed\u0259rdiniz?\u201d sual\u0131na is\u0259 cavab verm\u0259k ist\u0259m\u0259yib: \u201cBa\u011f\u0131\u015flay\u0131n, bu bar\u0259d\u0259 dan\u0131\u015fa bilm\u0259r\u0259m\u201d.<\/p>\n<p>Qeyd ed\u0259k ki, 2020\/2021 m\u00f6vs\u00fcm\u00fcn\u00fcn \u0259vv\u0259lind\u0259n \u201cSumqay\u0131t\u201dda \u00e7\u0131x\u0131\u015f ed\u0259n \u018fli Qurbani Premyer Liqada 6 qol vurub.<\/p>\n<p>Report<\/p>\n","protected":false},"excerpt":{"rendered":"<p>\u201cAz\u0259rbaycana g\u0259l\u0259n\u0259d\u0259k bu \u00f6lk\u0259nin futbolu bar\u0259d\u0259 he\u00e7 n\u0259 bilmirdim. Amma \u201cSumqay\u0131t\u201da ke\u00e7dikd\u0259n sonra \u00f6lk\u0259y\u0259 v\u0259 onun futboluna bax\u0131\u015f\u0131m d\u0259yi\u015fdi\u201d. Bu fikirl\u0259ri Az\u0259rbaycan millisinin v\u0259 \u201cSumqay\u0131t\u201d\u0131n futbol\u00e7usu \u018fli Qurbani \u201cvarzesh3.com\u201d sayt\u0131na m\u00fcsahib\u0259sind\u0259 Az\u0259rbaycan futbolundak\u0131 \u00fcmumi v\u0259ziyy\u0259t bar\u0259d\u0259 dan\u0131\u015fark\u0259n deyib. \u0130ranl\u0131 h\u00fccum\u00e7u Premyer Liqada \u00e7\u0131x\u0131\u015f ed\u0259n klublar\u0131n \u00f6lk\u0259sinin bir \u00e7ox komandas\u0131ndan daha yax\u015f\u0131 \u015f\u0259rait\u0259 malik oldu\u011funu bildirib: \u201cH\u0259r k\u0259sin fikrin\u0259 h\u00f6rm\u0259tl\u0259 yana\u015fmaq laz\u0131md\u0131r. Amma Az\u0259rbaycan klublar\u0131 \u00c7empionlar Liqas\u0131 v\u0259 Avropa Liqas\u0131nda oynay\u0131rlar. Komanda tapa bilm\u0259y\u0259n oyun\u00e7ular\u0131n m\u0259cburiyy\u0259td\u0259n bu \u00e7empionata g\u0259lm\u0259si fikri yanl\u0131\u015fd\u0131r\u201d. 30 ya\u015fl\u0131 forvard \u00f6t\u0259n yay ciddi t\u0259klifl\u0259r ald\u0131\u011f\u0131n\u0131 s\u00f6yl\u0259yib: \u201cSepahan\u201dla&hellip;<\/p>\n","protected":false},"author":2,"featured_media":264823,"comment_status":"closed","ping_status":"closed","sticky":false,"template":"","format":"standard","meta":{"om_disable_all_campaigns":false,"_monsterinsights_skip_tracking":false,"_monsterinsights_sitenote_active":false,"_monsterinsights_sitenote_note":"","_monsterinsights_sitenote_category":0},"categories":[6],"tags":[],"aioseo_notices":[],"gutentor_comment":0,"rttpg_featured_image_url":{"full":["https:\/\/arantv.az\/wp-content\/uploads\/2021\/01\/0eb6e88d-4004-3eb3-b194-bb8a940b53c4.jpg",620,455,false],"landscape":["https:\/\/arantv.az\/wp-content\/uploads\/2021\/01\/0eb6e88d-4004-3eb3-b194-bb8a940b53c4.jpg",620,455,false],"portraits":["https:\/\/arantv.az\/wp-content\/uploads\/2021\/01\/0eb6e88d-4004-3eb3-b194-bb8a940b53c4.jpg",620,455,false],"thumbnail":["https:\/\/arantv.az\/wp-content\/uploads\/2021\/01\/0eb6e88d-4004-3eb3-b194-bb8a940b53c4-150x150.jpg",150,150,true],"medium":["https:\/\/arantv.az\/wp-content\/uploads\/2021\/01\/0eb6e88d-4004-3eb3-b194-bb8a940b53c4-300x220.jpg",300,220,true],"large":["https:\/\/arantv.az\/wp-content\/uploads\/2021\/01\/0eb6e88d-4004-3eb3-b194-bb8a940b53c4.jpg",620,455,false],"1536x1536":["https:\/\/arantv.az\/wp-content\/uploads\/2021\/01\/0eb6e88d-4004-3eb3-b194-bb8a940b53c4.jpg",620,455,false],"2048x2048":["https:\/\/arantv.az\/wp-content\/uploads\/2021\/01\/0eb6e88d-4004-3eb3-b194-bb8a940b53c4.jpg",620,455,false],"post-thumbnail":["https:\/\/arantv.az\/wp-content\/uploads\/2021\/01\/0eb6e88d-4004-3eb3-b194-bb8a940b53c4-240x172.jpg",240,172,true],"advps-thumb-one":["https:\/\/arantv.az\/wp-content\/uploads\/2021\/01\/0eb6e88d-4004-3eb3-b194-bb8a940b53c4.jpg",620,455,false]},"rttpg_author":{"display_name":"V\u00fcsal Rafiqo\u011flu","author_link":"https:\/\/arantv.az\/?author=2"},"rttpg_comment":0,"rttpg_category":"<a href=\"https:\/\/arantv.az\/?cat=6\" rel=\"category\">\u0130dman<\/a>","rttpg_excerpt":"\u201cAz\u0259rbaycana g\u0259l\u0259n\u0259d\u0259k bu \u00f6lk\u0259nin futbolu bar\u0259d\u0259 he\u00e7 n\u0259 bilmirdim. Amma \u201cSumqay\u0131t\u201da ke\u00e7dikd\u0259n sonra \u00f6lk\u0259y\u0259 v\u0259 onun futboluna bax\u0131\u015f\u0131m d\u0259yi\u015fdi\u201d. Bu fikirl\u0259ri Az\u0259rbaycan millisinin v\u0259 \u201cSumqay\u0131t\u201d\u0131n futbol\u00e7usu \u018fli Qurbani \u201cvarzesh3.com\u201d sayt\u0131na m\u00fcsahib\u0259sind\u0259 Az\u0259rbaycan futbolundak\u0131 \u00fcmumi v\u0259ziyy\u0259t bar\u0259d\u0259 dan\u0131\u015fark\u0259n deyib. \u0130ranl\u0131 h\u00fccum\u00e7u Premyer Liqada \u00e7\u0131x\u0131\u015f ed\u0259n klublar\u0131n \u00f6lk\u0259sinin bir \u00e7ox komandas\u0131ndan daha yax\u015f\u0131 \u015f\u0259rait\u0259 malik oldu\u011funu bildirib:&hellip;","_links":{"self":[{"href":"https:\/\/arantv.az\/index.php?rest_route=\/wp\/v2\/posts\/264822"}],"collection":[{"href":"https:\/\/arantv.az\/index.php?rest_route=\/wp\/v2\/posts"}],"about":[{"href":"https:\/\/arantv.az\/index.php?rest_route=\/wp\/v2\/types\/post"}],"author":[{"embeddable":true,"href":"https:\/\/arantv.az\/index.php?rest_route=\/wp\/v2\/users\/2"}],"replies":[{"embeddable":true,"href":"https:\/\/arantv.az\/index.php?rest_route=%2Fwp%2Fv2%2Fcomments&post=264822"}],"version-history":[{"count":0,"href":"https:\/\/arantv.az\/index.php?rest_route=\/wp\/v2\/posts\/264822\/revisions"}],"wp:featuredmedia":[{"embeddable":true,"href":"https:\/\/arantv.az\/index.php?rest_route=\/wp\/v2\/media\/264823"}],"wp:attachment":[{"href":"https:\/\/arantv.az\/index.php?rest_route=%2Fwp%2Fv2%2Fmedia&parent=264822"}],"wp:term":[{"taxonomy":"category","embeddable":true,"href":"https:\/\/arantv.az\/index.php?rest_route=%2Fwp%2Fv2%2Fcategories&post=264822"},{"taxonomy":"post_tag","embeddable":true,"href":"https:\/\/arantv.az\/index.php?rest_route=%2Fwp%2Fv2%2Ftags&post=264822"}],"curies":[{"name":"wp","href":"https:\/\/api.w.org\/{rel}","templated":true}]}}