{"id":264830,"date":"2021-01-04T10:04:02","date_gmt":"2021-01-04T07:04:02","guid":{"rendered":"http:\/\/arantv.az\/?p=264830"},"modified":"2021-01-04T10:04:02","modified_gmt":"2021-01-04T07:04:02","slug":"pandemiya-az%c9%99rbaycanda-avtomobil%c9%99-olan-maragi-artirib","status":"publish","type":"post","link":"https:\/\/arantv.az\/?p=264830","title":{"rendered":"Pandemiya Az\u0259rbaycanda avtomobil\u0259 olan mara\u011f\u0131 art\u0131r\u0131b"},"content":{"rendered":"<p>Koronavirus pandemiyas\u0131 s\u0259b\u0259bind\u0259n ictimai n\u0259qliyyat\u0131n h\u0259r\u0259k\u0259tind\u0259 t\u0259tbiq olunan m\u0259hdudiyy\u0259tl\u0259r Az\u0259rbaycanda avtomobil\u0259 mara\u011f\u0131 art\u0131r\u0131b.<\/p>\n<p>Bunu Trend-\u0259 \u0259mlak m\u0259s\u0259l\u0259l\u0259ri \u00fczr\u0259 ekspert Ramil Osmanl\u0131 deyib.<\/p>\n<p>R.Osmanl\u0131 bildirib ki, \u00fcmumiyy\u0259tl\u0259 Az\u0259rbaycanda avtomobil\u0259 h\u0259mi\u015f\u0259 maraq b\u00f6y\u00fck olub:<\/p>\n<p>&#8220;Koronavirus pandemiyas\u0131 avtomobil\u0259 mara\u011f\u0131 bir q\u0259d\u0259r d\u0259 art\u0131rm\u0131\u015f oldu, \u00e7\u00fcnki karantin rejiminin t\u0259tbiq olunmas\u0131ndan sonra ictimai n\u0259qliyyat\u0131n h\u0259r\u0259k\u0259tind\u0259 yaranm\u0131\u015f m\u0259hdudiyy\u0259t s\u0259b\u0259bil\u0259 insanlar\u0131n da bir \u00e7oxunun h\u0259r\u0259k\u0259tl\u0259rind\u0259 m\u0259hdudiyy\u0259tl\u0259r yarand\u0131.<\/p>\n<p>Bu s\u0259b\u0259bd\u0259n d\u0259 insanlar\u0131n \u0259ks\u0259riyy\u0259ti d\u00fc\u015f\u00fcn\u00fcr ki, bu prosesd\u0259 h\u0259m i\u015f h\u0259m \u015f\u0259xsi h\u0259yat\u0131n\u0131 t\u0259nziml\u0259m\u0259k \u00fc\u00e7\u00fcn avtomobil\u0259 daha \u00e7ox ehtiyaclar\u0131 var. Ona g\u00f6r\u0259 d\u0259 bu proses avtomobil\u0259 mara\u011f\u0131 xeyli art\u0131rm\u0131\u015f olur. Ancaq qiym\u0259tl\u0259rd\u0259 o q\u0259d\u0259r d\u0259 art\u0131m olmay\u0131b. \u00c7\u00fcnki avtomobil bazar\u0131nda qiym\u0259tl\u0259r onsuz da y\u00fcks\u0259k idi v\u0259 bu qiym\u0259t bazar \u00fc\u00e7\u00fcn kifay\u0259t idi. Bu s\u0259b\u0259bd\u0259n indiki halda t\u0259l\u0259bin art\u0131m\u0131 prosesind\u0259 d\u0259 \u0259h\u0259miyy\u0259tli qiym\u0259t art\u0131m\u0131 m\u00fc\u015fahid\u0259 etmirik&#8221;.<\/p>\n","protected":false},"excerpt":{"rendered":"<p>Koronavirus pandemiyas\u0131 s\u0259b\u0259bind\u0259n ictimai n\u0259qliyyat\u0131n h\u0259r\u0259k\u0259tind\u0259 t\u0259tbiq olunan m\u0259hdudiyy\u0259tl\u0259r Az\u0259rbaycanda avtomobil\u0259 mara\u011f\u0131 art\u0131r\u0131b. Bunu Trend-\u0259 \u0259mlak m\u0259s\u0259l\u0259l\u0259ri \u00fczr\u0259 ekspert Ramil Osmanl\u0131 deyib. R.Osmanl\u0131 bildirib ki, \u00fcmumiyy\u0259tl\u0259 Az\u0259rbaycanda avtomobil\u0259 h\u0259mi\u015f\u0259 maraq b\u00f6y\u00fck olub: &#8220;Koronavirus pandemiyas\u0131 avtomobil\u0259 mara\u011f\u0131 bir q\u0259d\u0259r d\u0259 art\u0131rm\u0131\u015f oldu, \u00e7\u00fcnki karantin rejiminin t\u0259tbiq olunmas\u0131ndan sonra ictimai n\u0259qliyyat\u0131n h\u0259r\u0259k\u0259tind\u0259 yaranm\u0131\u015f m\u0259hdudiyy\u0259t s\u0259b\u0259bil\u0259 insanlar\u0131n da bir \u00e7oxunun h\u0259r\u0259k\u0259tl\u0259rind\u0259 m\u0259hdudiyy\u0259tl\u0259r yarand\u0131. Bu s\u0259b\u0259bd\u0259n d\u0259 insanlar\u0131n \u0259ks\u0259riyy\u0259ti d\u00fc\u015f\u00fcn\u00fcr ki, bu prosesd\u0259 h\u0259m i\u015f h\u0259m \u015f\u0259xsi h\u0259yat\u0131n\u0131 t\u0259nziml\u0259m\u0259k \u00fc\u00e7\u00fcn avtomobil\u0259 daha \u00e7ox ehtiyaclar\u0131 var. Ona g\u00f6r\u0259 d\u0259 bu proses avtomobil\u0259 mara\u011f\u0131 xeyli art\u0131rm\u0131\u015f&hellip;<\/p>\n","protected":false},"author":2,"featured_media":264831,"comment_status":"closed","ping_status":"closed","sticky":false,"template":"","format":"standard","meta":{"om_disable_all_campaigns":false,"_monsterinsights_skip_tracking":false,"_monsterinsights_sitenote_active":false,"_monsterinsights_sitenote_note":"","_monsterinsights_sitenote_category":0},"categories":[26],"tags":[],"aioseo_notices":[],"gutentor_comment":0,"rttpg_featured_image_url":{"full":["https:\/\/arantv.az\/wp-content\/uploads\/2021\/01\/cars_240320.jpg",620,464,false],"landscape":["https:\/\/arantv.az\/wp-content\/uploads\/2021\/01\/cars_240320.jpg",620,464,false],"portraits":["https:\/\/arantv.az\/wp-content\/uploads\/2021\/01\/cars_240320.jpg",620,464,false],"thumbnail":["https:\/\/arantv.az\/wp-content\/uploads\/2021\/01\/cars_240320-150x150.jpg",150,150,true],"medium":["https:\/\/arantv.az\/wp-content\/uploads\/2021\/01\/cars_240320-300x225.jpg",300,225,true],"large":["https:\/\/arantv.az\/wp-content\/uploads\/2021\/01\/cars_240320.jpg",620,464,false],"1536x1536":["https:\/\/arantv.az\/wp-content\/uploads\/2021\/01\/cars_240320.jpg",620,464,false],"2048x2048":["https:\/\/arantv.az\/wp-content\/uploads\/2021\/01\/cars_240320.jpg",620,464,false],"post-thumbnail":["https:\/\/arantv.az\/wp-content\/uploads\/2021\/01\/cars_240320-240x172.jpg",240,172,true],"advps-thumb-one":["https:\/\/arantv.az\/wp-content\/uploads\/2021\/01\/cars_240320.jpg",620,464,false]},"rttpg_author":{"display_name":"V\u00fcsal Rafiqo\u011flu","author_link":"https:\/\/arantv.az\/?author=2"},"rttpg_comment":0,"rttpg_category":"<a href=\"https:\/\/arantv.az\/?cat=26\" rel=\"category\">Sosial<\/a>","rttpg_excerpt":"Koronavirus pandemiyas\u0131 s\u0259b\u0259bind\u0259n ictimai n\u0259qliyyat\u0131n h\u0259r\u0259k\u0259tind\u0259 t\u0259tbiq olunan m\u0259hdudiyy\u0259tl\u0259r Az\u0259rbaycanda avtomobil\u0259 mara\u011f\u0131 art\u0131r\u0131b. Bunu Trend-\u0259 \u0259mlak m\u0259s\u0259l\u0259l\u0259ri \u00fczr\u0259 ekspert Ramil Osmanl\u0131 deyib. R.Osmanl\u0131 bildirib ki, \u00fcmumiyy\u0259tl\u0259 Az\u0259rbaycanda avtomobil\u0259 h\u0259mi\u015f\u0259 maraq b\u00f6y\u00fck olub: &#8220;Koronavirus pandemiyas\u0131 avtomobil\u0259 mara\u011f\u0131 bir q\u0259d\u0259r d\u0259 art\u0131rm\u0131\u015f oldu, \u00e7\u00fcnki karantin rejiminin t\u0259tbiq olunmas\u0131ndan sonra ictimai n\u0259qliyyat\u0131n h\u0259r\u0259k\u0259tind\u0259 yaranm\u0131\u015f m\u0259hdudiyy\u0259t s\u0259b\u0259bil\u0259 insanlar\u0131n da&hellip;","_links":{"self":[{"href":"https:\/\/arantv.az\/index.php?rest_route=\/wp\/v2\/posts\/264830"}],"collection":[{"href":"https:\/\/arantv.az\/index.php?rest_route=\/wp\/v2\/posts"}],"about":[{"href":"https:\/\/arantv.az\/index.php?rest_route=\/wp\/v2\/types\/post"}],"author":[{"embeddable":true,"href":"https:\/\/arantv.az\/index.php?rest_route=\/wp\/v2\/users\/2"}],"replies":[{"embeddable":true,"href":"https:\/\/arantv.az\/index.php?rest_route=%2Fwp%2Fv2%2Fcomments&post=264830"}],"version-history":[{"count":0,"href":"https:\/\/arantv.az\/index.php?rest_route=\/wp\/v2\/posts\/264830\/revisions"}],"wp:featuredmedia":[{"embeddable":true,"href":"https:\/\/arantv.az\/index.php?rest_route=\/wp\/v2\/media\/264831"}],"wp:attachment":[{"href":"https:\/\/arantv.az\/index.php?rest_route=%2Fwp%2Fv2%2Fmedia&parent=264830"}],"wp:term":[{"taxonomy":"category","embeddable":true,"href":"https:\/\/arantv.az\/index.php?rest_route=%2Fwp%2Fv2%2Fcategories&post=264830"},{"taxonomy":"post_tag","embeddable":true,"href":"https:\/\/arantv.az\/index.php?rest_route=%2Fwp%2Fv2%2Ftags&post=264830"}],"curies":[{"name":"wp","href":"https:\/\/api.w.org\/{rel}","templated":true}]}}