{"id":264834,"date":"2021-01-04T10:12:25","date_gmt":"2021-01-04T07:12:25","guid":{"rendered":"http:\/\/arantv.az\/?p=264834"},"modified":"2021-01-04T10:12:25","modified_gmt":"2021-01-04T07:12:25","slug":"yanvarin-4-u-umumdunya-brayl-%c9%99lifbasi-gunudur-2","status":"publish","type":"post","link":"https:\/\/arantv.az\/?p=264834","title":{"rendered":"Yanvar\u0131n 4-\u00fc \u00dcmumd\u00fcnya Brayl \u018flifbas\u0131 G\u00fcn\u00fcd\u00fcr"},"content":{"rendered":"<p>Yanvar\u0131n 4-\u00fc \u00dcmumd\u00fcnya Brayl \u018flifbas\u0131 G\u00fcn\u00fcd\u00fcr. Bu g\u00fcn 2018-ci il dekabr\u0131n 17-d\u0259 BMT Ba\u015f M\u0259clisinin q\u0259tnam\u0259si il\u0259 t\u0259sis edilib.<\/p>\n<p><strong>ARANTV.AZ<\/strong> x\u0259b\u0259r verir ki, Brayl \u0259lifbas\u0131 g\u00f6rm\u0259 m\u0259hdudiyy\u0259ti olanlar v\u0259 z\u0259if g\u00f6r\u0259nl\u0259rin oxuyub-yazmalar\u0131 \u00fc\u00e7\u00fcn n\u0259z\u0259rd\u0259 tutulub. H\u0259min \u0259lifban\u0131 ilk d\u0259f\u0259 1824-c\u00fc ild\u0259 Paris Milli \u0130nstitutunun t\u0259l\u0259b\u0259si Lui Brayl yarad\u0131b. \u00c7\u0259km\u0259\u00e7i o\u011flu Lui 3 ya\u015f\u0131nda atas\u0131n\u0131n ayaqqab\u0131 emalatxanas\u0131nda olark\u0259n g\u00f6z\u00fcn\u0259 biz bat\u0131b v\u0259 iltihab n\u0259tic\u0259sind\u0259 g\u00f6rm\u0259 qabiliyy\u0259tini itirib. O, 15 ya\u015f\u0131nda n\u00f6qt\u0259-relyef h\u0259rfl\u0259rind\u0259n ibar\u0259t \u0259lifba yarad\u0131b.<\/p>\n<p>Bundan \u0259vv\u0259l Fransada Valentin Qayuinin yaratd\u0131\u011f\u0131 x\u00fcsusi \u0259lifba var idi v\u0259 h\u0259min d\u00f6vrd\u0259 ondan h\u0259rbi sah\u0259d\u0259 qaranl\u0131qda oxumaq \u00fc\u00e7\u00fcn istifad\u0259 edilirdi. Lui Brayl h\u0259min \u0259lifban\u0131 t\u0259kmill\u0259\u015fdirib h\u0259rfl\u0259r\u0259 qabar\u0131ql\u0131q verm\u0259kl\u0259 g\u00f6rm\u0259 m\u0259hdudiyy\u0259ti olanlar\u0131n oxuya bilm\u0259si \u00fc\u00e7\u00fcn n\u00f6qt\u0259-relyef \u015friftinin universal sistemini haz\u0131rlay\u0131b. Onun yaratd\u0131\u011f\u0131 \u0259lifba ilk bax\u0131\u015fda yaln\u0131z m\u00fc\u0259yy\u0259n qaydada yerl\u0259\u015fdirilmi\u015f n\u00f6qt\u0259l\u0259r y\u0131\u011f\u0131m\u0131n\u0131 xat\u0131rlad\u0131r. M\u00fcxt\u0259lif kombinasiyalarla yerl\u0259\u015fdirilmi\u015f n\u00f6qt\u0259l\u0259r \u0259lifban\u0131n \u0259sas\u0131n\u0131 t\u0259\u015fkil edir. Brayl \u0259lifbas\u0131nda h\u0259rfl\u0259r \u0259v\u0259zin\u0259 iki s\u00fctuna yerl\u0259\u015fdirilmi\u015f alt\u0131 n\u00f6qt\u0259d\u0259n istifad\u0259 olunur. H\u0259min sistemd\u0259 s\u0259kkiz n\u00f6qt\u0259d\u0259n istifad\u0259 olunan qayda da m\u00f6vcuddur.<\/p>\n<p>\u018fn\u0259n\u0259vi alt\u0131n\u00f6qt\u0259li Brayl \u0259lifbas\u0131na 64 simvol daxil edilib. S\u0259kkizn\u00f6qt\u0259li \u0259lifbada is\u0259 256 simvoldan istifad\u0259 olunur. Onu bir v\u0259 ya h\u0259r iki \u0259lin \u015f\u0259had\u0259t barma\u011f\u0131n\u0131n k\u00f6m\u0259yi il\u0259 oxuyurlar. \u0130\u015far\u0259l\u0259rd\u0259n istifad\u0259 etm\u0259k v\u0259 y\u0131\u011fcaml\u0131q g\u00f6rm\u0259 qabiliyy\u0259tini itir\u0259n oxucuya m\u0259tni kifay\u0259t q\u0259d\u0259r tez oxuma\u011fa imkan verir. Brayl \u0259lifbas\u0131 il\u0259 d\u0259qiq\u0259d\u0259 150 s\u00f6z oxumaq m\u00fcmk\u00fcnd\u00fcr v\u0259 bu, normal g\u00f6rm\u0259 qabiliyy\u0259ti olanlar\u0131n oxuma tezliyinin t\u0259xmin\u0259n yar\u0131s\u0131n\u0131 t\u0259\u015fkil edir.<\/p>\n<p>H\u0259min \u0259lifba \u0259sas\u0131nda ilk kitab 1937-ci ild\u0259 n\u0259\u015fr edilmi\u015f \u201cFransa tarixi\u201ddir. H\u0259min \u0259lifba Fransada r\u0259sm\u0259n 1853-c\u00fc ild\u0259 &#8211; onun yarad\u0131c\u0131s\u0131n\u0131n v\u0259r\u0259md\u0259n \u00f6lm\u0259sind\u0259n bir il sonra q\u0259bul edilib. Brayl \u0259lifbas\u0131 il\u0259 kitab buraxan bir s\u0131ra n\u0259\u015friyyat var. Onlardan \u0259n b\u00f6y\u00fcy\u00fc Londonda g\u00f6zd\u0259n \u0259llili olanlar \u00fc\u00e7\u00fcn Kral \u0130nstitutudur. H\u0259min n\u0259\u015friyyat q\u0259zet v\u0259 kitablardan ba\u015fqa, imtahan s\u0259n\u0259dl\u0259ri v\u0259 h\u0259tta bank bildiri\u015fl\u0259ri d\u0259 \u00e7ap edir.<\/p>\n<p>Qeyd ed\u0259k ki, \u00f6lk\u0259mizd\u0259 1981-ci ild\u0259n G\u00f6zd\u0259n \u018flilliyi olanlar \u00fc\u00e7\u00fcn Respublika Kitabxanas\u0131 f\u0259aliyy\u0259t g\u00f6st\u0259rir. Kitabxanan\u0131n fondunu Brayl kitablar\u0131, audiokassetl\u0259r, CD-l\u0259r v\u0259 d\u00f6vri m\u0259tbuat, 20 min n\u00fcsx\u0259 \u0259d\u0259biyyat t\u0259\u015fkil edir. Kitabxanan\u0131n 1500 n\u0259f\u0259r daimi oxucusu var. G\u00f6zd\u0259n \u018flilliyi olanlar C\u0259miyy\u0259tind\u0259 yarad\u0131lm\u0131\u015f m\u0259tb\u0259\u0259d\u0259 Brayl \u015frifti il\u0259 Az\u0259rbaycan dilind\u0259 kitablar \u00e7ap olunur.<\/p>\n","protected":false},"excerpt":{"rendered":"<p>Yanvar\u0131n 4-\u00fc \u00dcmumd\u00fcnya Brayl \u018flifbas\u0131 G\u00fcn\u00fcd\u00fcr. Bu g\u00fcn 2018-ci il dekabr\u0131n 17-d\u0259 BMT Ba\u015f M\u0259clisinin q\u0259tnam\u0259si il\u0259 t\u0259sis edilib. ARANTV.AZ x\u0259b\u0259r verir ki, Brayl \u0259lifbas\u0131 g\u00f6rm\u0259 m\u0259hdudiyy\u0259ti olanlar v\u0259 z\u0259if g\u00f6r\u0259nl\u0259rin oxuyub-yazmalar\u0131 \u00fc\u00e7\u00fcn n\u0259z\u0259rd\u0259 tutulub. H\u0259min \u0259lifban\u0131 ilk d\u0259f\u0259 1824-c\u00fc ild\u0259 Paris Milli \u0130nstitutunun t\u0259l\u0259b\u0259si Lui Brayl yarad\u0131b. \u00c7\u0259km\u0259\u00e7i o\u011flu Lui 3 ya\u015f\u0131nda atas\u0131n\u0131n ayaqqab\u0131 emalatxanas\u0131nda olark\u0259n g\u00f6z\u00fcn\u0259 biz bat\u0131b v\u0259 iltihab n\u0259tic\u0259sind\u0259 g\u00f6rm\u0259 qabiliyy\u0259tini itirib. O, 15 ya\u015f\u0131nda n\u00f6qt\u0259-relyef h\u0259rfl\u0259rind\u0259n ibar\u0259t \u0259lifba yarad\u0131b. Bundan \u0259vv\u0259l Fransada Valentin Qayuinin yaratd\u0131\u011f\u0131 x\u00fcsusi \u0259lifba var idi v\u0259 h\u0259min d\u00f6vrd\u0259 ondan h\u0259rbi sah\u0259d\u0259&hellip;<\/p>\n","protected":false},"author":2,"featured_media":264835,"comment_status":"closed","ping_status":"closed","sticky":false,"template":"","format":"standard","meta":{"om_disable_all_campaigns":false,"_monsterinsights_skip_tracking":false,"_monsterinsights_sitenote_active":false,"_monsterinsights_sitenote_note":"","_monsterinsights_sitenote_category":0},"categories":[26],"tags":[],"aioseo_notices":[],"gutentor_comment":0,"rttpg_featured_image_url":{"full":["https:\/\/arantv.az\/wp-content\/uploads\/2021\/01\/6a508a60160974332532578322811023079.jpg",975,540,false],"landscape":["https:\/\/arantv.az\/wp-content\/uploads\/2021\/01\/6a508a60160974332532578322811023079.jpg",975,540,false],"portraits":["https:\/\/arantv.az\/wp-content\/uploads\/2021\/01\/6a508a60160974332532578322811023079.jpg",975,540,false],"thumbnail":["https:\/\/arantv.az\/wp-content\/uploads\/2021\/01\/6a508a60160974332532578322811023079-150x150.jpg",150,150,true],"medium":["https:\/\/arantv.az\/wp-content\/uploads\/2021\/01\/6a508a60160974332532578322811023079-300x166.jpg",300,166,true],"large":["https:\/\/arantv.az\/wp-content\/uploads\/2021\/01\/6a508a60160974332532578322811023079.jpg",640,354,false],"1536x1536":["https:\/\/arantv.az\/wp-content\/uploads\/2021\/01\/6a508a60160974332532578322811023079.jpg",975,540,false],"2048x2048":["https:\/\/arantv.az\/wp-content\/uploads\/2021\/01\/6a508a60160974332532578322811023079.jpg",975,540,false],"post-thumbnail":["https:\/\/arantv.az\/wp-content\/uploads\/2021\/01\/6a508a60160974332532578322811023079-240x172.jpg",240,172,true],"advps-thumb-one":["https:\/\/arantv.az\/wp-content\/uploads\/2021\/01\/6a508a60160974332532578322811023079.jpg",975,540,false]},"rttpg_author":{"display_name":"V\u00fcsal Rafiqo\u011flu","author_link":"https:\/\/arantv.az\/?author=2"},"rttpg_comment":0,"rttpg_category":"<a href=\"https:\/\/arantv.az\/?cat=26\" rel=\"category\">Sosial<\/a>","rttpg_excerpt":"Yanvar\u0131n 4-\u00fc \u00dcmumd\u00fcnya Brayl \u018flifbas\u0131 G\u00fcn\u00fcd\u00fcr. Bu g\u00fcn 2018-ci il dekabr\u0131n 17-d\u0259 BMT Ba\u015f M\u0259clisinin q\u0259tnam\u0259si il\u0259 t\u0259sis edilib. ARANTV.AZ x\u0259b\u0259r verir ki, Brayl \u0259lifbas\u0131 g\u00f6rm\u0259 m\u0259hdudiyy\u0259ti olanlar v\u0259 z\u0259if g\u00f6r\u0259nl\u0259rin oxuyub-yazmalar\u0131 \u00fc\u00e7\u00fcn n\u0259z\u0259rd\u0259 tutulub. H\u0259min \u0259lifban\u0131 ilk d\u0259f\u0259 1824-c\u00fc ild\u0259 Paris Milli \u0130nstitutunun t\u0259l\u0259b\u0259si Lui Brayl yarad\u0131b. \u00c7\u0259km\u0259\u00e7i o\u011flu Lui 3 ya\u015f\u0131nda atas\u0131n\u0131n ayaqqab\u0131&hellip;","_links":{"self":[{"href":"https:\/\/arantv.az\/index.php?rest_route=\/wp\/v2\/posts\/264834"}],"collection":[{"href":"https:\/\/arantv.az\/index.php?rest_route=\/wp\/v2\/posts"}],"about":[{"href":"https:\/\/arantv.az\/index.php?rest_route=\/wp\/v2\/types\/post"}],"author":[{"embeddable":true,"href":"https:\/\/arantv.az\/index.php?rest_route=\/wp\/v2\/users\/2"}],"replies":[{"embeddable":true,"href":"https:\/\/arantv.az\/index.php?rest_route=%2Fwp%2Fv2%2Fcomments&post=264834"}],"version-history":[{"count":0,"href":"https:\/\/arantv.az\/index.php?rest_route=\/wp\/v2\/posts\/264834\/revisions"}],"wp:featuredmedia":[{"embeddable":true,"href":"https:\/\/arantv.az\/index.php?rest_route=\/wp\/v2\/media\/264835"}],"wp:attachment":[{"href":"https:\/\/arantv.az\/index.php?rest_route=%2Fwp%2Fv2%2Fmedia&parent=264834"}],"wp:term":[{"taxonomy":"category","embeddable":true,"href":"https:\/\/arantv.az\/index.php?rest_route=%2Fwp%2Fv2%2Fcategories&post=264834"},{"taxonomy":"post_tag","embeddable":true,"href":"https:\/\/arantv.az\/index.php?rest_route=%2Fwp%2Fv2%2Ftags&post=264834"}],"curies":[{"name":"wp","href":"https:\/\/api.w.org\/{rel}","templated":true}]}}