{"id":264842,"date":"2021-01-04T10:13:54","date_gmt":"2021-01-04T07:13:54","guid":{"rendered":"http:\/\/arantv.az\/?p=264842"},"modified":"2021-01-04T10:13:54","modified_gmt":"2021-01-04T07:13:54","slug":"karantin-rejimi-qaydalarini-pozaraq-f%c9%99aliyy%c9%99t-gost%c9%99r%c9%99n-cayxana-askarlandi-foto","status":"publish","type":"post","link":"https:\/\/arantv.az\/?p=264842","title":{"rendered":"Karantin rejimi qaydalar\u0131n\u0131 pozaraq f\u0259aliyy\u0259t g\u00f6st\u0259r\u0259n \u00e7ayxana a\u015fkarland\u0131 &#8211; FOTO"},"content":{"rendered":"<p>\u015eabranda karantin rejimi qaydalar\u0131n\u0131 pozaraq f\u0259aliyy\u0259t g\u00f6st\u0259r\u0259n \u00e7ayxana a\u015fkarlan\u0131b.<\/p>\n<p>Daxili \u0130\u015fl\u0259r Nazirliyinin M\u0259tbuat Xidm\u0259tinin Quba regional qrupundan veril\u0259n m\u0259lumata g\u00f6r\u0259, \u015eabran Rayon Polis \u015e\u00f6b\u0259sinin \u0259m\u0259kda\u015flar\u0131 rayon \u0259razisind\u0259 karantin rejimin\u0259 \u0259m\u0259l etm\u0259y\u0259r\u0259k f\u0259aliyy\u0259t g\u00f6st\u0259r\u0259n \u00e7ayxana a\u015fkarlay\u0131blar. Qanunvericiliy\u0259 uy\u011fun olaraq obyektin sahibi S.Babayev v\u0259 orada olan yeddi m\u00fc\u015ft\u0259ri saxlan\u0131laraq polis \u015f\u00f6b\u0259sin\u0259 g\u0259tirilibl\u0259r.<\/p>\n<div id=\"AdviadNativeVideo0\" class=\"AdviadNativeVideo\"><\/div>\n<p>H\u0259min \u015f\u0259xsl\u0259r bar\u0259sind\u0259 \u0130nzibati X\u0259talar M\u0259c\u0259ll\u0259sinin m\u00fcvafiq madd\u0259si \u00fczr\u0259 protokollar t\u0259rtib edilib v\u0259 onlar\u0131n h\u0259r biri 200 manat miqdar\u0131nda c\u0259rim\u0259 olunublar.<\/p>\n<div class=\"gallery\">\n<div class=\"gallery-i\"><img src=\"https:\/\/cdn.oxu.az\/uploads\/W1siZiIsIjIwMjEvMDEvMDQvMTEvMDMvNTMvZWViMWY0YzYtZDczYS00ZWQyLWJmYmItNTc0Mjk0N2I2M2ZmLzEgKDEpLmpwZWciXSxbInAiLCJlbmNvZGUiLCJqcGciLCItcXVhbGl0eSA4MCJdLFsicCIsInRodW1iIiwiNTkweDU5MFx1MDAzZSJdXQ?sha=dc612b4656a3896f\" alt=\"\" \/><\/p>\n<div class=\"gallery-i-caption\"><\/div>\n<\/div>\n<div class=\"gallery-i\"><img src=\"https:\/\/cdn.oxu.az\/uploads\/W1siZiIsIjIwMjEvMDEvMDQvMTEvMDMvNTMvNjUwNGE1NDItNzY3OS00OGFjLTgwMmEtNmFiNTFiZWM0ZTAxLzEgKDIpLmpwZWciXSxbInAiLCJlbmNvZGUiLCJqcGciLCItcXVhbGl0eSA4MCJdLFsicCIsInRodW1iIiwiNTkweDU5MFx1MDAzZSJdXQ?sha=b031b8c54812cbc9\" alt=\"\" \/><\/div>\n<\/div>\n","protected":false},"excerpt":{"rendered":"<p>\u015eabranda karantin rejimi qaydalar\u0131n\u0131 pozaraq f\u0259aliyy\u0259t g\u00f6st\u0259r\u0259n \u00e7ayxana a\u015fkarlan\u0131b. Daxili \u0130\u015fl\u0259r Nazirliyinin M\u0259tbuat Xidm\u0259tinin Quba regional qrupundan veril\u0259n m\u0259lumata g\u00f6r\u0259, \u015eabran Rayon Polis \u015e\u00f6b\u0259sinin \u0259m\u0259kda\u015flar\u0131 rayon \u0259razisind\u0259 karantin rejimin\u0259 \u0259m\u0259l etm\u0259y\u0259r\u0259k f\u0259aliyy\u0259t g\u00f6st\u0259r\u0259n \u00e7ayxana a\u015fkarlay\u0131blar. Qanunvericiliy\u0259 uy\u011fun olaraq obyektin sahibi S.Babayev v\u0259 orada olan yeddi m\u00fc\u015ft\u0259ri saxlan\u0131laraq polis \u015f\u00f6b\u0259sin\u0259 g\u0259tirilibl\u0259r. H\u0259min \u015f\u0259xsl\u0259r bar\u0259sind\u0259 \u0130nzibati X\u0259talar M\u0259c\u0259ll\u0259sinin m\u00fcvafiq madd\u0259si \u00fczr\u0259 protokollar t\u0259rtib edilib v\u0259 onlar\u0131n h\u0259r biri 200 manat miqdar\u0131nda c\u0259rim\u0259 olunublar.<\/p>\n","protected":false},"author":2,"featured_media":264843,"comment_status":"closed","ping_status":"closed","sticky":false,"template":"","format":"standard","meta":{"om_disable_all_campaigns":false,"_monsterinsights_skip_tracking":false,"_monsterinsights_sitenote_active":false,"_monsterinsights_sitenote_note":"","_monsterinsights_sitenote_category":0},"categories":[26],"tags":[],"aioseo_notices":[],"gutentor_comment":0,"rttpg_featured_image_url":{"full":["https:\/\/arantv.az\/wp-content\/uploads\/2021\/01\/cay5.jpg",620,414,false],"landscape":["https:\/\/arantv.az\/wp-content\/uploads\/2021\/01\/cay5.jpg",620,414,false],"portraits":["https:\/\/arantv.az\/wp-content\/uploads\/2021\/01\/cay5.jpg",620,414,false],"thumbnail":["https:\/\/arantv.az\/wp-content\/uploads\/2021\/01\/cay5-150x150.jpg",150,150,true],"medium":["https:\/\/arantv.az\/wp-content\/uploads\/2021\/01\/cay5-300x200.jpg",300,200,true],"large":["https:\/\/arantv.az\/wp-content\/uploads\/2021\/01\/cay5.jpg",620,414,false],"1536x1536":["https:\/\/arantv.az\/wp-content\/uploads\/2021\/01\/cay5.jpg",620,414,false],"2048x2048":["https:\/\/arantv.az\/wp-content\/uploads\/2021\/01\/cay5.jpg",620,414,false],"post-thumbnail":["https:\/\/arantv.az\/wp-content\/uploads\/2021\/01\/cay5-240x172.jpg",240,172,true],"advps-thumb-one":["https:\/\/arantv.az\/wp-content\/uploads\/2021\/01\/cay5.jpg",620,414,false]},"rttpg_author":{"display_name":"V\u00fcsal Rafiqo\u011flu","author_link":"https:\/\/arantv.az\/?author=2"},"rttpg_comment":0,"rttpg_category":"<a href=\"https:\/\/arantv.az\/?cat=26\" rel=\"category\">Sosial<\/a>","rttpg_excerpt":"\u015eabranda karantin rejimi qaydalar\u0131n\u0131 pozaraq f\u0259aliyy\u0259t g\u00f6st\u0259r\u0259n \u00e7ayxana a\u015fkarlan\u0131b. Daxili \u0130\u015fl\u0259r Nazirliyinin M\u0259tbuat Xidm\u0259tinin Quba regional qrupundan veril\u0259n m\u0259lumata g\u00f6r\u0259, \u015eabran Rayon Polis \u015e\u00f6b\u0259sinin \u0259m\u0259kda\u015flar\u0131 rayon \u0259razisind\u0259 karantin rejimin\u0259 \u0259m\u0259l etm\u0259y\u0259r\u0259k f\u0259aliyy\u0259t g\u00f6st\u0259r\u0259n \u00e7ayxana a\u015fkarlay\u0131blar. Qanunvericiliy\u0259 uy\u011fun olaraq obyektin sahibi S.Babayev v\u0259 orada olan yeddi m\u00fc\u015ft\u0259ri saxlan\u0131laraq polis \u015f\u00f6b\u0259sin\u0259 g\u0259tirilibl\u0259r. H\u0259min \u015f\u0259xsl\u0259r bar\u0259sind\u0259 \u0130nzibati X\u0259talar&hellip;","_links":{"self":[{"href":"https:\/\/arantv.az\/index.php?rest_route=\/wp\/v2\/posts\/264842"}],"collection":[{"href":"https:\/\/arantv.az\/index.php?rest_route=\/wp\/v2\/posts"}],"about":[{"href":"https:\/\/arantv.az\/index.php?rest_route=\/wp\/v2\/types\/post"}],"author":[{"embeddable":true,"href":"https:\/\/arantv.az\/index.php?rest_route=\/wp\/v2\/users\/2"}],"replies":[{"embeddable":true,"href":"https:\/\/arantv.az\/index.php?rest_route=%2Fwp%2Fv2%2Fcomments&post=264842"}],"version-history":[{"count":0,"href":"https:\/\/arantv.az\/index.php?rest_route=\/wp\/v2\/posts\/264842\/revisions"}],"wp:featuredmedia":[{"embeddable":true,"href":"https:\/\/arantv.az\/index.php?rest_route=\/wp\/v2\/media\/264843"}],"wp:attachment":[{"href":"https:\/\/arantv.az\/index.php?rest_route=%2Fwp%2Fv2%2Fmedia&parent=264842"}],"wp:term":[{"taxonomy":"category","embeddable":true,"href":"https:\/\/arantv.az\/index.php?rest_route=%2Fwp%2Fv2%2Fcategories&post=264842"},{"taxonomy":"post_tag","embeddable":true,"href":"https:\/\/arantv.az\/index.php?rest_route=%2Fwp%2Fv2%2Ftags&post=264842"}],"curies":[{"name":"wp","href":"https:\/\/api.w.org\/{rel}","templated":true}]}}