{"id":26485,"date":"2018-12-06T13:54:53","date_gmt":"2018-12-06T10:54:53","guid":{"rendered":"http:\/\/arantv.az\/?p=26485"},"modified":"2018-12-06T13:54:53","modified_gmt":"2018-12-06T10:54:53","slug":"az%c9%99rbaycan-dill%c9%99r-universitetind%c9%99-elmi-praktik-konfrans-kecirilib","status":"publish","type":"post","link":"https:\/\/arantv.az\/?p=26485","title":{"rendered":"Az\u0259rbaycan Dill\u0259r Universitetind\u0259 elmi-praktik konfrans ke\u00e7irilib"},"content":{"rendered":"<p><strong>ARANTV.AZ<\/strong> x\u0259b\u0259r verir ki, Az\u0259rbaycan Dill\u0259r Universitetind\u0259 \u201cXarici dill\u0259rin t\u0259drisinin aktual probleml\u0259ri\u201d adl\u0131 respublika elmi-praktik konfrans\u0131 ke\u00e7irilib. \u00d6lk\u0259mizd\u0259 t\u0259hsil sah\u0259sin\u0259 g\u00f6st\u0259ril\u0259n diqq\u0259t v\u0259 qay\u011f\u0131dan dan\u0131\u015fan Universitetin prorektoru \u018ffqan Abdullayev\u00a0 konfrans\u0131n t\u0259\u015fkilat komit\u0259sin\u0259 158 adda tezis daxil olundu\u011fu vur\u011fulay\u0131b. Bu tezisl\u0259r \u00fcmumilikd\u0259 12 universitet v\u0259 elmi t\u0259\u015fkilat\u0131n pay\u0131na d\u00fc\u015f\u00fcr. T\u0259hsil fak\u00fclt\u0259sinin dekan\u0131 Fikr\u0259t Cahangirov v\u0259 dig\u0259rl\u0259ri qeyd edibl\u0259r ki, qloballa\u015fan d\u00fcnyada Az\u0259rbaycan t\u0259hsilinin d\u00fcnya t\u0259hsil v\u0259 elm m\u0259kan\u0131na inteqrasiyas\u0131, elmi \u0259m\u0259kda\u015fl\u0131q v\u0259 ikili diplom proqramlar\u0131 xarici dill\u0259rin \u00f6yr\u0259nilm\u0131sini daha da aktualla\u015fd\u0131r\u0131r. \u201cAz\u0259rbaycan-ingilis bilinqvizminin pedaqoji aspekti\u201d v\u0259 \u201c\u0130ngilis dilinin t\u0259drisind\u0259 t\u0259kt\u0259rkibli c\u00fcml\u0259l\u0259rin yaratd\u0131\u011f\u0131 probleml\u0259rin aradan qald\u0131r\u0131lmas\u0131 haqq\u0131nda\u201d plenar m\u0259ruz\u0259l\u0259rl\u0259 davam ed\u0259n konfrans dekabr\u0131n 7-d\u0259k davam ed\u0259c\u0259k.<\/p>\n","protected":false},"excerpt":{"rendered":"<p>ARANTV.AZ x\u0259b\u0259r verir ki, Az\u0259rbaycan Dill\u0259r Universitetind\u0259 \u201cXarici dill\u0259rin t\u0259drisinin aktual probleml\u0259ri\u201d adl\u0131 respublika elmi-praktik konfrans\u0131 ke\u00e7irilib. \u00d6lk\u0259mizd\u0259 t\u0259hsil sah\u0259sin\u0259 g\u00f6st\u0259ril\u0259n diqq\u0259t v\u0259 qay\u011f\u0131dan dan\u0131\u015fan Universitetin prorektoru \u018ffqan Abdullayev\u00a0 konfrans\u0131n t\u0259\u015fkilat komit\u0259sin\u0259 158 adda tezis daxil olundu\u011fu vur\u011fulay\u0131b. Bu tezisl\u0259r \u00fcmumilikd\u0259 12 universitet v\u0259 elmi t\u0259\u015fkilat\u0131n pay\u0131na d\u00fc\u015f\u00fcr. T\u0259hsil fak\u00fclt\u0259sinin dekan\u0131 Fikr\u0259t Cahangirov v\u0259 dig\u0259rl\u0259ri qeyd edibl\u0259r ki, qloballa\u015fan d\u00fcnyada Az\u0259rbaycan t\u0259hsilinin d\u00fcnya t\u0259hsil v\u0259 elm m\u0259kan\u0131na inteqrasiyas\u0131, elmi \u0259m\u0259kda\u015fl\u0131q v\u0259 ikili diplom proqramlar\u0131 xarici dill\u0259rin \u00f6yr\u0259nilm\u0131sini daha da aktualla\u015fd\u0131r\u0131r. \u201cAz\u0259rbaycan-ingilis bilinqvizminin pedaqoji aspekti\u201d v\u0259 \u201c\u0130ngilis dilinin t\u0259drisind\u0259 t\u0259kt\u0259rkibli c\u00fcml\u0259l\u0259rin&hellip;<\/p>\n","protected":false},"author":2,"featured_media":26486,"comment_status":"closed","ping_status":"closed","sticky":false,"template":"","format":"standard","meta":{"om_disable_all_campaigns":false,"_monsterinsights_skip_tracking":false,"_monsterinsights_sitenote_active":false,"_monsterinsights_sitenote_note":"","_monsterinsights_sitenote_category":0},"categories":[1],"tags":[],"aioseo_notices":[],"gutentor_comment":0,"rttpg_featured_image_url":{"full":["https:\/\/arantv.az\/wp-content\/uploads\/2018\/12\/7iqlsr4jsi2inm5n0q4ar0hhl1dil.jpg",1000,541,false],"landscape":["https:\/\/arantv.az\/wp-content\/uploads\/2018\/12\/7iqlsr4jsi2inm5n0q4ar0hhl1dil.jpg",1000,541,false],"portraits":["https:\/\/arantv.az\/wp-content\/uploads\/2018\/12\/7iqlsr4jsi2inm5n0q4ar0hhl1dil.jpg",1000,541,false],"thumbnail":["https:\/\/arantv.az\/wp-content\/uploads\/2018\/12\/7iqlsr4jsi2inm5n0q4ar0hhl1dil-150x150.jpg",150,150,true],"medium":["https:\/\/arantv.az\/wp-content\/uploads\/2018\/12\/7iqlsr4jsi2inm5n0q4ar0hhl1dil-300x162.jpg",300,162,true],"large":["https:\/\/arantv.az\/wp-content\/uploads\/2018\/12\/7iqlsr4jsi2inm5n0q4ar0hhl1dil.jpg",640,346,false],"1536x1536":["https:\/\/arantv.az\/wp-content\/uploads\/2018\/12\/7iqlsr4jsi2inm5n0q4ar0hhl1dil.jpg",1000,541,false],"2048x2048":["https:\/\/arantv.az\/wp-content\/uploads\/2018\/12\/7iqlsr4jsi2inm5n0q4ar0hhl1dil.jpg",1000,541,false],"post-thumbnail":["https:\/\/arantv.az\/wp-content\/uploads\/2018\/12\/7iqlsr4jsi2inm5n0q4ar0hhl1dil-240x172.jpg",240,172,true],"advps-thumb-one":["https:\/\/arantv.az\/wp-content\/uploads\/2018\/12\/7iqlsr4jsi2inm5n0q4ar0hhl1dil.jpg",1000,541,false]},"rttpg_author":{"display_name":"V\u00fcsal Rafiqo\u011flu","author_link":"https:\/\/arantv.az\/?author=2"},"rttpg_comment":0,"rttpg_category":"<a href=\"https:\/\/arantv.az\/?cat=1\" rel=\"category\">C\u0259miyy\u0259t<\/a>","rttpg_excerpt":"ARANTV.AZ x\u0259b\u0259r verir ki, Az\u0259rbaycan Dill\u0259r Universitetind\u0259 \u201cXarici dill\u0259rin t\u0259drisinin aktual probleml\u0259ri\u201d adl\u0131 respublika elmi-praktik konfrans\u0131 ke\u00e7irilib. \u00d6lk\u0259mizd\u0259 t\u0259hsil sah\u0259sin\u0259 g\u00f6st\u0259ril\u0259n diqq\u0259t v\u0259 qay\u011f\u0131dan dan\u0131\u015fan Universitetin prorektoru \u018ffqan Abdullayev\u00a0 konfrans\u0131n t\u0259\u015fkilat komit\u0259sin\u0259 158 adda tezis daxil olundu\u011fu vur\u011fulay\u0131b. Bu tezisl\u0259r \u00fcmumilikd\u0259 12 universitet v\u0259 elmi t\u0259\u015fkilat\u0131n pay\u0131na d\u00fc\u015f\u00fcr. T\u0259hsil fak\u00fclt\u0259sinin dekan\u0131 Fikr\u0259t Cahangirov v\u0259 dig\u0259rl\u0259ri&hellip;","_links":{"self":[{"href":"https:\/\/arantv.az\/index.php?rest_route=\/wp\/v2\/posts\/26485"}],"collection":[{"href":"https:\/\/arantv.az\/index.php?rest_route=\/wp\/v2\/posts"}],"about":[{"href":"https:\/\/arantv.az\/index.php?rest_route=\/wp\/v2\/types\/post"}],"author":[{"embeddable":true,"href":"https:\/\/arantv.az\/index.php?rest_route=\/wp\/v2\/users\/2"}],"replies":[{"embeddable":true,"href":"https:\/\/arantv.az\/index.php?rest_route=%2Fwp%2Fv2%2Fcomments&post=26485"}],"version-history":[{"count":0,"href":"https:\/\/arantv.az\/index.php?rest_route=\/wp\/v2\/posts\/26485\/revisions"}],"wp:featuredmedia":[{"embeddable":true,"href":"https:\/\/arantv.az\/index.php?rest_route=\/wp\/v2\/media\/26486"}],"wp:attachment":[{"href":"https:\/\/arantv.az\/index.php?rest_route=%2Fwp%2Fv2%2Fmedia&parent=26485"}],"wp:term":[{"taxonomy":"category","embeddable":true,"href":"https:\/\/arantv.az\/index.php?rest_route=%2Fwp%2Fv2%2Fcategories&post=26485"},{"taxonomy":"post_tag","embeddable":true,"href":"https:\/\/arantv.az\/index.php?rest_route=%2Fwp%2Fv2%2Ftags&post=26485"}],"curies":[{"name":"wp","href":"https:\/\/api.w.org\/{rel}","templated":true}]}}