{"id":264870,"date":"2021-01-04T11:02:54","date_gmt":"2021-01-04T08:02:54","guid":{"rendered":"http:\/\/arantv.az\/?p=264870"},"modified":"2021-01-04T11:02:54","modified_gmt":"2021-01-04T08:02:54","slug":"susanin-azad-olunmasi-%c9%99m%c9%99liyyatinda-q%c9%99hr%c9%99manligi-il%c9%99-secil%c9%99n-s%c9%99hidimiz-c%c9%99sur-k%c9%99sfiyyatci-r%c9%99fael-huseynov","status":"publish","type":"post","link":"https:\/\/arantv.az\/?p=264870","title":{"rendered":"\u015eu\u015fan\u0131n azad olunmas\u0131 \u0259m\u0259liyyat\u0131nda q\u0259hr\u0259manl\u0131\u011f\u0131 il\u0259 se\u00e7il\u0259n \u015f\u0259hidimiz: C\u0259sur k\u0259\u015ffiyyat\u00e7\u0131 R\u0259fael H\u00fcseynov"},"content":{"rendered":"<p>\u00d6t\u0259n il sentyabr\u0131n 27-d\u0259 Erm\u0259nistan\u0131n Az\u0259rbaycana qar\u015f\u0131 n\u00f6vb\u0259ti h\u0259rbi t\u0259xribat\u0131 v\u0259 m\u00fclki \u0259halini h\u0259d\u0259f\u0259 almas\u0131 Az\u0259rbaycan Ordusunun s\u0259brini da\u015f\u0131ran son damla oldu. El\u0259 h\u0259min andan etibar\u0259n damarlar\u0131nda qisas qan\u0131 co\u015fan aslan p\u0259nc\u0259li o\u011fullar\u0131m\u0131z bir a\u011f\u0131zdan V\u0259t\u0259nin haray\u0131na s\u0259s verdil\u0259r. Bel\u0259 q\u0259hr\u0259man ail\u0259l\u0259rd\u0259n biri d\u0259 H\u00fcseynovlar ail\u0259sidir. Ail\u0259nin iki \u00f6vlad\u0131 haqq sava\u015f\u0131m\u0131zda m\u00fcbariz\u0259y\u0259 qo\u015fularaq dig\u0259r q\u0259hr\u0259manlar\u0131m\u0131zla birlikd\u0259 Qaraba\u011f\u0131m\u0131z\u0131 d\u00fc\u015fm\u0259n tapda\u011f\u0131ndan azad etdil\u0259r. \u018fld\u0259 etdiyimiz Q\u0259l\u0259b\u0259d\u0259n sonra R\u0259fael \u015f\u0259hid kimi, Elmir is\u0259 qazi olaraq evin\u0259 qay\u0131td\u0131.<\/p>\n<p><strong>ARANTV.AZ<\/strong> x\u0259b\u0259r verir ki, R\u0259fael H\u00fcseynov 2000-ci il yanvar\u0131n 1-i Masall\u0131n\u0131n Qar\u011fal\u0131q k\u0259ndind\u0259 d\u00fcnyaya g\u00f6z a\u00e7\u0131b.<\/p>\n<p>R\u0259fael 2018-2019-cu ill\u0259rd\u0259 h\u0259qiqi h\u0259rbi xidm\u0259td\u0259 olark\u0259n X\u00fcsusi T\u0259yinatl\u0131 Q\u00fcvv\u0259l\u0259rin t\u0259liml\u0259rin\u0259 qat\u0131l\u0131r. 398 \u0259sg\u0259rd\u0259n R\u0259fael d\u0259 daxil olmaqla, 28-i kursdan ke\u00e7m\u0259kl\u0259 x\u00fcsusi t\u0259yinatl\u0131 kimi se\u00e7ilir. El\u0259 h\u0259min ild\u0259n gizir kimi h\u0259rbi xidm\u0259tini davam etdirir. Bir \u00e7ox h\u0259rbi t\u0259liml\u0259rd\u0259 i\u015ftirak ed\u0259n q\u0259hr\u0259man\u0131m\u0131z tez bir zamanda c\u0259sur k\u0259\u015ffiyyat\u00e7\u0131 kimi yeti\u015fir. Onun evl\u0259rin\u0259 sonuncu g\u0259li\u015fi avqust ay\u0131nda olur.<\/p>\n<div id=\"AdviadNativeVideo0\" class=\"AdviadNativeVideo\"><\/div>\n<p>\u015e\u0259hidin atas\u0131 o\u011flunun m\u00fcharib\u0259 ba\u015flayanda onlara he\u00e7 bir m\u0259lumat verm\u0259diyini, s\u0259h\u0259risi g\u00fcn c\u0259bh\u0259y\u0259 yolland\u0131\u011f\u0131n\u0131 bildirir. S\u0259f\u0259rb\u0259rlik elan olunanda is\u0259 Teymur H\u00fcseynov b\u00f6y\u00fck o\u011flu Elmirl\u0259 birlikd\u0259 h\u0259rbi komissarl\u0131\u011fa g\u0259lir v\u0259 ikinci o\u011flunu da c\u0259bh\u0259y\u0259 yollay\u0131r:<\/p>\n<p>\u201cSonuncu d\u0259f\u0259 R\u0259faell\u0259 dan\u0131\u015fanda dedi ki, ata, telefonlar\u0131m\u0131za z\u0259ng \u00e7atmayacaq, biz k\u0259\u015ffiyyata gedirik, nigaran qalmay\u0131n. Dedim, bala, yolun a\u00e7\u0131q olsun! V\u0259t\u0259ni qorumaq h\u0259r birimizin borcudur. \u018fg\u0259r bu torpa\u011f\u0131n suyunu i\u00e7iriks\u0259, \u00e7\u00f6r\u0259yini yeyiriks\u0259, ona borcluyuq.\u201d<\/p>\n<p>R\u0259fael V\u0259t\u0259n m\u00fcharib\u0259si ba\u015flayan g\u00fcnd\u0259n yolda\u015flar\u0131 il\u0259 K\u0259lb\u0259c\u0259r istiqam\u0259tind\u0259, Murov y\u00fcks\u0259kliyi u\u011frunda \u0259n \u015fidd\u0259tli d\u00f6y\u00fc\u015fl\u0259rd\u0259 i\u015f\u011fal\u00e7\u0131 d\u00fc\u015fm\u0259n\u0259 qar\u015f\u0131 r\u0259\u015fad\u0259tl\u0259 vuru\u015fur. Daha sonra X\u00fcsusi T\u0259yinatl\u0131 Q\u00fcvv\u0259l\u0259rin aslanlar\u0131 F\u00fczulinin, Hadrutun d\u00fc\u015fm\u0259n i\u015f\u011fal\u0131ndan azad olunmas\u0131nda b\u00f6y\u00fck q\u0259hr\u0259manl\u0131qlar g\u00f6st\u0259rirl\u0259r. Bu zaman V\u0259t\u0259n m\u00fcharib\u0259sind\u0259 \u015f\u0259r\u0259fl\u0259 d\u00f6y\u00fc\u015f\u0259n qarda\u015f\u0131 Elmir \u00fc\u00e7\u00fcn telefonunda ki\u00e7ik bir video lent\u0259 al\u0131r v\u0259 m\u00fcharib\u0259 bitdikd\u0259n sonra birlikd\u0259 baxacaqlar\u0131 \u00fcmidi il\u0259 saxlay\u0131r&#8230;<\/p>\n<p>V\u0259t\u0259n m\u00fcharib\u0259sinin qazisi Elmir H\u00fcseynov deyir ki, qarda\u015f\u0131 \u00e7\u0259tin idar\u0259 olunan a\u011f\u0131r texnikalar\u0131 s\u00fcrm\u0259yi d\u0259 bacar\u0131rd\u0131. H\u0259tta d\u00f6y\u00fc\u015fl\u0259rin birind\u0259 yaral\u0131 d\u00f6y\u00fc\u015f yolda\u015flar\u0131n\u0131 erm\u0259ni fermas\u0131ndan tapd\u0131\u011f\u0131 traktorun arxas\u0131na qo\u015fqu qo\u015faraq t\u0259xliy\u0259 etmi\u015fdi.<\/p>\n<p>\u201cTabor komandiri a\u011f\u0131r d\u00f6y\u00fc\u015fl\u0259rd\u0259n \u015f\u0259r\u0259fl\u0259 \u00e7\u0131xan q\u0259hr\u0259man\u0131m\u0131za geri \u00e7\u0259kil\u0259r\u0259k, bir m\u00fcdd\u0259t dinc\u0259lm\u0259yi m\u0259sl\u0259h\u0259t g\u00f6rs\u0259 d\u0259, \u201cM\u0259n geri qay\u0131tm\u0131ram! Siz m\u0259n\u0259 d\u0259st\u0259k yollay\u0131n, m\u0259n yoluma davam ed\u0259c\u0259y\u0259m\u201d, dey\u0259 ona cavab verib. Sonra \u015eu\u015fan\u0131n azad olunmas\u0131 u\u011frunda d\u00f6y\u00fc\u015fl\u0259r\u0259 qo\u015fulub v\u0259 orada da q\u0259hr\u0259mancas\u0131na \u015f\u0259hid olub\u201d, &#8211; dey\u0259 qarda\u015f\u0131 s\u00f6yl\u0259yir.<\/p>\n<p>R\u0259fael \u015eu\u015faya kimi q\u0259hr\u0259manl\u0131qla vuru\u015fan, burada d\u00fc\u015fm\u0259n m\u00fcdafi\u0259sini q\u0131raraq al\u0131nmaz qalam\u0131z\u0131 f\u0259th ed\u0259n igidl\u0259rimizd\u0259n biri olur. A\u015f\u0131lmaz v\u0259 s\u0131ld\u0131r\u0131m qayalar\u0131 qalx\u0131b d\u00fc\u015fm\u0259n \u00fcst\u00fcn\u0259 \u015f\u0131\u011f\u0131yan x\u00fcsusi t\u0259yinatl\u0131 kimi d\u00f6y\u00fc\u015f meydan\u0131nda b\u00f6y\u00fck q\u0259hr\u0259manl\u0131q g\u00f6st\u0259rir.<\/p>\n<p>\u201c\u0130nanm\u0131rd\u0131m ki, R\u0259fael \u015f\u0259hid olar. Ona o q\u0259d\u0259r g\u00fcv\u0259nirdim, o q\u0259d\u0259r insana g\u00fcv\u0259n verirdi. \u00d6z\u00fcn\u00fc \u00e7ox ehtiyatl\u0131 apar\u0131rd\u0131. Bilirdim ki, ya\u015f\u0131 az olsa da, \u00fcr\u0259yi b\u00f6y\u00fck idi. M\u0259n o\u011flumla f\u0259xr edir\u0259m. Onun \u015f\u0259hidliyi il\u0259 q\u00fcrur duyuram. Bir ana olaraq Allaha \u201c\u00e7ox sa\u011f ol\u201d deyir\u0259m ki, m\u0259n\u0259 R\u0259fael kimi \u00f6vlad vermi\u015fdi. Ona g\u00f6r\u0259 Allah\u0131mdan raz\u0131yam\u201d, &#8211; dey\u0259 \u015f\u0259hidin anas\u0131 \u015e\u0259lal\u0259 H\u00fcseynova bildirir.<\/p>\n<p>R\u0259fael H\u00fcseynov \u00f6l\u00fcm\u00fcnd\u0259n sonra Ali Ba\u015f Komandan\u0131n S\u0259r\u0259ncam\u0131 il\u0259 \u201cV\u0259t\u0259n u\u011frunda\u201d medal\u0131 il\u0259 t\u0259ltif olunub. H\u00fcseynovlar ail\u0259si f\u0259xr edirl\u0259r ki, qazand\u0131\u011f\u0131m\u0131z b\u00f6y\u00fck Q\u0259l\u0259b\u0259d\u0259 onlar\u0131n \u00f6vladlar\u0131n\u0131n da pay\u0131 var.AZ\u018fRTAC<\/p>\n","protected":false},"excerpt":{"rendered":"<p>\u00d6t\u0259n il sentyabr\u0131n 27-d\u0259 Erm\u0259nistan\u0131n Az\u0259rbaycana qar\u015f\u0131 n\u00f6vb\u0259ti h\u0259rbi t\u0259xribat\u0131 v\u0259 m\u00fclki \u0259halini h\u0259d\u0259f\u0259 almas\u0131 Az\u0259rbaycan Ordusunun s\u0259brini da\u015f\u0131ran son damla oldu. El\u0259 h\u0259min andan etibar\u0259n damarlar\u0131nda qisas qan\u0131 co\u015fan aslan p\u0259nc\u0259li o\u011fullar\u0131m\u0131z bir a\u011f\u0131zdan V\u0259t\u0259nin haray\u0131na s\u0259s verdil\u0259r. Bel\u0259 q\u0259hr\u0259man ail\u0259l\u0259rd\u0259n biri d\u0259 H\u00fcseynovlar ail\u0259sidir. Ail\u0259nin iki \u00f6vlad\u0131 haqq sava\u015f\u0131m\u0131zda m\u00fcbariz\u0259y\u0259 qo\u015fularaq dig\u0259r q\u0259hr\u0259manlar\u0131m\u0131zla birlikd\u0259 Qaraba\u011f\u0131m\u0131z\u0131 d\u00fc\u015fm\u0259n tapda\u011f\u0131ndan azad etdil\u0259r. \u018fld\u0259 etdiyimiz Q\u0259l\u0259b\u0259d\u0259n sonra R\u0259fael \u015f\u0259hid kimi, Elmir is\u0259 qazi olaraq evin\u0259 qay\u0131td\u0131. ARANTV.AZ x\u0259b\u0259r verir ki, R\u0259fael H\u00fcseynov 2000-ci il yanvar\u0131n 1-i Masall\u0131n\u0131n Qar\u011fal\u0131q k\u0259ndind\u0259 d\u00fcnyaya g\u00f6z a\u00e7\u0131b.&hellip;<\/p>\n","protected":false},"author":2,"featured_media":264871,"comment_status":"closed","ping_status":"closed","sticky":false,"template":"","format":"standard","meta":{"om_disable_all_campaigns":false,"_monsterinsights_skip_tracking":false,"_monsterinsights_sitenote_active":false,"_monsterinsights_sitenote_note":"","_monsterinsights_sitenote_category":0},"categories":[19],"tags":[],"aioseo_notices":[],"gutentor_comment":0,"rttpg_featured_image_url":{"full":["https:\/\/arantv.az\/wp-content\/uploads\/2021\/01\/15946283302953463498_1000x669.jpg",620,413,false],"landscape":["https:\/\/arantv.az\/wp-content\/uploads\/2021\/01\/15946283302953463498_1000x669.jpg",620,413,false],"portraits":["https:\/\/arantv.az\/wp-content\/uploads\/2021\/01\/15946283302953463498_1000x669.jpg",620,413,false],"thumbnail":["https:\/\/arantv.az\/wp-content\/uploads\/2021\/01\/15946283302953463498_1000x669-150x150.jpg",150,150,true],"medium":["https:\/\/arantv.az\/wp-content\/uploads\/2021\/01\/15946283302953463498_1000x669-300x200.jpg",300,200,true],"large":["https:\/\/arantv.az\/wp-content\/uploads\/2021\/01\/15946283302953463498_1000x669.jpg",620,413,false],"1536x1536":["https:\/\/arantv.az\/wp-content\/uploads\/2021\/01\/15946283302953463498_1000x669.jpg",620,413,false],"2048x2048":["https:\/\/arantv.az\/wp-content\/uploads\/2021\/01\/15946283302953463498_1000x669.jpg",620,413,false],"post-thumbnail":["https:\/\/arantv.az\/wp-content\/uploads\/2021\/01\/15946283302953463498_1000x669-240x172.jpg",240,172,true],"advps-thumb-one":["https:\/\/arantv.az\/wp-content\/uploads\/2021\/01\/15946283302953463498_1000x669.jpg",620,413,false]},"rttpg_author":{"display_name":"V\u00fcsal Rafiqo\u011flu","author_link":"https:\/\/arantv.az\/?author=2"},"rttpg_comment":0,"rttpg_category":"<a href=\"https:\/\/arantv.az\/?cat=19\" rel=\"category\">G\u00fcnd\u0259m<\/a>","rttpg_excerpt":"\u00d6t\u0259n il sentyabr\u0131n 27-d\u0259 Erm\u0259nistan\u0131n Az\u0259rbaycana qar\u015f\u0131 n\u00f6vb\u0259ti h\u0259rbi t\u0259xribat\u0131 v\u0259 m\u00fclki \u0259halini h\u0259d\u0259f\u0259 almas\u0131 Az\u0259rbaycan Ordusunun s\u0259brini da\u015f\u0131ran son damla oldu. El\u0259 h\u0259min andan etibar\u0259n damarlar\u0131nda qisas qan\u0131 co\u015fan aslan p\u0259nc\u0259li o\u011fullar\u0131m\u0131z bir a\u011f\u0131zdan V\u0259t\u0259nin haray\u0131na s\u0259s verdil\u0259r. Bel\u0259 q\u0259hr\u0259man ail\u0259l\u0259rd\u0259n biri d\u0259 H\u00fcseynovlar ail\u0259sidir. Ail\u0259nin iki \u00f6vlad\u0131 haqq sava\u015f\u0131m\u0131zda m\u00fcbariz\u0259y\u0259 qo\u015fularaq dig\u0259r q\u0259hr\u0259manlar\u0131m\u0131zla&hellip;","_links":{"self":[{"href":"https:\/\/arantv.az\/index.php?rest_route=\/wp\/v2\/posts\/264870"}],"collection":[{"href":"https:\/\/arantv.az\/index.php?rest_route=\/wp\/v2\/posts"}],"about":[{"href":"https:\/\/arantv.az\/index.php?rest_route=\/wp\/v2\/types\/post"}],"author":[{"embeddable":true,"href":"https:\/\/arantv.az\/index.php?rest_route=\/wp\/v2\/users\/2"}],"replies":[{"embeddable":true,"href":"https:\/\/arantv.az\/index.php?rest_route=%2Fwp%2Fv2%2Fcomments&post=264870"}],"version-history":[{"count":0,"href":"https:\/\/arantv.az\/index.php?rest_route=\/wp\/v2\/posts\/264870\/revisions"}],"wp:featuredmedia":[{"embeddable":true,"href":"https:\/\/arantv.az\/index.php?rest_route=\/wp\/v2\/media\/264871"}],"wp:attachment":[{"href":"https:\/\/arantv.az\/index.php?rest_route=%2Fwp%2Fv2%2Fmedia&parent=264870"}],"wp:term":[{"taxonomy":"category","embeddable":true,"href":"https:\/\/arantv.az\/index.php?rest_route=%2Fwp%2Fv2%2Fcategories&post=264870"},{"taxonomy":"post_tag","embeddable":true,"href":"https:\/\/arantv.az\/index.php?rest_route=%2Fwp%2Fv2%2Ftags&post=264870"}],"curies":[{"name":"wp","href":"https:\/\/api.w.org\/{rel}","templated":true}]}}