{"id":264886,"date":"2021-01-04T11:08:29","date_gmt":"2021-01-04T08:08:29","guid":{"rendered":"http:\/\/arantv.az\/?p=264886"},"modified":"2021-01-04T11:08:29","modified_gmt":"2021-01-04T08:08:29","slug":"evi-icaz%c9%99siz-t%c9%99rk-ed%c9%99n-covid-19-x%c9%99st%c9%99l%c9%99rinin-sayi-aciqlandi-2","status":"publish","type":"post","link":"https:\/\/arantv.az\/?p=264886","title":{"rendered":"Evi icaz\u0259siz t\u0259rk ed\u0259n COVID-19 x\u0259st\u0259l\u0259rinin say\u0131 a\u00e7\u0131qland\u0131"},"content":{"rendered":"<p>Son iki gu\u0308nd\u0259 ev s\u0327\u0259raitind\u0259 mu\u0308alic\u0259 t\u0259yin edil\u0259n 12 n\u0259f\u0259r aktiv COVID-19 x\u0259st\u0259si ictimai yerl\u0259rd\u0259 mu\u0308\u0259yy\u0259n olunaraq ev\u0259 qaytar\u0131l\u0131b.<\/p>\n<p>Bu bar\u0259d\u0259 Daxili I\u0307s\u0327l\u0259r Nazirliyinin M\u0259tbuat Xidm\u0259ti m\u0259lumat yay\u0131b.<\/p>\n<div id=\"AdviadNativeVideo0\" class=\"AdviadNativeVideo\"><\/div>\n<p>Bildirilib ki, onlardan alt\u0131 n\u0259f\u0259r bar\u0259sind\u0259 cinay\u0259t is\u0327i bas\u0327lan\u0131l\u0131b.<\/p>\n<p>\u201cBu istiqam\u0259td\u0259 t\u0259tbiq edil\u0259n bu\u0308tu\u0308n t\u0259dbirl\u0259r \u0259halinin t\u0259hlu\u0308k\u0259sizliyinin t\u0259min edilm\u0259si v\u0259 onlar\u0131n sag\u0306laml\u0131g\u0306\u0131n\u0131n qorunmas\u0131na xidm\u0259t edir. Ona go\u0308r\u0259 d\u0259\u00a0v\u0259t\u0259ndas\u0327lardan t\u0259tbiq edil\u0259n izolyasiya t\u0259dbirl\u0259rini anlay\u0131s\u0327la qars\u0327\u0131lamalar\u0131n\u0131, z\u0259rur\u0259t olmadan yas\u0327ay\u0131s\u0327 yerl\u0259rini t\u0259rk etm\u0259m\u0259l\u0259rini xahis\u0327 edirik\u201d, &#8211; dey\u0259 D\u0130N-d\u0259n qeyd edilib.<\/p>\n","protected":false},"excerpt":{"rendered":"<p>Son iki gu\u0308nd\u0259 ev s\u0327\u0259raitind\u0259 mu\u0308alic\u0259 t\u0259yin edil\u0259n 12 n\u0259f\u0259r aktiv COVID-19 x\u0259st\u0259si ictimai yerl\u0259rd\u0259 mu\u0308\u0259yy\u0259n olunaraq ev\u0259 qaytar\u0131l\u0131b. Bu bar\u0259d\u0259 Daxili I\u0307s\u0327l\u0259r Nazirliyinin M\u0259tbuat Xidm\u0259ti m\u0259lumat yay\u0131b. Bildirilib ki, onlardan alt\u0131 n\u0259f\u0259r bar\u0259sind\u0259 cinay\u0259t is\u0327i bas\u0327lan\u0131l\u0131b. \u201cBu istiqam\u0259td\u0259 t\u0259tbiq edil\u0259n bu\u0308tu\u0308n t\u0259dbirl\u0259r \u0259halinin t\u0259hlu\u0308k\u0259sizliyinin t\u0259min edilm\u0259si v\u0259 onlar\u0131n sag\u0306laml\u0131g\u0306\u0131n\u0131n qorunmas\u0131na xidm\u0259t edir. Ona go\u0308r\u0259 d\u0259\u00a0v\u0259t\u0259ndas\u0327lardan t\u0259tbiq edil\u0259n izolyasiya t\u0259dbirl\u0259rini anlay\u0131s\u0327la qars\u0327\u0131lamalar\u0131n\u0131, z\u0259rur\u0259t olmadan yas\u0327ay\u0131s\u0327 yerl\u0259rini t\u0259rk etm\u0259m\u0259l\u0259rini xahis\u0327 edirik\u201d, &#8211; dey\u0259 D\u0130N-d\u0259n qeyd edilib.<\/p>\n","protected":false},"author":2,"featured_media":264887,"comment_status":"closed","ping_status":"closed","sticky":false,"template":"","format":"standard","meta":{"om_disable_all_campaigns":false,"_monsterinsights_skip_tracking":false,"_monsterinsights_sitenote_active":false,"_monsterinsights_sitenote_note":"","_monsterinsights_sitenote_category":0},"categories":[26],"tags":[],"aioseo_notices":[],"gutentor_comment":0,"rttpg_featured_image_url":{"full":["https:\/\/arantv.az\/wp-content\/uploads\/2021\/01\/testtt.jpg",590,393,false],"landscape":["https:\/\/arantv.az\/wp-content\/uploads\/2021\/01\/testtt.jpg",590,393,false],"portraits":["https:\/\/arantv.az\/wp-content\/uploads\/2021\/01\/testtt.jpg",590,393,false],"thumbnail":["https:\/\/arantv.az\/wp-content\/uploads\/2021\/01\/testtt-150x150.jpg",150,150,true],"medium":["https:\/\/arantv.az\/wp-content\/uploads\/2021\/01\/testtt-300x200.jpg",300,200,true],"large":["https:\/\/arantv.az\/wp-content\/uploads\/2021\/01\/testtt.jpg",590,393,false],"1536x1536":["https:\/\/arantv.az\/wp-content\/uploads\/2021\/01\/testtt.jpg",590,393,false],"2048x2048":["https:\/\/arantv.az\/wp-content\/uploads\/2021\/01\/testtt.jpg",590,393,false],"post-thumbnail":["https:\/\/arantv.az\/wp-content\/uploads\/2021\/01\/testtt-240x172.jpg",240,172,true],"advps-thumb-one":["https:\/\/arantv.az\/wp-content\/uploads\/2021\/01\/testtt.jpg",590,393,false]},"rttpg_author":{"display_name":"V\u00fcsal Rafiqo\u011flu","author_link":"https:\/\/arantv.az\/?author=2"},"rttpg_comment":0,"rttpg_category":"<a href=\"https:\/\/arantv.az\/?cat=26\" rel=\"category\">Sosial<\/a>","rttpg_excerpt":"Son iki gu\u0308nd\u0259 ev s\u0327\u0259raitind\u0259 mu\u0308alic\u0259 t\u0259yin edil\u0259n 12 n\u0259f\u0259r aktiv COVID-19 x\u0259st\u0259si ictimai yerl\u0259rd\u0259 mu\u0308\u0259yy\u0259n olunaraq ev\u0259 qaytar\u0131l\u0131b. Bu bar\u0259d\u0259 Daxili I\u0307s\u0327l\u0259r Nazirliyinin M\u0259tbuat Xidm\u0259ti m\u0259lumat yay\u0131b. Bildirilib ki, onlardan alt\u0131 n\u0259f\u0259r bar\u0259sind\u0259 cinay\u0259t is\u0327i bas\u0327lan\u0131l\u0131b. \u201cBu istiqam\u0259td\u0259 t\u0259tbiq edil\u0259n bu\u0308tu\u0308n t\u0259dbirl\u0259r \u0259halinin t\u0259hlu\u0308k\u0259sizliyinin t\u0259min edilm\u0259si v\u0259 onlar\u0131n sag\u0306laml\u0131g\u0306\u0131n\u0131n qorunmas\u0131na xidm\u0259t edir. Ona go\u0308r\u0259&hellip;","_links":{"self":[{"href":"https:\/\/arantv.az\/index.php?rest_route=\/wp\/v2\/posts\/264886"}],"collection":[{"href":"https:\/\/arantv.az\/index.php?rest_route=\/wp\/v2\/posts"}],"about":[{"href":"https:\/\/arantv.az\/index.php?rest_route=\/wp\/v2\/types\/post"}],"author":[{"embeddable":true,"href":"https:\/\/arantv.az\/index.php?rest_route=\/wp\/v2\/users\/2"}],"replies":[{"embeddable":true,"href":"https:\/\/arantv.az\/index.php?rest_route=%2Fwp%2Fv2%2Fcomments&post=264886"}],"version-history":[{"count":0,"href":"https:\/\/arantv.az\/index.php?rest_route=\/wp\/v2\/posts\/264886\/revisions"}],"wp:featuredmedia":[{"embeddable":true,"href":"https:\/\/arantv.az\/index.php?rest_route=\/wp\/v2\/media\/264887"}],"wp:attachment":[{"href":"https:\/\/arantv.az\/index.php?rest_route=%2Fwp%2Fv2%2Fmedia&parent=264886"}],"wp:term":[{"taxonomy":"category","embeddable":true,"href":"https:\/\/arantv.az\/index.php?rest_route=%2Fwp%2Fv2%2Fcategories&post=264886"},{"taxonomy":"post_tag","embeddable":true,"href":"https:\/\/arantv.az\/index.php?rest_route=%2Fwp%2Fv2%2Ftags&post=264886"}],"curies":[{"name":"wp","href":"https:\/\/api.w.org\/{rel}","templated":true}]}}