{"id":264890,"date":"2021-01-04T11:30:59","date_gmt":"2021-01-04T08:30:59","guid":{"rendered":"http:\/\/arantv.az\/?p=264890"},"modified":"2021-01-04T11:30:59","modified_gmt":"2021-01-04T08:30:59","slug":"az%c9%99rbaycanda-sagirdl%c9%99rin-yerd%c9%99yism%c9%99si-yenid%c9%99n-dayandirilacaq","status":"publish","type":"post","link":"https:\/\/arantv.az\/?p=264890","title":{"rendered":"Az\u0259rbaycanda \u015fagirdl\u0259rin yerd\u0259yi\u015fm\u0259si yenid\u0259n dayand\u0131r\u0131lacaq"},"content":{"rendered":"<p>8 yanvar saat 18:00-dan etibar\u0259n \u015fagirdl\u0259rin elektron yerd\u0259yi\u015fm\u0259si \u00fczr\u0259 sor\u011fular\u0131n q\u0259bulu m\u00fcv\u0259qq\u0259ti olaraq dayand\u0131r\u0131lacaq.<\/p>\n<p>Bu bar\u0259d\u0259 T\u0259hsil Nazirliyi m\u0259lumat yay\u0131b.<\/p>\n<p>Bildirilib ki, s\u0259b\u0259b II yar\u0131mil \u00fczr\u0259 sinifl\u0259rin komplektl\u0259\u015fdirilm\u0259si il\u0259 ba\u011fl\u0131d\u0131r.<\/p>\n<div id=\"AdviadNativeVideo0\" class=\"AdviadNativeVideo\"><\/div>\n<p>Portalda m\u00f6vcud sor\u011fular\u0131n tamamlanmas\u0131\u00a0prosesi 13 yanvar saat 18:00-d\u0259k davam ed\u0259c\u0259k.<\/p>\n<p>Valideynl\u0259r (qanuni n\u00fcmay\u0259nd\u0259) qeyd olunan tarix\u0259d\u0259k \u00f6vladlar\u0131n\u0131n \u015f\u0259xsi i\u015fl\u0259rini \u0259vv\u0259l oxuduqlar\u0131 m\u0259kt\u0259bd\u0259n g\u00f6t\u00fcr\u0259r\u0259k yerd\u0259yi\u015fm\u0259 etm\u0259k \u00fc\u00e7\u00fcn se\u00e7dikl\u0259ri m\u0259kt\u0259b\u0259 t\u0259qdim etm\u0259lidirl\u0259r.<\/p>\n<p>Elektron yerd\u0259yi\u015fm\u0259 prosesinin yenid\u0259n ba\u015flanaca\u011f\u0131 tarix bar\u0259d\u0259 ictimaiyy\u0259t\u0259 \u0259lav\u0259 m\u0259lumat veril\u0259c\u0259k.<\/p>\n","protected":false},"excerpt":{"rendered":"<p>8 yanvar saat 18:00-dan etibar\u0259n \u015fagirdl\u0259rin elektron yerd\u0259yi\u015fm\u0259si \u00fczr\u0259 sor\u011fular\u0131n q\u0259bulu m\u00fcv\u0259qq\u0259ti olaraq dayand\u0131r\u0131lacaq. Bu bar\u0259d\u0259 T\u0259hsil Nazirliyi m\u0259lumat yay\u0131b. Bildirilib ki, s\u0259b\u0259b II yar\u0131mil \u00fczr\u0259 sinifl\u0259rin komplektl\u0259\u015fdirilm\u0259si il\u0259 ba\u011fl\u0131d\u0131r. Portalda m\u00f6vcud sor\u011fular\u0131n tamamlanmas\u0131\u00a0prosesi 13 yanvar saat 18:00-d\u0259k davam ed\u0259c\u0259k. Valideynl\u0259r (qanuni n\u00fcmay\u0259nd\u0259) qeyd olunan tarix\u0259d\u0259k \u00f6vladlar\u0131n\u0131n \u015f\u0259xsi i\u015fl\u0259rini \u0259vv\u0259l oxuduqlar\u0131 m\u0259kt\u0259bd\u0259n g\u00f6t\u00fcr\u0259r\u0259k yerd\u0259yi\u015fm\u0259 etm\u0259k \u00fc\u00e7\u00fcn se\u00e7dikl\u0259ri m\u0259kt\u0259b\u0259 t\u0259qdim etm\u0259lidirl\u0259r. Elektron yerd\u0259yi\u015fm\u0259 prosesinin yenid\u0259n ba\u015flanaca\u011f\u0131 tarix bar\u0259d\u0259 ictimaiyy\u0259t\u0259 \u0259lav\u0259 m\u0259lumat veril\u0259c\u0259k.<\/p>\n","protected":false},"author":2,"featured_media":264891,"comment_status":"closed","ping_status":"closed","sticky":false,"template":"","format":"standard","meta":{"om_disable_all_campaigns":false,"_monsterinsights_skip_tracking":false,"_monsterinsights_sitenote_active":false,"_monsterinsights_sitenote_note":"","_monsterinsights_sitenote_category":0},"categories":[23],"tags":[],"aioseo_notices":[],"gutentor_comment":0,"rttpg_featured_image_url":{"full":["https:\/\/arantv.az\/wp-content\/uploads\/2021\/01\/tehsil_nazirliyi_education_ministre_300615_2_267.jpg",620,465,false],"landscape":["https:\/\/arantv.az\/wp-content\/uploads\/2021\/01\/tehsil_nazirliyi_education_ministre_300615_2_267.jpg",620,465,false],"portraits":["https:\/\/arantv.az\/wp-content\/uploads\/2021\/01\/tehsil_nazirliyi_education_ministre_300615_2_267.jpg",620,465,false],"thumbnail":["https:\/\/arantv.az\/wp-content\/uploads\/2021\/01\/tehsil_nazirliyi_education_ministre_300615_2_267-150x150.jpg",150,150,true],"medium":["https:\/\/arantv.az\/wp-content\/uploads\/2021\/01\/tehsil_nazirliyi_education_ministre_300615_2_267-300x225.jpg",300,225,true],"large":["https:\/\/arantv.az\/wp-content\/uploads\/2021\/01\/tehsil_nazirliyi_education_ministre_300615_2_267.jpg",620,465,false],"1536x1536":["https:\/\/arantv.az\/wp-content\/uploads\/2021\/01\/tehsil_nazirliyi_education_ministre_300615_2_267.jpg",620,465,false],"2048x2048":["https:\/\/arantv.az\/wp-content\/uploads\/2021\/01\/tehsil_nazirliyi_education_ministre_300615_2_267.jpg",620,465,false],"post-thumbnail":["https:\/\/arantv.az\/wp-content\/uploads\/2021\/01\/tehsil_nazirliyi_education_ministre_300615_2_267-240x172.jpg",240,172,true],"advps-thumb-one":["https:\/\/arantv.az\/wp-content\/uploads\/2021\/01\/tehsil_nazirliyi_education_ministre_300615_2_267.jpg",620,465,false]},"rttpg_author":{"display_name":"V\u00fcsal Rafiqo\u011flu","author_link":"https:\/\/arantv.az\/?author=2"},"rttpg_comment":0,"rttpg_category":"<a href=\"https:\/\/arantv.az\/?cat=23\" rel=\"category\">T\u0259hsil<\/a>","rttpg_excerpt":"8 yanvar saat 18:00-dan etibar\u0259n \u015fagirdl\u0259rin elektron yerd\u0259yi\u015fm\u0259si \u00fczr\u0259 sor\u011fular\u0131n q\u0259bulu m\u00fcv\u0259qq\u0259ti olaraq dayand\u0131r\u0131lacaq. Bu bar\u0259d\u0259 T\u0259hsil Nazirliyi m\u0259lumat yay\u0131b. Bildirilib ki, s\u0259b\u0259b II yar\u0131mil \u00fczr\u0259 sinifl\u0259rin komplektl\u0259\u015fdirilm\u0259si il\u0259 ba\u011fl\u0131d\u0131r. Portalda m\u00f6vcud sor\u011fular\u0131n tamamlanmas\u0131\u00a0prosesi 13 yanvar saat 18:00-d\u0259k davam ed\u0259c\u0259k. Valideynl\u0259r (qanuni n\u00fcmay\u0259nd\u0259) qeyd olunan tarix\u0259d\u0259k \u00f6vladlar\u0131n\u0131n \u015f\u0259xsi i\u015fl\u0259rini \u0259vv\u0259l oxuduqlar\u0131 m\u0259kt\u0259bd\u0259n g\u00f6t\u00fcr\u0259r\u0259k yerd\u0259yi\u015fm\u0259 etm\u0259k&hellip;","_links":{"self":[{"href":"https:\/\/arantv.az\/index.php?rest_route=\/wp\/v2\/posts\/264890"}],"collection":[{"href":"https:\/\/arantv.az\/index.php?rest_route=\/wp\/v2\/posts"}],"about":[{"href":"https:\/\/arantv.az\/index.php?rest_route=\/wp\/v2\/types\/post"}],"author":[{"embeddable":true,"href":"https:\/\/arantv.az\/index.php?rest_route=\/wp\/v2\/users\/2"}],"replies":[{"embeddable":true,"href":"https:\/\/arantv.az\/index.php?rest_route=%2Fwp%2Fv2%2Fcomments&post=264890"}],"version-history":[{"count":0,"href":"https:\/\/arantv.az\/index.php?rest_route=\/wp\/v2\/posts\/264890\/revisions"}],"wp:featuredmedia":[{"embeddable":true,"href":"https:\/\/arantv.az\/index.php?rest_route=\/wp\/v2\/media\/264891"}],"wp:attachment":[{"href":"https:\/\/arantv.az\/index.php?rest_route=%2Fwp%2Fv2%2Fmedia&parent=264890"}],"wp:term":[{"taxonomy":"category","embeddable":true,"href":"https:\/\/arantv.az\/index.php?rest_route=%2Fwp%2Fv2%2Fcategories&post=264890"},{"taxonomy":"post_tag","embeddable":true,"href":"https:\/\/arantv.az\/index.php?rest_route=%2Fwp%2Fv2%2Ftags&post=264890"}],"curies":[{"name":"wp","href":"https:\/\/api.w.org\/{rel}","templated":true}]}}