{"id":264902,"date":"2021-01-04T11:32:44","date_gmt":"2021-01-04T08:32:44","guid":{"rendered":"http:\/\/arantv.az\/?p=264902"},"modified":"2021-01-04T11:32:44","modified_gmt":"2021-01-04T08:32:44","slug":"qarabag-dirc%c9%99lis-fondu-yaradildi-f%c9%99rman","status":"publish","type":"post","link":"https:\/\/arantv.az\/?p=264902","title":{"rendered":"\u201cQaraba\u011f Dir\u00e7\u0259li\u015f Fondu\u201d yarad\u0131ld\u0131 &#8211; F\u018fRMAN"},"content":{"rendered":"<p>Prezident \u0130lham \u018fliyev \u201cQaraba\u011f Dir\u00e7\u0259li\u015f Fondu\u201d publik h\u00fcquqi \u015f\u0259xsin yarad\u0131lmas\u0131 haqq\u0131nda\u00a0<a href=\"https:\/\/azertag.az\/xeber\/Qarabag_Dirchelis_Fondu_publik_huquqi_sexsin_yaradilmasi_haqqinda__Azerbaycan_Respublikasi_Prezidentinin_Fermani-1680291\" target=\"_blank\" rel=\"noopener\">f\u0259rman<\/a>\u00a0imzalay\u0131b.<\/p>\n<p>Bununla ba\u011fl\u0131 AZ\u018fRTAC m\u0259lumat yay\u0131b.<\/p>\n<p>F\u0259rmana \u0259sas\u0259n, \u201cQaraba\u011f Dir\u00e7\u0259li\u015f Fondu\u201d Az\u0259rbaycan Respublikas\u0131n\u0131n i\u015f\u011faldan azad edilmi\u015f \u0259razil\u0259rinin b\u0259rpas\u0131 v\u0259 yenid\u0259n qurulmas\u0131, habel\u0259 dayan\u0131ql\u0131 iqtisadiyyata v\u0259 y\u00fcks\u0259k rifaha malik regiona \u00e7evrilm\u0259si istiqam\u0259tind\u0259 h\u0259yata ke\u00e7iril\u0259n t\u0259dbirl\u0259r\u0259 maliyy\u0259 d\u0259st\u0259yi g\u00f6st\u0259rilm\u0259sini v\u0259 s\u0259rmay\u0259l\u0259rin c\u0259lb edilm\u0259sini, bu sah\u0259d\u0259 d\u00f6vl\u0259t-\u00f6z\u0259l t\u0259r\u0259fda\u015fl\u0131\u011f\u0131n\u0131n inki\u015faf\u0131n\u0131 t\u0259min ed\u0259n, el\u0259c\u0259 d\u0259 \u00f6lk\u0259 daxilind\u0259 v\u0259 \u00f6lk\u0259 xaricind\u0259 z\u0259ruri t\u0259\u015fviqat i\u015fl\u0259rini h\u0259yata ke\u00e7ir\u0259n publik h\u00fcquqi \u015f\u0259xsdir.<\/p>\n<div id=\"AdviadNativeVideo0\" class=\"AdviadNativeVideo\"><\/div>\n<p>Fondun f\u0259aliyy\u0259tin\u0259 \u00fcmumi r\u0259hb\u0259rliyi v\u0259 n\u0259zar\u0259ti h\u0259yata ke\u00e7irm\u0259k \u00fc\u00e7\u00fcn M\u00fc\u015fahid\u0259 \u015euras\u0131 yarad\u0131l\u0131r. Fondun f\u0259aliyy\u0259tin\u0259 cari r\u0259hb\u0259rliyi \u00fc\u00e7 \u00fczvd\u0259n \u2013 s\u0259dr v\u0259 onun iki m\u00fcavinind\u0259n ibar\u0259t \u0130dar\u0259 Hey\u0259ti h\u0259yata ke\u00e7irir<\/p>\n<p>Fondun v\u0259saitl\u0259ri fiziki v\u0259 h\u00fcquqi \u015f\u0259xsl\u0259rin ian\u0259l\u0259ri, qrantlar v\u0259 qanunla qada\u011fan olunmayan dig\u0259r m\u0259nb\u0259l\u0259r hesab\u0131na formala\u015f\u0131r.<\/p>\n<p>D\u00f6vl\u0259t ba\u015f\u00e7\u0131s\u0131 Qaraba\u011f Dir\u00e7\u0259li\u015f Fondunun M\u00fc\u015fahid\u0259 \u015euras\u0131n\u0131n t\u0259rkibinin t\u0259sdiq edilm\u0259si haqq\u0131nda\u00a0<a href=\"https:\/\/azertag.az\/xeber\/Qarabag_Dirchelis_Fondunun_Musahide_Surasinin_terkibinin_tesdiq_edilmesi_haqqinda__Azerbaycan_Respublikasi_Prezidentinin_Serencami-1680295\" target=\"_blank\" rel=\"noopener\">s\u0259r\u0259ncam<\/a>\u00a0da imzalay\u0131b.<\/p>\n<p>S\u0259r\u0259ncama \u0259sas\u0259n, Qaraba\u011f Dir\u00e7\u0259li\u015f Fondunun M\u00fc\u015fahid\u0259 \u015euras\u0131n\u0131n a\u015fa\u011f\u0131dak\u0131 t\u0259rkibi t\u0259sdiq edilib:<\/p>\n<p>Mikay\u0131l Cabbarov \u2013 Az\u0259rbaycan Respublikas\u0131n\u0131n iqtisadiyyat naziri<\/p>\n<p>Muxtar Babayev \u2013 Az\u0259rbaycan Respublikas\u0131n\u0131n ekologiya v\u0259 t\u0259bii s\u0259rv\u0259tl\u0259r naziri<\/p>\n<p>R\u00f6v\u015f\u0259n Rzayev \u2013 Az\u0259rbaycan Respublikas\u0131n\u0131n Qa\u00e7q\u0131nlar\u0131n v\u0259 M\u0259cburi K\u00f6\u00e7k\u00fcnl\u0259rin \u0130\u015fl\u0259ri \u00fczr\u0259 D\u00f6vl\u0259t Komit\u0259sinin s\u0259dri<\/p>\n<p>Tural G\u0259nc\u0259liyev \u2013 Da\u011fl\u0131q Qaraba\u011f\u0131n Az\u0259rbaycanl\u0131 \u0130cmas\u0131 \u0130ctimai Birliyinin s\u0259dri, Az\u0259rbaycan Respublikas\u0131 Milli M\u0259clisinin deputat\u0131<\/p>\n<p>Fatma Y\u0131ld\u0131r\u0131m \u2013 Az\u0259rbaycan Respublikas\u0131 Milli M\u0259clisinin deputat\u0131<\/p>\n<p>F\u0259rhad B\u0259d\u0259lb\u0259yli \u2013 Bak\u0131 Musiqi Akademiyas\u0131n\u0131n rektoru<\/p>\n<p>\u018fdal\u0259t Muradov \u2013 Az\u0259rbaycan D\u00f6vl\u0259t \u0130qtisad Universitetinin rektoru<\/p>\n<p>Kamal Abdulla \u2013 Az\u0259rbaycan Dill\u0259r Universitetinin rektoru<\/p>\n<p>Alim Qas\u0131mov \u2013 Az\u0259rbaycan Respublikas\u0131n\u0131n Xalq artisti.<\/p>\n","protected":false},"excerpt":{"rendered":"<p>Prezident \u0130lham \u018fliyev \u201cQaraba\u011f Dir\u00e7\u0259li\u015f Fondu\u201d publik h\u00fcquqi \u015f\u0259xsin yarad\u0131lmas\u0131 haqq\u0131nda\u00a0f\u0259rman\u00a0imzalay\u0131b. Bununla ba\u011fl\u0131 AZ\u018fRTAC m\u0259lumat yay\u0131b. F\u0259rmana \u0259sas\u0259n, \u201cQaraba\u011f Dir\u00e7\u0259li\u015f Fondu\u201d Az\u0259rbaycan Respublikas\u0131n\u0131n i\u015f\u011faldan azad edilmi\u015f \u0259razil\u0259rinin b\u0259rpas\u0131 v\u0259 yenid\u0259n qurulmas\u0131, habel\u0259 dayan\u0131ql\u0131 iqtisadiyyata v\u0259 y\u00fcks\u0259k rifaha malik regiona \u00e7evrilm\u0259si istiqam\u0259tind\u0259 h\u0259yata ke\u00e7iril\u0259n t\u0259dbirl\u0259r\u0259 maliyy\u0259 d\u0259st\u0259yi g\u00f6st\u0259rilm\u0259sini v\u0259 s\u0259rmay\u0259l\u0259rin c\u0259lb edilm\u0259sini, bu sah\u0259d\u0259 d\u00f6vl\u0259t-\u00f6z\u0259l t\u0259r\u0259fda\u015fl\u0131\u011f\u0131n\u0131n inki\u015faf\u0131n\u0131 t\u0259min ed\u0259n, el\u0259c\u0259 d\u0259 \u00f6lk\u0259 daxilind\u0259 v\u0259 \u00f6lk\u0259 xaricind\u0259 z\u0259ruri t\u0259\u015fviqat i\u015fl\u0259rini h\u0259yata ke\u00e7ir\u0259n publik h\u00fcquqi \u015f\u0259xsdir. Fondun f\u0259aliyy\u0259tin\u0259 \u00fcmumi r\u0259hb\u0259rliyi v\u0259 n\u0259zar\u0259ti h\u0259yata ke\u00e7irm\u0259k \u00fc\u00e7\u00fcn M\u00fc\u015fahid\u0259 \u015euras\u0131 yarad\u0131l\u0131r. Fondun f\u0259aliyy\u0259tin\u0259 cari r\u0259hb\u0259rliyi \u00fc\u00e7&hellip;<\/p>\n","protected":false},"author":2,"featured_media":213727,"comment_status":"closed","ping_status":"closed","sticky":false,"template":"","format":"standard","meta":{"om_disable_all_campaigns":false,"_monsterinsights_skip_tracking":false,"_monsterinsights_sitenote_active":false,"_monsterinsights_sitenote_note":"","_monsterinsights_sitenote_category":0},"categories":[4],"tags":[],"aioseo_notices":[],"gutentor_comment":0,"rttpg_featured_image_url":{"full":["https:\/\/arantv.az\/wp-content\/uploads\/2020\/09\/imza-1.jpg",620,349,false],"landscape":["https:\/\/arantv.az\/wp-content\/uploads\/2020\/09\/imza-1.jpg",620,349,false],"portraits":["https:\/\/arantv.az\/wp-content\/uploads\/2020\/09\/imza-1.jpg",620,349,false],"thumbnail":["https:\/\/arantv.az\/wp-content\/uploads\/2020\/09\/imza-1-150x150.jpg",150,150,true],"medium":["https:\/\/arantv.az\/wp-content\/uploads\/2020\/09\/imza-1-300x169.jpg",300,169,true],"large":["https:\/\/arantv.az\/wp-content\/uploads\/2020\/09\/imza-1.jpg",620,349,false],"1536x1536":["https:\/\/arantv.az\/wp-content\/uploads\/2020\/09\/imza-1.jpg",620,349,false],"2048x2048":["https:\/\/arantv.az\/wp-content\/uploads\/2020\/09\/imza-1.jpg",620,349,false],"post-thumbnail":["https:\/\/arantv.az\/wp-content\/uploads\/2020\/09\/imza-1-240x172.jpg",240,172,true],"advps-thumb-one":["https:\/\/arantv.az\/wp-content\/uploads\/2020\/09\/imza-1.jpg",620,349,false]},"rttpg_author":{"display_name":"V\u00fcsal Rafiqo\u011flu","author_link":"https:\/\/arantv.az\/?author=2"},"rttpg_comment":0,"rttpg_category":"<a href=\"https:\/\/arantv.az\/?cat=4\" rel=\"category\">Siyas\u0259t<\/a>","rttpg_excerpt":"Prezident \u0130lham \u018fliyev \u201cQaraba\u011f Dir\u00e7\u0259li\u015f Fondu\u201d publik h\u00fcquqi \u015f\u0259xsin yarad\u0131lmas\u0131 haqq\u0131nda\u00a0f\u0259rman\u00a0imzalay\u0131b. Bununla ba\u011fl\u0131 AZ\u018fRTAC m\u0259lumat yay\u0131b. F\u0259rmana \u0259sas\u0259n, \u201cQaraba\u011f Dir\u00e7\u0259li\u015f Fondu\u201d Az\u0259rbaycan Respublikas\u0131n\u0131n i\u015f\u011faldan azad edilmi\u015f \u0259razil\u0259rinin b\u0259rpas\u0131 v\u0259 yenid\u0259n qurulmas\u0131, habel\u0259 dayan\u0131ql\u0131 iqtisadiyyata v\u0259 y\u00fcks\u0259k rifaha malik regiona \u00e7evrilm\u0259si istiqam\u0259tind\u0259 h\u0259yata ke\u00e7iril\u0259n t\u0259dbirl\u0259r\u0259 maliyy\u0259 d\u0259st\u0259yi g\u00f6st\u0259rilm\u0259sini v\u0259 s\u0259rmay\u0259l\u0259rin c\u0259lb edilm\u0259sini, bu sah\u0259d\u0259 d\u00f6vl\u0259t-\u00f6z\u0259l t\u0259r\u0259fda\u015fl\u0131\u011f\u0131n\u0131n&hellip;","_links":{"self":[{"href":"https:\/\/arantv.az\/index.php?rest_route=\/wp\/v2\/posts\/264902"}],"collection":[{"href":"https:\/\/arantv.az\/index.php?rest_route=\/wp\/v2\/posts"}],"about":[{"href":"https:\/\/arantv.az\/index.php?rest_route=\/wp\/v2\/types\/post"}],"author":[{"embeddable":true,"href":"https:\/\/arantv.az\/index.php?rest_route=\/wp\/v2\/users\/2"}],"replies":[{"embeddable":true,"href":"https:\/\/arantv.az\/index.php?rest_route=%2Fwp%2Fv2%2Fcomments&post=264902"}],"version-history":[{"count":0,"href":"https:\/\/arantv.az\/index.php?rest_route=\/wp\/v2\/posts\/264902\/revisions"}],"wp:featuredmedia":[{"embeddable":true,"href":"https:\/\/arantv.az\/index.php?rest_route=\/wp\/v2\/media\/213727"}],"wp:attachment":[{"href":"https:\/\/arantv.az\/index.php?rest_route=%2Fwp%2Fv2%2Fmedia&parent=264902"}],"wp:term":[{"taxonomy":"category","embeddable":true,"href":"https:\/\/arantv.az\/index.php?rest_route=%2Fwp%2Fv2%2Fcategories&post=264902"},{"taxonomy":"post_tag","embeddable":true,"href":"https:\/\/arantv.az\/index.php?rest_route=%2Fwp%2Fv2%2Ftags&post=264902"}],"curies":[{"name":"wp","href":"https:\/\/api.w.org\/{rel}","templated":true}]}}