{"id":264910,"date":"2021-01-04T11:34:01","date_gmt":"2021-01-04T08:34:01","guid":{"rendered":"http:\/\/arantv.az\/?p=264910"},"modified":"2021-01-04T11:34:01","modified_gmt":"2021-01-04T08:34:01","slug":"karantin-rejimini-pozan-daha-iki-cay-evi-askarlandi-foto","status":"publish","type":"post","link":"https:\/\/arantv.az\/?p=264910","title":{"rendered":"Karantin rejimini pozan daha iki \u00e7ay evi a\u015fkarland\u0131 &#8211; FOTO"},"content":{"rendered":"<p>Saatl\u0131 Rayon Polis \u015e\u00f6b\u0259sinin \u0259m\u0259kda\u015flar\u0131 t\u0259r\u0259find\u0259n koronavirus pandemiyas\u0131 il\u0259 m\u00fcbariz\u0259 \u00e7\u0259r\u00e7iv\u0259sind\u0259 elan edilmi\u015f x\u00fcsusi karantin rejiminin t\u0259l\u0259bl\u0259rinin pozulmas\u0131n\u0131n qar\u015f\u0131s\u0131n\u0131n al\u0131nmas\u0131 istiqam\u0259tind\u0259 t\u0259dbirl\u0259r davam etdirilir.<\/p>\n<p>Daxili \u0130\u015fl\u0259r Nazirliyinin M\u0259tbuat Xidm\u0259tinin B\u0259rd\u0259 regional qrupundan veril\u0259n m\u0259lumata g\u00f6r\u0259, Saatl\u0131 RP\u015e-nin \u0259m\u0259kda\u015flar\u0131 t\u0259r\u0259find\u0259n h\u0259yata ke\u00e7irilmi\u015f t\u0259dbirl\u0259r n\u0259tic\u0259sind\u0259 rayon \u0259razisind\u0259 karantin qaydalar\u0131na zidd olaraq m\u00fc\u015ft\u0259ril\u0259r\u0259 yerind\u0259 f\u0259aliyy\u0259t g\u00f6st\u0259r\u0259n iki \u00e7ay evi a\u015fkar edilib.<\/p>\n<div id=\"AdviadNativeVideo0\" class=\"AdviadNativeVideo\"><\/div>\n<p>H\u0259r iki \u00e7ay evinin sahibi polis \u0259m\u0259kda\u015flar\u0131 t\u0259r\u0259find\u0259n m\u00fc\u0259yy\u0259n edil\u0259r\u0259k bar\u0259l\u0259rind\u0259 \u0130nzibati X\u0259talar M\u0259c\u0259ll\u0259sinin m\u00fcvafiq madd\u0259si il\u0259 c\u0259rim\u0259l\u0259r t\u0259tbiq olunub. M\u00fc\u015ft\u0259ril\u0259rl\u0259 profilaktiki s\u0259pkid\u0259 s\u00f6hb\u0259tl\u0259r apar\u0131l\u0131b, ciddi x\u0259b\u0259rdarl\u0131qlar edilib.<\/p>\n<div class=\"gallery\">\n<div class=\"gallery-i\"><img src=\"https:\/\/cdn.oxu.az\/uploads\/W1siZiIsIjIwMjEvMDEvMDQvMTEvNDAvMjUvMjNiN2IwYWEtNTlmYi00ZWQyLThjZDItMjJkNDExZTBlZmJhL1doYXRzQXBwIEltYWdlIDIwMjEtMDEtMDQgYXQgMTEuMjUuMjMuanBlZyJdLFsicCIsImVuY29kZSIsImpwZyIsIi1xdWFsaXR5IDgwIl0sWyJwIiwidGh1bWIiLCI1OTB4NTkwXHUwMDNlIl1d?sha=8e7858772897392d\" alt=\"\" \/><\/p>\n<div class=\"gallery-i-caption\"><\/div>\n<\/div>\n<div class=\"gallery-i\"><img src=\"https:\/\/cdn.oxu.az\/uploads\/W1siZiIsIjIwMjEvMDEvMDQvMTEvNDAvMjUvOTdjOWNiMjItNjc2Ni00NTdmLWFhOTAtMTNjNGZkNTg2NWI0L1doYXRzQXBwIEltYWdlIDIwMjEtMDEtMDQgYXQgMTEuMjUuMjIgKDEpLmpwZWciXSxbInAiLCJlbmNvZGUiLCJqcGciLCItcXVhbGl0eSA4MCJdLFsicCIsInRodW1iIiwiNTkweDU5MFx1MDAzZSJdXQ?sha=6384f66de7463ff1\" alt=\"\" \/><\/p>\n<div class=\"gallery-i-caption\"><\/div>\n<\/div>\n<div class=\"gallery-i\"><img src=\"https:\/\/cdn.oxu.az\/uploads\/W1siZiIsIjIwMjEvMDEvMDQvMTEvNDAvMjYvNTY1NDNhZDktZGVlMy00NjU5LTg0NjYtZmU3YmE0MzgzZmRkL1doYXRzQXBwIEltYWdlIDIwMjEtMDEtMDQgYXQgMTEuMjUuMjIuanBlZyJdLFsicCIsImVuY29kZSIsImpwZyIsIi1xdWFsaXR5IDgwIl0sWyJwIiwidGh1bWIiLCI1OTB4NTkwXHUwMDNlIl1d?sha=7b6a2b48b7598606\" alt=\"\" \/><\/div>\n<\/div>\n","protected":false},"excerpt":{"rendered":"<p>Saatl\u0131 Rayon Polis \u015e\u00f6b\u0259sinin \u0259m\u0259kda\u015flar\u0131 t\u0259r\u0259find\u0259n koronavirus pandemiyas\u0131 il\u0259 m\u00fcbariz\u0259 \u00e7\u0259r\u00e7iv\u0259sind\u0259 elan edilmi\u015f x\u00fcsusi karantin rejiminin t\u0259l\u0259bl\u0259rinin pozulmas\u0131n\u0131n qar\u015f\u0131s\u0131n\u0131n al\u0131nmas\u0131 istiqam\u0259tind\u0259 t\u0259dbirl\u0259r davam etdirilir. Daxili \u0130\u015fl\u0259r Nazirliyinin M\u0259tbuat Xidm\u0259tinin B\u0259rd\u0259 regional qrupundan veril\u0259n m\u0259lumata g\u00f6r\u0259, Saatl\u0131 RP\u015e-nin \u0259m\u0259kda\u015flar\u0131 t\u0259r\u0259find\u0259n h\u0259yata ke\u00e7irilmi\u015f t\u0259dbirl\u0259r n\u0259tic\u0259sind\u0259 rayon \u0259razisind\u0259 karantin qaydalar\u0131na zidd olaraq m\u00fc\u015ft\u0259ril\u0259r\u0259 yerind\u0259 f\u0259aliyy\u0259t g\u00f6st\u0259r\u0259n iki \u00e7ay evi a\u015fkar edilib. H\u0259r iki \u00e7ay evinin sahibi polis \u0259m\u0259kda\u015flar\u0131 t\u0259r\u0259find\u0259n m\u00fc\u0259yy\u0259n edil\u0259r\u0259k bar\u0259l\u0259rind\u0259 \u0130nzibati X\u0259talar M\u0259c\u0259ll\u0259sinin m\u00fcvafiq madd\u0259si il\u0259 c\u0259rim\u0259l\u0259r t\u0259tbiq olunub. M\u00fc\u015ft\u0259ril\u0259rl\u0259 profilaktiki s\u0259pkid\u0259 s\u00f6hb\u0259tl\u0259r apar\u0131l\u0131b, ciddi x\u0259b\u0259rdarl\u0131qlar edilib.<\/p>\n","protected":false},"author":2,"featured_media":264911,"comment_status":"closed","ping_status":"closed","sticky":false,"template":"","format":"standard","meta":{"om_disable_all_campaigns":false,"_monsterinsights_skip_tracking":false,"_monsterinsights_sitenote_active":false,"_monsterinsights_sitenote_note":"","_monsterinsights_sitenote_category":0},"categories":[26],"tags":[],"aioseo_notices":[],"gutentor_comment":0,"rttpg_featured_image_url":{"full":["https:\/\/arantv.az\/wp-content\/uploads\/2021\/01\/cays-ekil.jpg",620,465,false],"landscape":["https:\/\/arantv.az\/wp-content\/uploads\/2021\/01\/cays-ekil.jpg",620,465,false],"portraits":["https:\/\/arantv.az\/wp-content\/uploads\/2021\/01\/cays-ekil.jpg",620,465,false],"thumbnail":["https:\/\/arantv.az\/wp-content\/uploads\/2021\/01\/cays-ekil-150x150.jpg",150,150,true],"medium":["https:\/\/arantv.az\/wp-content\/uploads\/2021\/01\/cays-ekil-300x225.jpg",300,225,true],"large":["https:\/\/arantv.az\/wp-content\/uploads\/2021\/01\/cays-ekil.jpg",620,465,false],"1536x1536":["https:\/\/arantv.az\/wp-content\/uploads\/2021\/01\/cays-ekil.jpg",620,465,false],"2048x2048":["https:\/\/arantv.az\/wp-content\/uploads\/2021\/01\/cays-ekil.jpg",620,465,false],"post-thumbnail":["https:\/\/arantv.az\/wp-content\/uploads\/2021\/01\/cays-ekil-240x172.jpg",240,172,true],"advps-thumb-one":["https:\/\/arantv.az\/wp-content\/uploads\/2021\/01\/cays-ekil.jpg",620,465,false]},"rttpg_author":{"display_name":"V\u00fcsal Rafiqo\u011flu","author_link":"https:\/\/arantv.az\/?author=2"},"rttpg_comment":0,"rttpg_category":"<a href=\"https:\/\/arantv.az\/?cat=26\" rel=\"category\">Sosial<\/a>","rttpg_excerpt":"Saatl\u0131 Rayon Polis \u015e\u00f6b\u0259sinin \u0259m\u0259kda\u015flar\u0131 t\u0259r\u0259find\u0259n koronavirus pandemiyas\u0131 il\u0259 m\u00fcbariz\u0259 \u00e7\u0259r\u00e7iv\u0259sind\u0259 elan edilmi\u015f x\u00fcsusi karantin rejiminin t\u0259l\u0259bl\u0259rinin pozulmas\u0131n\u0131n qar\u015f\u0131s\u0131n\u0131n al\u0131nmas\u0131 istiqam\u0259tind\u0259 t\u0259dbirl\u0259r davam etdirilir. Daxili \u0130\u015fl\u0259r Nazirliyinin M\u0259tbuat Xidm\u0259tinin B\u0259rd\u0259 regional qrupundan veril\u0259n m\u0259lumata g\u00f6r\u0259, Saatl\u0131 RP\u015e-nin \u0259m\u0259kda\u015flar\u0131 t\u0259r\u0259find\u0259n h\u0259yata ke\u00e7irilmi\u015f t\u0259dbirl\u0259r n\u0259tic\u0259sind\u0259 rayon \u0259razisind\u0259 karantin qaydalar\u0131na zidd olaraq m\u00fc\u015ft\u0259ril\u0259r\u0259 yerind\u0259 f\u0259aliyy\u0259t g\u00f6st\u0259r\u0259n iki \u00e7ay&hellip;","_links":{"self":[{"href":"https:\/\/arantv.az\/index.php?rest_route=\/wp\/v2\/posts\/264910"}],"collection":[{"href":"https:\/\/arantv.az\/index.php?rest_route=\/wp\/v2\/posts"}],"about":[{"href":"https:\/\/arantv.az\/index.php?rest_route=\/wp\/v2\/types\/post"}],"author":[{"embeddable":true,"href":"https:\/\/arantv.az\/index.php?rest_route=\/wp\/v2\/users\/2"}],"replies":[{"embeddable":true,"href":"https:\/\/arantv.az\/index.php?rest_route=%2Fwp%2Fv2%2Fcomments&post=264910"}],"version-history":[{"count":0,"href":"https:\/\/arantv.az\/index.php?rest_route=\/wp\/v2\/posts\/264910\/revisions"}],"wp:featuredmedia":[{"embeddable":true,"href":"https:\/\/arantv.az\/index.php?rest_route=\/wp\/v2\/media\/264911"}],"wp:attachment":[{"href":"https:\/\/arantv.az\/index.php?rest_route=%2Fwp%2Fv2%2Fmedia&parent=264910"}],"wp:term":[{"taxonomy":"category","embeddable":true,"href":"https:\/\/arantv.az\/index.php?rest_route=%2Fwp%2Fv2%2Fcategories&post=264910"},{"taxonomy":"post_tag","embeddable":true,"href":"https:\/\/arantv.az\/index.php?rest_route=%2Fwp%2Fv2%2Ftags&post=264910"}],"curies":[{"name":"wp","href":"https:\/\/api.w.org\/{rel}","templated":true}]}}