{"id":264935,"date":"2021-01-04T13:17:09","date_gmt":"2021-01-04T10:17:09","guid":{"rendered":"http:\/\/arantv.az\/?p=264935"},"modified":"2021-01-04T13:17:09","modified_gmt":"2021-01-04T10:17:09","slug":"daha-uc-s%c9%99hid-ail%c9%99sin%c9%99-t%c9%99qaud-kartlari-t%c9%99qdim-edildi-foto","status":"publish","type":"post","link":"https:\/\/arantv.az\/?p=264935","title":{"rendered":"Daha \u00fc\u00e7 \u015f\u0259hid ail\u0259sin\u0259 t\u0259qa\u00fcd kartlar\u0131 t\u0259qdim edildi &#8211; FOTO"},"content":{"rendered":"<p>\u018fm\u0259k v\u0259 \u018fhalinin Sosial M\u00fcdafi\u0259si Nazirliyi \u0259m\u0259kda\u015flar\u0131 V\u0259t\u0259n m\u00fcharib\u0259sind\u0259 \u015f\u0259hid olmu\u015f q\u0259hr\u0259manlar\u0131m\u0131z\u0131n ail\u0259l\u0259ri il\u0259 g\u00f6r\u00fc\u015fl\u0259ri davam etdirir.<\/p>\n<p>Nazirliyin D\u00f6vl\u0259t Sosial M\u00fcdafi\u0259 Fondunun \u0259m\u0259kda\u015flar\u0131 L\u0259nk\u0259ran\u0131n \u00dcrg\u0259 k\u0259ndind\u0259 \u015f\u0259hid polkovnik-leytenant Mehman \u015eirvanovun, Masall\u0131 rayonunda \u015f\u0259hid Murad Nefesovun v\u0259 Bil\u0259suvar\u0131n N\u0259simi k\u0259ndind\u0259 \u015f\u0259hid Seyran V\u0259liyevin ail\u0259l\u0259rind\u0259 olublar.<\/p>\n<p>H\u0259r \u00fc\u00e7 \u015f\u0259hid ail\u0259sin\u0259 Prezidentin ayl\u0131q t\u0259qa\u00fcd\u00fc, sosial m\u00fcavin\u0259tl\u0259r art\u0131q t\u0259yin edilib. Fondun s\u0259dr m\u00fcavini M\u0259tin \u018fsg\u0259rli bu bar\u0259d\u0259 \u015f\u0259hid ail\u0259l\u0259rin\u0259 m\u0259lumat verib, t\u0259qa\u00fcd kartlar\u0131n\u0131, h\u0259m\u00e7inin \u201c\u015e\u0259hid ail\u0259si \u00fczv\u00fc\u201d v\u0259siq\u0259l\u0259rini t\u0259qdim edib.<\/p>\n<div id=\"AdviadNativeVideo0\" class=\"AdviadNativeVideo\"><\/div>\n<p>\u015e\u0259hid ail\u0259l\u0259ri \u00fc\u00e7\u00fcn n\u0259z\u0259rd\u0259 tutulan sosial d\u0259st\u0259k t\u0259dbirl\u0259ri onlar\u0131n diqq\u0259tin\u0259 \u00e7atd\u0131r\u0131l\u0131b. \u0130st\u0259dikl\u0259ri halda bu t\u0259dbirl\u0259rd\u0259n nec\u0259 faydalanmalar\u0131 olduqlar\u0131, \u00fcmumilikd\u0259 g\u0259l\u0259c\u0259kd\u0259 ya\u015fay\u0131\u015flar\u0131n\u0131n daim diqq\u0259td\u0259 saxlanaca\u011f\u0131 bar\u0259d\u0259 m\u0259lumat verilib.<\/p>\n<p>\u015e\u0259hidl\u0259rin ail\u0259l\u0259rinin sosial v\u0259ziyy\u0259tl\u0259ri \u00f6yr\u0259nilib, onlar\u0131n ail\u0259 \u00fczvl\u0259rinin m\u0259\u015f\u011fulluq v\u0259 \u00f6z\u00fcn\u00fcm\u0259\u015f\u011fulluq y\u00f6n\u00fcm\u00fcnd\u0259 g\u0259l\u0259c\u0259kd\u0259 m\u00fcvafiq d\u0259st\u0259k t\u0259dbirl\u0259ri il\u0259 \u0259hat\u0259 olunmalar\u0131 \u00fc\u00e7\u00fcn\u00a0 qeydl\u0259r apar\u0131l\u0131b.<\/p>\n<div class=\"gallery\">\n<div class=\"gallery-i\"><img src=\"https:\/\/cdn.oxu.az\/uploads\/W1siZiIsIjIwMjEvMDEvMDQvMTIvMDEvMDkvMGE2NzFjMjMtOWI4My00N2U0LWIyOTMtYTc0MmIwZDk5NjliL1doYXRzQXBwIEltYWdlIDIwMjEtMDEtMDMgYXQgMTQuNDIuMzIgKDEpLmpwZWciXSxbInAiLCJlbmNvZGUiLCJqcGciLCItcXVhbGl0eSA4MCJdLFsicCIsInRodW1iIiwiNTkweDU5MFx1MDAzZSJdXQ?sha=ffde74f73e7fdc07\" alt=\"\" \/><\/p>\n<div class=\"gallery-i-caption\"><\/div>\n<\/div>\n<div class=\"gallery-i\"><img src=\"https:\/\/cdn.oxu.az\/uploads\/W1siZiIsIjIwMjEvMDEvMDQvMTIvMDEvMDkvYzA0ODExMDEtM2VkMi00NWY0LWFmOGItODFiNDJmNWEyYjM2L1doYXRzQXBwIEltYWdlIDIwMjEtMDEtMDMgYXQgMTQuNDIuMzIgKDIpLmpwZWciXSxbInAiLCJlbmNvZGUiLCJqcGciLCItcXVhbGl0eSA4MCJdLFsicCIsInRodW1iIiwiNTkweDU5MFx1MDAzZSJdXQ?sha=7b2bd538ca23ccd0\" alt=\"\" \/><\/p>\n<div class=\"gallery-i-caption\"><\/div>\n<\/div>\n<div class=\"gallery-i\"><img src=\"https:\/\/cdn.oxu.az\/uploads\/W1siZiIsIjIwMjEvMDEvMDQvMTIvMDEvMDkvZWQyODdmYTgtMGY1Ni00YWVjLTg5YjUtMDZmYjZjMmFmNTdmL1doYXRzQXBwIEltYWdlIDIwMjEtMDEtMDMgYXQgMTQuNDIuMzIuanBlZyJdLFsicCIsImVuY29kZSIsImpwZyIsIi1xdWFsaXR5IDgwIl0sWyJwIiwidGh1bWIiLCI1OTB4NTkwXHUwMDNlIl1d?sha=b9092071ba7b9b26\" alt=\"\" \/><\/p>\n<div class=\"gallery-i-caption\"><\/div>\n<\/div>\n<div class=\"gallery-i\"><img src=\"https:\/\/cdn.oxu.az\/uploads\/W1siZiIsIjIwMjEvMDEvMDQvMTIvMDEvMTAvN2FkMzJkNzctZmNmYS00MTljLTlhZDUtMjdiZjBmMDA4MzRiL1doYXRzQXBwIEltYWdlIDIwMjEtMDEtMDMgYXQgMTQuNDIuMzMuanBlZyJdLFsicCIsImVuY29kZSIsImpwZyIsIi1xdWFsaXR5IDgwIl0sWyJwIiwidGh1bWIiLCI1OTB4NTkwXHUwMDNlIl1d?sha=1467045f6ca8fcfd\" alt=\"\" \/><\/div>\n<\/div>\n","protected":false},"excerpt":{"rendered":"<p>\u018fm\u0259k v\u0259 \u018fhalinin Sosial M\u00fcdafi\u0259si Nazirliyi \u0259m\u0259kda\u015flar\u0131 V\u0259t\u0259n m\u00fcharib\u0259sind\u0259 \u015f\u0259hid olmu\u015f q\u0259hr\u0259manlar\u0131m\u0131z\u0131n ail\u0259l\u0259ri il\u0259 g\u00f6r\u00fc\u015fl\u0259ri davam etdirir. Nazirliyin D\u00f6vl\u0259t Sosial M\u00fcdafi\u0259 Fondunun \u0259m\u0259kda\u015flar\u0131 L\u0259nk\u0259ran\u0131n \u00dcrg\u0259 k\u0259ndind\u0259 \u015f\u0259hid polkovnik-leytenant Mehman \u015eirvanovun, Masall\u0131 rayonunda \u015f\u0259hid Murad Nefesovun v\u0259 Bil\u0259suvar\u0131n N\u0259simi k\u0259ndind\u0259 \u015f\u0259hid Seyran V\u0259liyevin ail\u0259l\u0259rind\u0259 olublar. H\u0259r \u00fc\u00e7 \u015f\u0259hid ail\u0259sin\u0259 Prezidentin ayl\u0131q t\u0259qa\u00fcd\u00fc, sosial m\u00fcavin\u0259tl\u0259r art\u0131q t\u0259yin edilib. Fondun s\u0259dr m\u00fcavini M\u0259tin \u018fsg\u0259rli bu bar\u0259d\u0259 \u015f\u0259hid ail\u0259l\u0259rin\u0259 m\u0259lumat verib, t\u0259qa\u00fcd kartlar\u0131n\u0131, h\u0259m\u00e7inin \u201c\u015e\u0259hid ail\u0259si \u00fczv\u00fc\u201d v\u0259siq\u0259l\u0259rini t\u0259qdim edib. \u015e\u0259hid ail\u0259l\u0259ri \u00fc\u00e7\u00fcn n\u0259z\u0259rd\u0259 tutulan sosial d\u0259st\u0259k t\u0259dbirl\u0259ri onlar\u0131n diqq\u0259tin\u0259 \u00e7atd\u0131r\u0131l\u0131b. \u0130st\u0259dikl\u0259ri halda bu&hellip;<\/p>\n","protected":false},"author":2,"featured_media":264936,"comment_status":"closed","ping_status":"closed","sticky":false,"template":"","format":"standard","meta":{"om_disable_all_campaigns":false,"_monsterinsights_skip_tracking":false,"_monsterinsights_sitenote_active":false,"_monsterinsights_sitenote_note":"","_monsterinsights_sitenote_category":0},"categories":[26],"tags":[],"aioseo_notices":[],"gutentor_comment":0,"rttpg_featured_image_url":{"full":["https:\/\/arantv.az\/wp-content\/uploads\/2021\/01\/WhatsApp-Image-2021-01-03-at-14.42.33.jpg",620,413,false],"landscape":["https:\/\/arantv.az\/wp-content\/uploads\/2021\/01\/WhatsApp-Image-2021-01-03-at-14.42.33.jpg",620,413,false],"portraits":["https:\/\/arantv.az\/wp-content\/uploads\/2021\/01\/WhatsApp-Image-2021-01-03-at-14.42.33.jpg",620,413,false],"thumbnail":["https:\/\/arantv.az\/wp-content\/uploads\/2021\/01\/WhatsApp-Image-2021-01-03-at-14.42.33-150x150.jpg",150,150,true],"medium":["https:\/\/arantv.az\/wp-content\/uploads\/2021\/01\/WhatsApp-Image-2021-01-03-at-14.42.33-300x200.jpg",300,200,true],"large":["https:\/\/arantv.az\/wp-content\/uploads\/2021\/01\/WhatsApp-Image-2021-01-03-at-14.42.33.jpg",620,413,false],"1536x1536":["https:\/\/arantv.az\/wp-content\/uploads\/2021\/01\/WhatsApp-Image-2021-01-03-at-14.42.33.jpg",620,413,false],"2048x2048":["https:\/\/arantv.az\/wp-content\/uploads\/2021\/01\/WhatsApp-Image-2021-01-03-at-14.42.33.jpg",620,413,false],"post-thumbnail":["https:\/\/arantv.az\/wp-content\/uploads\/2021\/01\/WhatsApp-Image-2021-01-03-at-14.42.33-240x172.jpg",240,172,true],"advps-thumb-one":["https:\/\/arantv.az\/wp-content\/uploads\/2021\/01\/WhatsApp-Image-2021-01-03-at-14.42.33.jpg",620,413,false]},"rttpg_author":{"display_name":"V\u00fcsal Rafiqo\u011flu","author_link":"https:\/\/arantv.az\/?author=2"},"rttpg_comment":0,"rttpg_category":"<a href=\"https:\/\/arantv.az\/?cat=26\" rel=\"category\">Sosial<\/a>","rttpg_excerpt":"\u018fm\u0259k v\u0259 \u018fhalinin Sosial M\u00fcdafi\u0259si Nazirliyi \u0259m\u0259kda\u015flar\u0131 V\u0259t\u0259n m\u00fcharib\u0259sind\u0259 \u015f\u0259hid olmu\u015f q\u0259hr\u0259manlar\u0131m\u0131z\u0131n ail\u0259l\u0259ri il\u0259 g\u00f6r\u00fc\u015fl\u0259ri davam etdirir. Nazirliyin D\u00f6vl\u0259t Sosial M\u00fcdafi\u0259 Fondunun \u0259m\u0259kda\u015flar\u0131 L\u0259nk\u0259ran\u0131n \u00dcrg\u0259 k\u0259ndind\u0259 \u015f\u0259hid polkovnik-leytenant Mehman \u015eirvanovun, Masall\u0131 rayonunda \u015f\u0259hid Murad Nefesovun v\u0259 Bil\u0259suvar\u0131n N\u0259simi k\u0259ndind\u0259 \u015f\u0259hid Seyran V\u0259liyevin ail\u0259l\u0259rind\u0259 olublar. H\u0259r \u00fc\u00e7 \u015f\u0259hid ail\u0259sin\u0259 Prezidentin ayl\u0131q t\u0259qa\u00fcd\u00fc, sosial m\u00fcavin\u0259tl\u0259r art\u0131q t\u0259yin&hellip;","_links":{"self":[{"href":"https:\/\/arantv.az\/index.php?rest_route=\/wp\/v2\/posts\/264935"}],"collection":[{"href":"https:\/\/arantv.az\/index.php?rest_route=\/wp\/v2\/posts"}],"about":[{"href":"https:\/\/arantv.az\/index.php?rest_route=\/wp\/v2\/types\/post"}],"author":[{"embeddable":true,"href":"https:\/\/arantv.az\/index.php?rest_route=\/wp\/v2\/users\/2"}],"replies":[{"embeddable":true,"href":"https:\/\/arantv.az\/index.php?rest_route=%2Fwp%2Fv2%2Fcomments&post=264935"}],"version-history":[{"count":0,"href":"https:\/\/arantv.az\/index.php?rest_route=\/wp\/v2\/posts\/264935\/revisions"}],"wp:featuredmedia":[{"embeddable":true,"href":"https:\/\/arantv.az\/index.php?rest_route=\/wp\/v2\/media\/264936"}],"wp:attachment":[{"href":"https:\/\/arantv.az\/index.php?rest_route=%2Fwp%2Fv2%2Fmedia&parent=264935"}],"wp:term":[{"taxonomy":"category","embeddable":true,"href":"https:\/\/arantv.az\/index.php?rest_route=%2Fwp%2Fv2%2Fcategories&post=264935"},{"taxonomy":"post_tag","embeddable":true,"href":"https:\/\/arantv.az\/index.php?rest_route=%2Fwp%2Fv2%2Ftags&post=264935"}],"curies":[{"name":"wp","href":"https:\/\/api.w.org\/{rel}","templated":true}]}}