{"id":264943,"date":"2021-01-04T13:20:10","date_gmt":"2021-01-04T10:20:10","guid":{"rendered":"http:\/\/arantv.az\/?p=264943"},"modified":"2021-01-04T13:20:10","modified_gmt":"2021-01-04T10:20:10","slug":"az%c9%99rbaycanda-s%c9%99rt-karantin%c9%99-r%c9%99gm%c9%99n-gizli-f%c9%99aliyy%c9%99t-gost%c9%99r%c9%99n-cayxana-askarlandi-foto-2","status":"publish","type":"post","link":"https:\/\/arantv.az\/?p=264943","title":{"rendered":"Az\u0259rbaycanda s\u0259rt karantin\u0259 r\u0259\u011fm\u0259n gizli f\u0259aliyy\u0259t g\u00f6st\u0259r\u0259n \u00e7ayxana a\u015fkarland\u0131 &#8211; FOTO"},"content":{"rendered":"<p>Ucar rayonunda\u00a0koronavirus pandemiyas\u0131 il\u0259 m\u00fcbariz\u0259 \u00e7\u0259r\u00e7iv\u0259sind\u0259 elan edilmi\u015f x\u00fcsusi karantin rejiminin t\u0259l\u0259bl\u0259rin\u0259\u00a0zidd f\u0259aliyy\u0259t g\u00f6st\u0259r\u0259n \u00e7ayxana a\u015fkar edilib.<\/p>\n<p>Daxili \u0130\u015fl\u0259r Nazirliyinin M\u0259tbuat Xidm\u0259tinin B\u0259rd\u0259 regional qrupundan veril\u0259n m\u0259lumata g\u00f6r\u0259, Ucar Rayon Polis\u00a0\u015e\u00f6b\u0259sinin \u0259m\u0259kda\u015flar\u0131 t\u0259r\u0259find\u0259n h\u0259yata ke\u00e7irilmi\u015f t\u0259dbirl\u0259r n\u0259tic\u0259sind\u0259 rayon \u0259razisind\u0259 karantin qaydalar\u0131na zidd olaraq f\u0259aliyy\u0259t g\u00f6st\u0259r\u0259n \u00e7ayxana a\u015fkar edilib.<\/p>\n<div id=\"AdviadNativeVideo0\" class=\"AdviadNativeVideo\"><\/div>\n<p>\u00c7ayxanan\u0131n sahibi v\u0259 orada olanlardan yeddi n\u0259f\u0259r bar\u0259sind\u0259 inzibati qaydada c\u0259rim\u0259l\u0259r t\u0259tbiq olunub.<\/p>\n<div class=\"gallery\">\n<div class=\"gallery-i\"><img src=\"https:\/\/cdn.oxu.az\/uploads\/W1siZiIsIjIwMjEvMDEvMDQvMTEvNDYvMjgvMTBhZjJjZmMtNDQwYS00YjIzLWFjYmEtMjljZGZiZTY1MzRjL1doYXRzQXBwIEltYWdlIDIwMjEtMDEtMDQgYXQgMTEuNDEuNTIgKDIpLmpwZWciXSxbInAiLCJlbmNvZGUiLCJqcGciLCItcXVhbGl0eSA4MCJdLFsicCIsInRodW1iIiwiNTkweDU5MFx1MDAzZSJdXQ?sha=072d398e729fb781\" alt=\"\" \/><\/p>\n<div class=\"gallery-i-caption\"><\/div>\n<\/div>\n<div class=\"gallery-i\"><img src=\"https:\/\/cdn.oxu.az\/uploads\/W1siZiIsIjIwMjEvMDEvMDQvMTEvNDYvMjgvMzNjYTY2OGMtZjU0YS00ZjQ3LWE4NjItMzFmNTE5MDEyMzM1L1doYXRzQXBwIEltYWdlIDIwMjEtMDEtMDQgYXQgMTEuNDEuNTIgKDEpLmpwZWciXSxbInAiLCJlbmNvZGUiLCJqcGciLCItcXVhbGl0eSA4MCJdLFsicCIsInRodW1iIiwiNTkweDU5MFx1MDAzZSJdXQ?sha=8168aec76190d001\" alt=\"\" \/><\/p>\n<div class=\"gallery-i-caption\"><\/div>\n<\/div>\n<div class=\"gallery-i\"><img src=\"https:\/\/cdn.oxu.az\/uploads\/W1siZiIsIjIwMjEvMDEvMDQvMTEvNDYvMjkvOGMyODhhZjYtOGNhMS00Y2RmLTliYTYtY2NmZTRmMWYxNTdmL1doYXRzQXBwIEltYWdlIDIwMjEtMDEtMDQgYXQgMTEuNDEuNTIuanBlZyJdLFsicCIsImVuY29kZSIsImpwZyIsIi1xdWFsaXR5IDgwIl0sWyJwIiwidGh1bWIiLCI1OTB4NTkwXHUwMDNlIl1d?sha=77a634f9f2904899\" alt=\"\" \/><\/div>\n<\/div>\n","protected":false},"excerpt":{"rendered":"<p>Ucar rayonunda\u00a0koronavirus pandemiyas\u0131 il\u0259 m\u00fcbariz\u0259 \u00e7\u0259r\u00e7iv\u0259sind\u0259 elan edilmi\u015f x\u00fcsusi karantin rejiminin t\u0259l\u0259bl\u0259rin\u0259\u00a0zidd f\u0259aliyy\u0259t g\u00f6st\u0259r\u0259n \u00e7ayxana a\u015fkar edilib. Daxili \u0130\u015fl\u0259r Nazirliyinin M\u0259tbuat Xidm\u0259tinin B\u0259rd\u0259 regional qrupundan veril\u0259n m\u0259lumata g\u00f6r\u0259, Ucar Rayon Polis\u00a0\u015e\u00f6b\u0259sinin \u0259m\u0259kda\u015flar\u0131 t\u0259r\u0259find\u0259n h\u0259yata ke\u00e7irilmi\u015f t\u0259dbirl\u0259r n\u0259tic\u0259sind\u0259 rayon \u0259razisind\u0259 karantin qaydalar\u0131na zidd olaraq f\u0259aliyy\u0259t g\u00f6st\u0259r\u0259n \u00e7ayxana a\u015fkar edilib. \u00c7ayxanan\u0131n sahibi v\u0259 orada olanlardan yeddi n\u0259f\u0259r bar\u0259sind\u0259 inzibati qaydada c\u0259rim\u0259l\u0259r t\u0259tbiq olunub.<\/p>\n","protected":false},"author":2,"featured_media":264944,"comment_status":"closed","ping_status":"closed","sticky":false,"template":"","format":"standard","meta":{"om_disable_all_campaigns":false,"_monsterinsights_skip_tracking":false,"_monsterinsights_sitenote_active":false,"_monsterinsights_sitenote_note":"","_monsterinsights_sitenote_category":0},"categories":[26],"tags":[],"aioseo_notices":[],"gutentor_comment":0,"rttpg_featured_image_url":{"full":["https:\/\/arantv.az\/wp-content\/uploads\/2021\/01\/cay-evi-sekil.jpg",620,415,false],"landscape":["https:\/\/arantv.az\/wp-content\/uploads\/2021\/01\/cay-evi-sekil.jpg",620,415,false],"portraits":["https:\/\/arantv.az\/wp-content\/uploads\/2021\/01\/cay-evi-sekil.jpg",620,415,false],"thumbnail":["https:\/\/arantv.az\/wp-content\/uploads\/2021\/01\/cay-evi-sekil-150x150.jpg",150,150,true],"medium":["https:\/\/arantv.az\/wp-content\/uploads\/2021\/01\/cay-evi-sekil-300x201.jpg",300,201,true],"large":["https:\/\/arantv.az\/wp-content\/uploads\/2021\/01\/cay-evi-sekil.jpg",620,415,false],"1536x1536":["https:\/\/arantv.az\/wp-content\/uploads\/2021\/01\/cay-evi-sekil.jpg",620,415,false],"2048x2048":["https:\/\/arantv.az\/wp-content\/uploads\/2021\/01\/cay-evi-sekil.jpg",620,415,false],"post-thumbnail":["https:\/\/arantv.az\/wp-content\/uploads\/2021\/01\/cay-evi-sekil-240x172.jpg",240,172,true],"advps-thumb-one":["https:\/\/arantv.az\/wp-content\/uploads\/2021\/01\/cay-evi-sekil.jpg",620,415,false]},"rttpg_author":{"display_name":"V\u00fcsal Rafiqo\u011flu","author_link":"https:\/\/arantv.az\/?author=2"},"rttpg_comment":0,"rttpg_category":"<a href=\"https:\/\/arantv.az\/?cat=26\" rel=\"category\">Sosial<\/a>","rttpg_excerpt":"Ucar rayonunda\u00a0koronavirus pandemiyas\u0131 il\u0259 m\u00fcbariz\u0259 \u00e7\u0259r\u00e7iv\u0259sind\u0259 elan edilmi\u015f x\u00fcsusi karantin rejiminin t\u0259l\u0259bl\u0259rin\u0259\u00a0zidd f\u0259aliyy\u0259t g\u00f6st\u0259r\u0259n \u00e7ayxana a\u015fkar edilib. Daxili \u0130\u015fl\u0259r Nazirliyinin M\u0259tbuat Xidm\u0259tinin B\u0259rd\u0259 regional qrupundan veril\u0259n m\u0259lumata g\u00f6r\u0259, Ucar Rayon Polis\u00a0\u015e\u00f6b\u0259sinin \u0259m\u0259kda\u015flar\u0131 t\u0259r\u0259find\u0259n h\u0259yata ke\u00e7irilmi\u015f t\u0259dbirl\u0259r n\u0259tic\u0259sind\u0259 rayon \u0259razisind\u0259 karantin qaydalar\u0131na zidd olaraq f\u0259aliyy\u0259t g\u00f6st\u0259r\u0259n \u00e7ayxana a\u015fkar edilib. \u00c7ayxanan\u0131n sahibi v\u0259 orada olanlardan yeddi n\u0259f\u0259r&hellip;","_links":{"self":[{"href":"https:\/\/arantv.az\/index.php?rest_route=\/wp\/v2\/posts\/264943"}],"collection":[{"href":"https:\/\/arantv.az\/index.php?rest_route=\/wp\/v2\/posts"}],"about":[{"href":"https:\/\/arantv.az\/index.php?rest_route=\/wp\/v2\/types\/post"}],"author":[{"embeddable":true,"href":"https:\/\/arantv.az\/index.php?rest_route=\/wp\/v2\/users\/2"}],"replies":[{"embeddable":true,"href":"https:\/\/arantv.az\/index.php?rest_route=%2Fwp%2Fv2%2Fcomments&post=264943"}],"version-history":[{"count":0,"href":"https:\/\/arantv.az\/index.php?rest_route=\/wp\/v2\/posts\/264943\/revisions"}],"wp:featuredmedia":[{"embeddable":true,"href":"https:\/\/arantv.az\/index.php?rest_route=\/wp\/v2\/media\/264944"}],"wp:attachment":[{"href":"https:\/\/arantv.az\/index.php?rest_route=%2Fwp%2Fv2%2Fmedia&parent=264943"}],"wp:term":[{"taxonomy":"category","embeddable":true,"href":"https:\/\/arantv.az\/index.php?rest_route=%2Fwp%2Fv2%2Fcategories&post=264943"},{"taxonomy":"post_tag","embeddable":true,"href":"https:\/\/arantv.az\/index.php?rest_route=%2Fwp%2Fv2%2Ftags&post=264943"}],"curies":[{"name":"wp","href":"https:\/\/api.w.org\/{rel}","templated":true}]}}