{"id":26497,"date":"2018-12-06T14:01:04","date_gmt":"2018-12-06T11:01:04","guid":{"rendered":"http:\/\/arantv.az\/?p=26497"},"modified":"2018-12-06T14:01:04","modified_gmt":"2018-12-06T11:01:04","slug":"buta-airways-aviasirk%c9%99ti-turkiy%c9%99nin-paytaxti-ankaraya-birbasa-aviareysl%c9%99r%c9%99-baslayacaq","status":"publish","type":"post","link":"https:\/\/arantv.az\/?p=26497","title":{"rendered":"\u201cButa Airways\u201d avia\u015firk\u0259ti T\u00fcrkiy\u0259nin paytaxt\u0131 Ankaraya birba\u015fa aviareysl\u0259r\u0259 ba\u015flayacaq"},"content":{"rendered":"<p><strong>ARANTV.AZ<\/strong> x\u0259b\u0259r verir ki, g\u0259l\u0259n ilin 31 mart\u0131ndan etibar\u0259n \u201cButa Airways\u201d a\u015fa\u011f\u0131b\u00fcdc\u0259li avia\u015firk\u0259ti T\u00fcrkiy\u0259nin paytaxt\u0131 Ankaraya birba\u015fa aviareysl\u0259r\u0259 ba\u015flayacaq. Bununlada Ankara loukosterin T\u00fcrkiy\u0259d\u0259 d\u00f6rd\u00fcnc\u00fc istiqam\u0259ti olacaq. Bel\u0259 ki, avia\u015firk\u0259t art\u0131q Bak\u0131dan \u0130stanbula, Alanyaya v\u0259 \u0130zmir\u0259 m\u00fcnt\u0259z\u0259m reysl\u0259r h\u0259yata ke\u00e7irir. Avia\u015firk\u0259tin dig\u0259r istiqam\u0259tl\u0259ri kimi Bak\u0131-Ankara istiqam\u0259ti \u00fczr\u0259 d\u0259 minimal tarif bir t\u0259r\u0259f \u00fc\u00e7\u00fcn 29 avro t\u0259\u015fkil edir. U\u00e7u\u015flar h\u0259ft\u0259d\u0259 iki d\u0259f\u0259 &#8211; \u00e7\u0259r\u015f\u0259nb\u0259 ax\u015fam\u0131 v\u0259 bazar g\u00fcnl\u0259ri yerin\u0259 yetiril\u0259c\u0259k.<\/p>\n","protected":false},"excerpt":{"rendered":"<p>ARANTV.AZ x\u0259b\u0259r verir ki, g\u0259l\u0259n ilin 31 mart\u0131ndan etibar\u0259n \u201cButa Airways\u201d a\u015fa\u011f\u0131b\u00fcdc\u0259li avia\u015firk\u0259ti T\u00fcrkiy\u0259nin paytaxt\u0131 Ankaraya birba\u015fa aviareysl\u0259r\u0259 ba\u015flayacaq. Bununlada Ankara loukosterin T\u00fcrkiy\u0259d\u0259 d\u00f6rd\u00fcnc\u00fc istiqam\u0259ti olacaq. Bel\u0259 ki, avia\u015firk\u0259t art\u0131q Bak\u0131dan \u0130stanbula, Alanyaya v\u0259 \u0130zmir\u0259 m\u00fcnt\u0259z\u0259m reysl\u0259r h\u0259yata ke\u00e7irir. Avia\u015firk\u0259tin dig\u0259r istiqam\u0259tl\u0259ri kimi Bak\u0131-Ankara istiqam\u0259ti \u00fczr\u0259 d\u0259 minimal tarif bir t\u0259r\u0259f \u00fc\u00e7\u00fcn 29 avro t\u0259\u015fkil edir. U\u00e7u\u015flar h\u0259ft\u0259d\u0259 iki d\u0259f\u0259 &#8211; \u00e7\u0259r\u015f\u0259nb\u0259 ax\u015fam\u0131 v\u0259 bazar g\u00fcnl\u0259ri yerin\u0259 yetiril\u0259c\u0259k.<\/p>\n","protected":false},"author":2,"featured_media":26498,"comment_status":"closed","ping_status":"closed","sticky":false,"template":"","format":"standard","meta":{"om_disable_all_campaigns":false,"_monsterinsights_skip_tracking":false,"_monsterinsights_sitenote_active":false,"_monsterinsights_sitenote_note":"","_monsterinsights_sitenote_category":0},"categories":[19],"tags":[],"aioseo_notices":[],"gutentor_comment":0,"rttpg_featured_image_url":{"full":["https:\/\/arantv.az\/wp-content\/uploads\/2018\/12\/7iqlsr4jsi2inm5n0q4ar0hhl1buta.jpg",770,546,false],"landscape":["https:\/\/arantv.az\/wp-content\/uploads\/2018\/12\/7iqlsr4jsi2inm5n0q4ar0hhl1buta.jpg",770,546,false],"portraits":["https:\/\/arantv.az\/wp-content\/uploads\/2018\/12\/7iqlsr4jsi2inm5n0q4ar0hhl1buta.jpg",770,546,false],"thumbnail":["https:\/\/arantv.az\/wp-content\/uploads\/2018\/12\/7iqlsr4jsi2inm5n0q4ar0hhl1buta-150x150.jpg",150,150,true],"medium":["https:\/\/arantv.az\/wp-content\/uploads\/2018\/12\/7iqlsr4jsi2inm5n0q4ar0hhl1buta-300x213.jpg",300,213,true],"large":["https:\/\/arantv.az\/wp-content\/uploads\/2018\/12\/7iqlsr4jsi2inm5n0q4ar0hhl1buta.jpg",640,454,false],"1536x1536":["https:\/\/arantv.az\/wp-content\/uploads\/2018\/12\/7iqlsr4jsi2inm5n0q4ar0hhl1buta.jpg",770,546,false],"2048x2048":["https:\/\/arantv.az\/wp-content\/uploads\/2018\/12\/7iqlsr4jsi2inm5n0q4ar0hhl1buta.jpg",770,546,false],"post-thumbnail":["https:\/\/arantv.az\/wp-content\/uploads\/2018\/12\/7iqlsr4jsi2inm5n0q4ar0hhl1buta-240x172.jpg",240,172,true],"advps-thumb-one":["https:\/\/arantv.az\/wp-content\/uploads\/2018\/12\/7iqlsr4jsi2inm5n0q4ar0hhl1buta.jpg",770,546,false]},"rttpg_author":{"display_name":"V\u00fcsal Rafiqo\u011flu","author_link":"https:\/\/arantv.az\/?author=2"},"rttpg_comment":0,"rttpg_category":"<a href=\"https:\/\/arantv.az\/?cat=19\" rel=\"category\">G\u00fcnd\u0259m<\/a>","rttpg_excerpt":"ARANTV.AZ x\u0259b\u0259r verir ki, g\u0259l\u0259n ilin 31 mart\u0131ndan etibar\u0259n \u201cButa Airways\u201d a\u015fa\u011f\u0131b\u00fcdc\u0259li avia\u015firk\u0259ti T\u00fcrkiy\u0259nin paytaxt\u0131 Ankaraya birba\u015fa aviareysl\u0259r\u0259 ba\u015flayacaq. Bununlada Ankara loukosterin T\u00fcrkiy\u0259d\u0259 d\u00f6rd\u00fcnc\u00fc istiqam\u0259ti olacaq. Bel\u0259 ki, avia\u015firk\u0259t art\u0131q Bak\u0131dan \u0130stanbula, Alanyaya v\u0259 \u0130zmir\u0259 m\u00fcnt\u0259z\u0259m reysl\u0259r h\u0259yata ke\u00e7irir. Avia\u015firk\u0259tin dig\u0259r istiqam\u0259tl\u0259ri kimi Bak\u0131-Ankara istiqam\u0259ti \u00fczr\u0259 d\u0259 minimal tarif bir t\u0259r\u0259f \u00fc\u00e7\u00fcn 29 avro t\u0259\u015fkil&hellip;","_links":{"self":[{"href":"https:\/\/arantv.az\/index.php?rest_route=\/wp\/v2\/posts\/26497"}],"collection":[{"href":"https:\/\/arantv.az\/index.php?rest_route=\/wp\/v2\/posts"}],"about":[{"href":"https:\/\/arantv.az\/index.php?rest_route=\/wp\/v2\/types\/post"}],"author":[{"embeddable":true,"href":"https:\/\/arantv.az\/index.php?rest_route=\/wp\/v2\/users\/2"}],"replies":[{"embeddable":true,"href":"https:\/\/arantv.az\/index.php?rest_route=%2Fwp%2Fv2%2Fcomments&post=26497"}],"version-history":[{"count":0,"href":"https:\/\/arantv.az\/index.php?rest_route=\/wp\/v2\/posts\/26497\/revisions"}],"wp:featuredmedia":[{"embeddable":true,"href":"https:\/\/arantv.az\/index.php?rest_route=\/wp\/v2\/media\/26498"}],"wp:attachment":[{"href":"https:\/\/arantv.az\/index.php?rest_route=%2Fwp%2Fv2%2Fmedia&parent=26497"}],"wp:term":[{"taxonomy":"category","embeddable":true,"href":"https:\/\/arantv.az\/index.php?rest_route=%2Fwp%2Fv2%2Fcategories&post=26497"},{"taxonomy":"post_tag","embeddable":true,"href":"https:\/\/arantv.az\/index.php?rest_route=%2Fwp%2Fv2%2Ftags&post=26497"}],"curies":[{"name":"wp","href":"https:\/\/api.w.org\/{rel}","templated":true}]}}