{"id":264972,"date":"2021-01-04T13:32:32","date_gmt":"2021-01-04T10:32:32","guid":{"rendered":"http:\/\/arantv.az\/?p=264972"},"modified":"2021-01-04T13:32:32","modified_gmt":"2021-01-04T10:32:32","slug":"bas-redaktor-qeyri-r%c9%99smi-nikahda-yasadigi-qadini-bicaqladi-ozund%c9%99n-36-yas-kicikdir","status":"publish","type":"post","link":"https:\/\/arantv.az\/?p=264972","title":{"rendered":"Ba\u015f redaktor qeyri-r\u0259smi nikahda ya\u015fad\u0131\u011f\u0131 qad\u0131n\u0131 b\u0131\u00e7aqlad\u0131 &#8211; \u00d6z\u00fcnd\u0259n 36 ya\u015f ki\u00e7ikdir&#8230;"},"content":{"rendered":"<p><strong>\u015eirvan sakini qeyri-r\u0259smi nikahda ya\u015fad\u0131\u011f\u0131 qad\u0131n\u0131 b\u0131\u00e7aqlay\u0131b.<\/strong><\/p>\n<p><strong>ARANTV.AZ<\/strong> APA-ya istinadla bildirir ki, hadis\u0259 \u015eirvan \u015f\u0259h\u0259ri N. N\u0259rimanov k\u00fc\u00e7\u0259si 9 \u00fcnvan\u0131nda yerl\u0259\u015f\u0259n binan\u0131n m\u0259nzill\u0259rind\u0259n birind\u0259 ba\u015f verib.<\/p>\n<p>\u015eirvan sakini, 1957-ci il t\u0259v\u0259ll\u00fcdl\u00fc Na\u011f\u0131yev Mirh\u00fcseyn Bala\u011fa o\u011flu qeyri-r\u0259smi nikahda ya\u015fad\u0131\u011f\u0131 \u015eirvan sakini, 1993-c\u00fc il t\u0259v\u0259ll\u00fcdl\u00fc M\u0259mm\u0259dli Ay\u015f\u0259n Hafiz q\u0131z\u0131n\u0131 ail\u0259 m\u00fcnaqi\u015f\u0259si z\u0259minind\u0259 bo\u011faz nahiy\u0259sind\u0259n b\u0131\u00e7aqlay\u0131b. Sonuncu a\u011f\u0131r v\u0259ziyy\u0259td\u0259 \u015eirvan \u015f\u0259h\u0259r m\u0259rk\u0259zi x\u0259st\u0259xanas\u0131n\u0131n c\u0259rrahiy\u0259 \u015f\u00f6b\u0259sin\u0259 yerl\u0259\u015fdiril\u0259r\u0259k \u0259m\u0259liyyata g\u00f6t\u00fcr\u00fcl\u00fcb. M. Na\u011f\u0131yev polis t\u0259r\u0259find\u0259n saxlan\u0131l\u0131b.<\/p>\n<p>Faktla ba\u011fl\u0131 ara\u015fd\u0131rma apar\u0131l\u0131r.<\/p>\n<p>Qeyd ed\u0259k ki, bir m\u00fcdd\u0259t \u0259vv\u0259l &#8220;Bizim v\u0259t\u0259n&#8221; ictimai-siyasi q\u0259zetinin t\u0259sis\u00e7isi v\u0259 ba\u015f redaktoru olan M.Na\u011f\u0131yevin mobil telefon sat\u0131\u015f\u0131 il\u0259 m\u0259\u015f\u011ful olan ma\u011fazalardan birind\u0259 h\u0259min qad\u0131n\u0131 d\u00f6yd\u00fcy\u00fc an\u0131n videog\u00f6r\u00fcnt\u00fcl\u0259ri sosial \u015f\u0259b\u0259k\u0259l\u0259rd\u0259 yay\u0131mlan\u0131b.<\/p>\n","protected":false},"excerpt":{"rendered":"<p>\u015eirvan sakini qeyri-r\u0259smi nikahda ya\u015fad\u0131\u011f\u0131 qad\u0131n\u0131 b\u0131\u00e7aqlay\u0131b. ARANTV.AZ APA-ya istinadla bildirir ki, hadis\u0259 \u015eirvan \u015f\u0259h\u0259ri N. N\u0259rimanov k\u00fc\u00e7\u0259si 9 \u00fcnvan\u0131nda yerl\u0259\u015f\u0259n binan\u0131n m\u0259nzill\u0259rind\u0259n birind\u0259 ba\u015f verib. \u015eirvan sakini, 1957-ci il t\u0259v\u0259ll\u00fcdl\u00fc Na\u011f\u0131yev Mirh\u00fcseyn Bala\u011fa o\u011flu qeyri-r\u0259smi nikahda ya\u015fad\u0131\u011f\u0131 \u015eirvan sakini, 1993-c\u00fc il t\u0259v\u0259ll\u00fcdl\u00fc M\u0259mm\u0259dli Ay\u015f\u0259n Hafiz q\u0131z\u0131n\u0131 ail\u0259 m\u00fcnaqi\u015f\u0259si z\u0259minind\u0259 bo\u011faz nahiy\u0259sind\u0259n b\u0131\u00e7aqlay\u0131b. Sonuncu a\u011f\u0131r v\u0259ziyy\u0259td\u0259 \u015eirvan \u015f\u0259h\u0259r m\u0259rk\u0259zi x\u0259st\u0259xanas\u0131n\u0131n c\u0259rrahiy\u0259 \u015f\u00f6b\u0259sin\u0259 yerl\u0259\u015fdiril\u0259r\u0259k \u0259m\u0259liyyata g\u00f6t\u00fcr\u00fcl\u00fcb. M. Na\u011f\u0131yev polis t\u0259r\u0259find\u0259n saxlan\u0131l\u0131b. Faktla ba\u011fl\u0131 ara\u015fd\u0131rma apar\u0131l\u0131r. Qeyd ed\u0259k ki, bir m\u00fcdd\u0259t \u0259vv\u0259l &#8220;Bizim v\u0259t\u0259n&#8221; ictimai-siyasi q\u0259zetinin t\u0259sis\u00e7isi v\u0259 ba\u015f redaktoru olan M.Na\u011f\u0131yevin&hellip;<\/p>\n","protected":false},"author":2,"featured_media":264973,"comment_status":"closed","ping_status":"closed","sticky":false,"template":"","format":"standard","meta":{"om_disable_all_campaigns":false,"_monsterinsights_skip_tracking":false,"_monsterinsights_sitenote_active":false,"_monsterinsights_sitenote_note":"","_monsterinsights_sitenote_category":0},"categories":[3],"tags":[],"aioseo_notices":[],"gutentor_comment":0,"rttpg_featured_image_url":{"full":["https:\/\/arantv.az\/wp-content\/uploads\/2021\/01\/bicaq38747858.jpg",800,600,false],"landscape":["https:\/\/arantv.az\/wp-content\/uploads\/2021\/01\/bicaq38747858.jpg",800,600,false],"portraits":["https:\/\/arantv.az\/wp-content\/uploads\/2021\/01\/bicaq38747858.jpg",800,600,false],"thumbnail":["https:\/\/arantv.az\/wp-content\/uploads\/2021\/01\/bicaq38747858-150x150.jpg",150,150,true],"medium":["https:\/\/arantv.az\/wp-content\/uploads\/2021\/01\/bicaq38747858-300x225.jpg",300,225,true],"large":["https:\/\/arantv.az\/wp-content\/uploads\/2021\/01\/bicaq38747858.jpg",640,480,false],"1536x1536":["https:\/\/arantv.az\/wp-content\/uploads\/2021\/01\/bicaq38747858.jpg",800,600,false],"2048x2048":["https:\/\/arantv.az\/wp-content\/uploads\/2021\/01\/bicaq38747858.jpg",800,600,false],"post-thumbnail":["https:\/\/arantv.az\/wp-content\/uploads\/2021\/01\/bicaq38747858-240x172.jpg",240,172,true],"advps-thumb-one":["https:\/\/arantv.az\/wp-content\/uploads\/2021\/01\/bicaq38747858.jpg",800,600,false]},"rttpg_author":{"display_name":"V\u00fcsal Rafiqo\u011flu","author_link":"https:\/\/arantv.az\/?author=2"},"rttpg_comment":0,"rttpg_category":"<a href=\"https:\/\/arantv.az\/?cat=3\" rel=\"category\">Kriminal<\/a>","rttpg_excerpt":"\u015eirvan sakini qeyri-r\u0259smi nikahda ya\u015fad\u0131\u011f\u0131 qad\u0131n\u0131 b\u0131\u00e7aqlay\u0131b. ARANTV.AZ APA-ya istinadla bildirir ki, hadis\u0259 \u015eirvan \u015f\u0259h\u0259ri N. N\u0259rimanov k\u00fc\u00e7\u0259si 9 \u00fcnvan\u0131nda yerl\u0259\u015f\u0259n binan\u0131n m\u0259nzill\u0259rind\u0259n birind\u0259 ba\u015f verib. \u015eirvan sakini, 1957-ci il t\u0259v\u0259ll\u00fcdl\u00fc Na\u011f\u0131yev Mirh\u00fcseyn Bala\u011fa o\u011flu qeyri-r\u0259smi nikahda ya\u015fad\u0131\u011f\u0131 \u015eirvan sakini, 1993-c\u00fc il t\u0259v\u0259ll\u00fcdl\u00fc M\u0259mm\u0259dli Ay\u015f\u0259n Hafiz q\u0131z\u0131n\u0131 ail\u0259 m\u00fcnaqi\u015f\u0259si z\u0259minind\u0259 bo\u011faz nahiy\u0259sind\u0259n b\u0131\u00e7aqlay\u0131b. Sonuncu a\u011f\u0131r&hellip;","_links":{"self":[{"href":"https:\/\/arantv.az\/index.php?rest_route=\/wp\/v2\/posts\/264972"}],"collection":[{"href":"https:\/\/arantv.az\/index.php?rest_route=\/wp\/v2\/posts"}],"about":[{"href":"https:\/\/arantv.az\/index.php?rest_route=\/wp\/v2\/types\/post"}],"author":[{"embeddable":true,"href":"https:\/\/arantv.az\/index.php?rest_route=\/wp\/v2\/users\/2"}],"replies":[{"embeddable":true,"href":"https:\/\/arantv.az\/index.php?rest_route=%2Fwp%2Fv2%2Fcomments&post=264972"}],"version-history":[{"count":0,"href":"https:\/\/arantv.az\/index.php?rest_route=\/wp\/v2\/posts\/264972\/revisions"}],"wp:featuredmedia":[{"embeddable":true,"href":"https:\/\/arantv.az\/index.php?rest_route=\/wp\/v2\/media\/264973"}],"wp:attachment":[{"href":"https:\/\/arantv.az\/index.php?rest_route=%2Fwp%2Fv2%2Fmedia&parent=264972"}],"wp:term":[{"taxonomy":"category","embeddable":true,"href":"https:\/\/arantv.az\/index.php?rest_route=%2Fwp%2Fv2%2Fcategories&post=264972"},{"taxonomy":"post_tag","embeddable":true,"href":"https:\/\/arantv.az\/index.php?rest_route=%2Fwp%2Fv2%2Ftags&post=264972"}],"curies":[{"name":"wp","href":"https:\/\/api.w.org\/{rel}","templated":true}]}}