{"id":264980,"date":"2021-01-04T13:36:04","date_gmt":"2021-01-04T10:36:04","guid":{"rendered":"http:\/\/arantv.az\/?p=264980"},"modified":"2021-01-04T13:36:04","modified_gmt":"2021-01-04T10:36:04","slug":"lacin-m%c9%99grur-rayonun-hekay%c9%99si-video","status":"publish","type":"post","link":"https:\/\/arantv.az\/?p=264980","title":{"rendered":"La\u00e7\u0131n: M\u0259\u011frur rayonun hekay\u0259si &#8211; V\u0130DEO"},"content":{"rendered":"<article class=\"news\">\n<div class=\"news-inner\">\n<p>La\u00e7\u0131n rayonunun ad\u0131n\u0131 e\u015fid\u0259nd\u0259 h\u0259sr\u0259t ruhlu mahn\u0131lar qulaqlarda s\u0259sl\u0259nir.<\/p>\n<div id=\"AdviadNativeVideo0\" class=\"AdviadNativeVideo\"><\/div>\n<p>G\u00f6zl\u0259r\u00a0\u00f6n\u00fcnd\u0259 rayonun g\u00f6z\u0259l t\u0259bi\u0259ti, ba\u015f\u0131 qarl\u0131 da\u011flar\u0131, ucsuz-bucaqs\u0131z \u00e7\u00f6ll\u0259ri, buz bulaqlar\u0131 v\u0259 ya\u015f\u0131l me\u015f\u0259l\u0259ri canlan\u0131r.<\/p>\n<p>\u0130ll\u0259rdir La\u00e7\u0131n dey\u0259nd\u0259 q\u0259lbimiz k\u00f6vr\u0259lirdi. \u00c7\u00fcnki, erm\u0259nil\u0259r bizi ata-baba yurdumuza h\u0259sr\u0259t qoymu\u015fdular. Bu h\u0259sr\u0259tin bitm\u0259si \u00fc\u00e7\u00fcn d\u00fcz 28 il g\u00f6zl\u0259dik. Vaxt-v\u0259d\u0259 yeti\u015fdi. M\u00fcz\u0259ff\u0259r ordumuz torpaqlar\u0131m\u0131z\u0131 i\u015f\u011faldan azad etdi. Amma La\u00e7\u0131n\u0131n \u0259vv\u0259lki g\u00f6rk\u0259mind\u0259n \u0259s\u0259r-\u0259lam\u0259t qalmay\u0131b. O \u0259razil\u0259r erm\u0259ni vandallar\u0131 t\u0259r\u0259find\u0259n tamam\u0259n m\u0259hv edilib.<\/p>\n<div><iframe loading=\"lazy\" src=\"https:\/\/www.youtube.com\/embed\/BgMHrS2onhQ\" width=\"560\" height=\"315\" frameborder=\"0\" allowfullscreen=\"allowfullscreen\" data-mce-fragment=\"1\"><\/iframe><\/div>\n<\/div>\n<\/article>\n<h2 class=\"news-share-title\"><\/h2>\n","protected":false},"excerpt":{"rendered":"<p>La\u00e7\u0131n rayonunun ad\u0131n\u0131 e\u015fid\u0259nd\u0259 h\u0259sr\u0259t ruhlu mahn\u0131lar qulaqlarda s\u0259sl\u0259nir. G\u00f6zl\u0259r\u00a0\u00f6n\u00fcnd\u0259 rayonun g\u00f6z\u0259l t\u0259bi\u0259ti, ba\u015f\u0131 qarl\u0131 da\u011flar\u0131, ucsuz-bucaqs\u0131z \u00e7\u00f6ll\u0259ri, buz bulaqlar\u0131 v\u0259 ya\u015f\u0131l me\u015f\u0259l\u0259ri canlan\u0131r. \u0130ll\u0259rdir La\u00e7\u0131n dey\u0259nd\u0259 q\u0259lbimiz k\u00f6vr\u0259lirdi. \u00c7\u00fcnki, erm\u0259nil\u0259r bizi ata-baba yurdumuza h\u0259sr\u0259t qoymu\u015fdular. Bu h\u0259sr\u0259tin bitm\u0259si \u00fc\u00e7\u00fcn d\u00fcz 28 il g\u00f6zl\u0259dik. Vaxt-v\u0259d\u0259 yeti\u015fdi. M\u00fcz\u0259ff\u0259r ordumuz torpaqlar\u0131m\u0131z\u0131 i\u015f\u011faldan azad etdi. Amma La\u00e7\u0131n\u0131n \u0259vv\u0259lki g\u00f6rk\u0259mind\u0259n \u0259s\u0259r-\u0259lam\u0259t qalmay\u0131b. O \u0259razil\u0259r erm\u0259ni vandallar\u0131 t\u0259r\u0259find\u0259n tamam\u0259n m\u0259hv edilib.<\/p>\n","protected":false},"author":2,"featured_media":264981,"comment_status":"closed","ping_status":"closed","sticky":false,"template":"","format":"standard","meta":{"om_disable_all_campaigns":false,"_monsterinsights_skip_tracking":false,"_monsterinsights_sitenote_active":false,"_monsterinsights_sitenote_note":"","_monsterinsights_sitenote_category":0},"categories":[26],"tags":[],"aioseo_notices":[],"gutentor_comment":0,"rttpg_featured_image_url":{"full":["https:\/\/arantv.az\/wp-content\/uploads\/2021\/01\/La\u00c3\u00a7in.jpg",620,349,false],"landscape":["https:\/\/arantv.az\/wp-content\/uploads\/2021\/01\/La\u00c3\u00a7in.jpg",620,349,false],"portraits":["https:\/\/arantv.az\/wp-content\/uploads\/2021\/01\/La\u00c3\u00a7in.jpg",620,349,false],"thumbnail":["https:\/\/arantv.az\/wp-content\/uploads\/2021\/01\/La\u00c3\u00a7in-150x150.jpg",150,150,true],"medium":["https:\/\/arantv.az\/wp-content\/uploads\/2021\/01\/La\u00c3\u00a7in-300x169.jpg",300,169,true],"large":["https:\/\/arantv.az\/wp-content\/uploads\/2021\/01\/La\u00c3\u00a7in.jpg",620,349,false],"1536x1536":["https:\/\/arantv.az\/wp-content\/uploads\/2021\/01\/La\u00c3\u00a7in.jpg",620,349,false],"2048x2048":["https:\/\/arantv.az\/wp-content\/uploads\/2021\/01\/La\u00c3\u00a7in.jpg",620,349,false],"post-thumbnail":["https:\/\/arantv.az\/wp-content\/uploads\/2021\/01\/La\u00c3\u00a7in-240x172.jpg",240,172,true],"advps-thumb-one":["https:\/\/arantv.az\/wp-content\/uploads\/2021\/01\/La\u00c3\u00a7in.jpg",620,349,false]},"rttpg_author":{"display_name":"V\u00fcsal Rafiqo\u011flu","author_link":"https:\/\/arantv.az\/?author=2"},"rttpg_comment":0,"rttpg_category":"<a href=\"https:\/\/arantv.az\/?cat=26\" rel=\"category\">Sosial<\/a>","rttpg_excerpt":"La\u00e7\u0131n rayonunun ad\u0131n\u0131 e\u015fid\u0259nd\u0259 h\u0259sr\u0259t ruhlu mahn\u0131lar qulaqlarda s\u0259sl\u0259nir. G\u00f6zl\u0259r\u00a0\u00f6n\u00fcnd\u0259 rayonun g\u00f6z\u0259l t\u0259bi\u0259ti, ba\u015f\u0131 qarl\u0131 da\u011flar\u0131, ucsuz-bucaqs\u0131z \u00e7\u00f6ll\u0259ri, buz bulaqlar\u0131 v\u0259 ya\u015f\u0131l me\u015f\u0259l\u0259ri canlan\u0131r. \u0130ll\u0259rdir La\u00e7\u0131n dey\u0259nd\u0259 q\u0259lbimiz k\u00f6vr\u0259lirdi. \u00c7\u00fcnki, erm\u0259nil\u0259r bizi ata-baba yurdumuza h\u0259sr\u0259t qoymu\u015fdular. Bu h\u0259sr\u0259tin bitm\u0259si \u00fc\u00e7\u00fcn d\u00fcz 28 il g\u00f6zl\u0259dik. Vaxt-v\u0259d\u0259 yeti\u015fdi. M\u00fcz\u0259ff\u0259r ordumuz torpaqlar\u0131m\u0131z\u0131 i\u015f\u011faldan azad etdi. Amma La\u00e7\u0131n\u0131n \u0259vv\u0259lki&hellip;","_links":{"self":[{"href":"https:\/\/arantv.az\/index.php?rest_route=\/wp\/v2\/posts\/264980"}],"collection":[{"href":"https:\/\/arantv.az\/index.php?rest_route=\/wp\/v2\/posts"}],"about":[{"href":"https:\/\/arantv.az\/index.php?rest_route=\/wp\/v2\/types\/post"}],"author":[{"embeddable":true,"href":"https:\/\/arantv.az\/index.php?rest_route=\/wp\/v2\/users\/2"}],"replies":[{"embeddable":true,"href":"https:\/\/arantv.az\/index.php?rest_route=%2Fwp%2Fv2%2Fcomments&post=264980"}],"version-history":[{"count":0,"href":"https:\/\/arantv.az\/index.php?rest_route=\/wp\/v2\/posts\/264980\/revisions"}],"wp:featuredmedia":[{"embeddable":true,"href":"https:\/\/arantv.az\/index.php?rest_route=\/wp\/v2\/media\/264981"}],"wp:attachment":[{"href":"https:\/\/arantv.az\/index.php?rest_route=%2Fwp%2Fv2%2Fmedia&parent=264980"}],"wp:term":[{"taxonomy":"category","embeddable":true,"href":"https:\/\/arantv.az\/index.php?rest_route=%2Fwp%2Fv2%2Fcategories&post=264980"},{"taxonomy":"post_tag","embeddable":true,"href":"https:\/\/arantv.az\/index.php?rest_route=%2Fwp%2Fv2%2Ftags&post=264980"}],"curies":[{"name":"wp","href":"https:\/\/api.w.org\/{rel}","templated":true}]}}