{"id":264984,"date":"2021-01-04T13:37:06","date_gmt":"2021-01-04T10:37:06","guid":{"rendered":"http:\/\/arantv.az\/?p=264984"},"modified":"2021-01-04T13:37:06","modified_gmt":"2021-01-04T10:37:06","slug":"az%c9%99rbaycanda-yeni-il-t%c9%99tili-uzadilacaq-aciqlama","status":"publish","type":"post","link":"https:\/\/arantv.az\/?p=264984","title":{"rendered":"Az\u0259rbaycanda Yeni il t\u0259tili uzad\u0131lacaq? \u2013 A\u00c7IQLAMA"},"content":{"rendered":"<p>G\u00fcrc\u00fcstanda koronavirus s\u0259b\u0259bind\u0259n Yeni ill\u0259 \u0259laq\u0259dar bayram t\u0259tili uzad\u0131l\u0131b. Bel\u0259 ki, qon\u015fu \u00f6lk\u0259d\u0259 yanvar\u0131n 15-d\u0259k yaln\u0131z banklar, strateji \u0259h\u0259miyy\u0259tli obyekt v\u0259 xidm\u0259tl\u0259r f\u0259aliyy\u0259t g\u00f6st\u0259r\u0259c\u0259k.<\/p>\n<p>Maraql\u0131d\u0131r, Az\u0259rbaycanda da epidemiya s\u0259b\u0259bind\u0259n qeyri-i\u015f g\u00fcnl\u0259rinin say\u0131 uzad\u0131la bil\u0259rmi?<\/p>\n<div id=\"AdviadNativeVideo0\" class=\"AdviadNativeVideo\"><\/div>\n<p>M\u0259s\u0259l\u0259 il\u0259 ba\u011fl\u0131 Axar.az-a a\u00e7\u0131qlama ver\u0259n Nazirl\u0259r Kabinetinin m\u0259tbuat katibi \u0130brahim M\u0259mm\u0259dov bildirib ki, art\u0131q sabahdan \u00f6lk\u0259d\u0259 r\u0259smi i\u015f g\u00fcn\u00fcd\u00fcr v\u0259 bayram t\u0259tili uzad\u0131lmay\u0131b.<\/p>\n<p>\u0130nfeksionist V\u00fcqar Cavadzad\u0259 is\u0259 bildirib ki, \u00f6lk\u0259d\u0259 s\u0259rt karantin t\u0259dbirl\u0259ri davam etdiyi \u00fc\u00e7\u00fcn bayram t\u0259tilinin uzad\u0131lmas\u0131na ehtiyac yoxdur:<\/p>\n<p>&#8220;Hesab edir\u0259m ki, bayramla \u0259laq\u0259dar qeyri-i\u015f g\u00fcnl\u0259rinin uzad\u0131lmas\u0131na ehtiyac yoxdur. Onsuz da Az\u0259rbaycanda s\u0259rt karantin t\u0259dbirl\u0259ri davam edir v\u0259 bunun n\u0259tic\u0259sind\u0259 g\u00fcnd\u0259lik yoluxma say\u0131 1000-d\u0259n a\u015fa\u011f\u0131 d\u00fc\u015f\u00fcb. G\u00fcnd\u0259lik yoluxma \u0259n az\u0131 ikir\u0259q\u0259mli olana q\u0259d\u0259r s\u0259rt karantin t\u0259dbirl\u0259ri davam etdirilm\u0259lidir. \u018fks halda bu r\u0259q\u0259m arta bil\u0259r&#8221;.<\/p>\n","protected":false},"excerpt":{"rendered":"<p>G\u00fcrc\u00fcstanda koronavirus s\u0259b\u0259bind\u0259n Yeni ill\u0259 \u0259laq\u0259dar bayram t\u0259tili uzad\u0131l\u0131b. Bel\u0259 ki, qon\u015fu \u00f6lk\u0259d\u0259 yanvar\u0131n 15-d\u0259k yaln\u0131z banklar, strateji \u0259h\u0259miyy\u0259tli obyekt v\u0259 xidm\u0259tl\u0259r f\u0259aliyy\u0259t g\u00f6st\u0259r\u0259c\u0259k. Maraql\u0131d\u0131r, Az\u0259rbaycanda da epidemiya s\u0259b\u0259bind\u0259n qeyri-i\u015f g\u00fcnl\u0259rinin say\u0131 uzad\u0131la bil\u0259rmi? M\u0259s\u0259l\u0259 il\u0259 ba\u011fl\u0131 Axar.az-a a\u00e7\u0131qlama ver\u0259n Nazirl\u0259r Kabinetinin m\u0259tbuat katibi \u0130brahim M\u0259mm\u0259dov bildirib ki, art\u0131q sabahdan \u00f6lk\u0259d\u0259 r\u0259smi i\u015f g\u00fcn\u00fcd\u00fcr v\u0259 bayram t\u0259tili uzad\u0131lmay\u0131b. \u0130nfeksionist V\u00fcqar Cavadzad\u0259 is\u0259 bildirib ki, \u00f6lk\u0259d\u0259 s\u0259rt karantin t\u0259dbirl\u0259ri davam etdiyi \u00fc\u00e7\u00fcn bayram t\u0259tilinin uzad\u0131lmas\u0131na ehtiyac yoxdur: &#8220;Hesab edir\u0259m ki, bayramla \u0259laq\u0259dar qeyri-i\u015f g\u00fcnl\u0259rinin uzad\u0131lmas\u0131na ehtiyac yoxdur. Onsuz da Az\u0259rbaycanda s\u0259rt&hellip;<\/p>\n","protected":false},"author":2,"featured_media":264985,"comment_status":"closed","ping_status":"closed","sticky":false,"template":"","format":"standard","meta":{"om_disable_all_campaigns":false,"_monsterinsights_skip_tracking":false,"_monsterinsights_sitenote_active":false,"_monsterinsights_sitenote_note":"","_monsterinsights_sitenote_category":0},"categories":[26],"tags":[],"aioseo_notices":[],"gutentor_comment":0,"rttpg_featured_image_url":{"full":["https:\/\/arantv.az\/wp-content\/uploads\/2021\/01\/trend_coronavirus_261120_18.jpg",649,365,false],"landscape":["https:\/\/arantv.az\/wp-content\/uploads\/2021\/01\/trend_coronavirus_261120_18.jpg",649,365,false],"portraits":["https:\/\/arantv.az\/wp-content\/uploads\/2021\/01\/trend_coronavirus_261120_18.jpg",649,365,false],"thumbnail":["https:\/\/arantv.az\/wp-content\/uploads\/2021\/01\/trend_coronavirus_261120_18-150x150.jpg",150,150,true],"medium":["https:\/\/arantv.az\/wp-content\/uploads\/2021\/01\/trend_coronavirus_261120_18-300x169.jpg",300,169,true],"large":["https:\/\/arantv.az\/wp-content\/uploads\/2021\/01\/trend_coronavirus_261120_18.jpg",640,360,false],"1536x1536":["https:\/\/arantv.az\/wp-content\/uploads\/2021\/01\/trend_coronavirus_261120_18.jpg",649,365,false],"2048x2048":["https:\/\/arantv.az\/wp-content\/uploads\/2021\/01\/trend_coronavirus_261120_18.jpg",649,365,false],"post-thumbnail":["https:\/\/arantv.az\/wp-content\/uploads\/2021\/01\/trend_coronavirus_261120_18-240x172.jpg",240,172,true],"advps-thumb-one":["https:\/\/arantv.az\/wp-content\/uploads\/2021\/01\/trend_coronavirus_261120_18.jpg",649,365,false]},"rttpg_author":{"display_name":"V\u00fcsal Rafiqo\u011flu","author_link":"https:\/\/arantv.az\/?author=2"},"rttpg_comment":0,"rttpg_category":"<a href=\"https:\/\/arantv.az\/?cat=26\" rel=\"category\">Sosial<\/a>","rttpg_excerpt":"G\u00fcrc\u00fcstanda koronavirus s\u0259b\u0259bind\u0259n Yeni ill\u0259 \u0259laq\u0259dar bayram t\u0259tili uzad\u0131l\u0131b. Bel\u0259 ki, qon\u015fu \u00f6lk\u0259d\u0259 yanvar\u0131n 15-d\u0259k yaln\u0131z banklar, strateji \u0259h\u0259miyy\u0259tli obyekt v\u0259 xidm\u0259tl\u0259r f\u0259aliyy\u0259t g\u00f6st\u0259r\u0259c\u0259k. Maraql\u0131d\u0131r, Az\u0259rbaycanda da epidemiya s\u0259b\u0259bind\u0259n qeyri-i\u015f g\u00fcnl\u0259rinin say\u0131 uzad\u0131la bil\u0259rmi? M\u0259s\u0259l\u0259 il\u0259 ba\u011fl\u0131 Axar.az-a a\u00e7\u0131qlama ver\u0259n Nazirl\u0259r Kabinetinin m\u0259tbuat katibi \u0130brahim M\u0259mm\u0259dov bildirib ki, art\u0131q sabahdan \u00f6lk\u0259d\u0259 r\u0259smi i\u015f g\u00fcn\u00fcd\u00fcr v\u0259&hellip;","_links":{"self":[{"href":"https:\/\/arantv.az\/index.php?rest_route=\/wp\/v2\/posts\/264984"}],"collection":[{"href":"https:\/\/arantv.az\/index.php?rest_route=\/wp\/v2\/posts"}],"about":[{"href":"https:\/\/arantv.az\/index.php?rest_route=\/wp\/v2\/types\/post"}],"author":[{"embeddable":true,"href":"https:\/\/arantv.az\/index.php?rest_route=\/wp\/v2\/users\/2"}],"replies":[{"embeddable":true,"href":"https:\/\/arantv.az\/index.php?rest_route=%2Fwp%2Fv2%2Fcomments&post=264984"}],"version-history":[{"count":0,"href":"https:\/\/arantv.az\/index.php?rest_route=\/wp\/v2\/posts\/264984\/revisions"}],"wp:featuredmedia":[{"embeddable":true,"href":"https:\/\/arantv.az\/index.php?rest_route=\/wp\/v2\/media\/264985"}],"wp:attachment":[{"href":"https:\/\/arantv.az\/index.php?rest_route=%2Fwp%2Fv2%2Fmedia&parent=264984"}],"wp:term":[{"taxonomy":"category","embeddable":true,"href":"https:\/\/arantv.az\/index.php?rest_route=%2Fwp%2Fv2%2Fcategories&post=264984"},{"taxonomy":"post_tag","embeddable":true,"href":"https:\/\/arantv.az\/index.php?rest_route=%2Fwp%2Fv2%2Ftags&post=264984"}],"curies":[{"name":"wp","href":"https:\/\/api.w.org\/{rel}","templated":true}]}}