{"id":26528,"date":"2018-12-07T08:41:23","date_gmt":"2018-12-07T05:41:23","guid":{"rendered":"http:\/\/arantv.az\/?p=26528"},"modified":"2018-12-07T08:41:23","modified_gmt":"2018-12-07T05:41:23","slug":"bakida-bab%c9%99k%c9%99-heyk%c9%99l-qoyulur","status":"publish","type":"post","link":"https:\/\/arantv.az\/?p=26528","title":{"rendered":"Bak\u0131da Bab\u0259k\u0259 heyk\u0259l qoyulur"},"content":{"rendered":"<p>Bab\u0259k prospektinda Bab\u0259kin heyk\u0259li qoyulacaq.<\/p>\n<p><strong>ARANTV.AZ<\/strong>-\u0131n\u00a0m\u0259lumat\u0131na g\u00f6r\u0259, heyk\u0259lin \u201cYeni G\u00fcn\u0259\u015fli\u201d ya\u015fay\u0131\u015f sah\u0259si istiqam\u0259tind\u0259, Bab\u0259k prospektinin k\u0259si\u015fm\u0259si hiss\u0259sind\u0259 qoyulmas\u0131 planla\u015fd\u0131r\u0131l\u0131r.<\/p>\n<p>X\u0259tai Rayon \u0130cra Hakimiyy\u0259tinin \u0130ctimai, siyasi v\u0259 humanitar m\u0259s\u0259l\u0259l\u0259r \u015f\u00f6b\u0259sinin m\u00fcdiri\u00a0<strong>P\u0259nah \u0130manov<\/strong>\u00a0sayt\u0131m\u0131za bildirib ki, prospektd\u0259 Bab\u0259kin heyk\u0259linin qoyulmas\u0131 g\u00f6zl\u0259nilir:<\/p>\n<div id=\"AdributorNativeVideo0\" class=\"AdributorNativeVideo\"><\/div>\n<p>\u201cH\u0259l\u0259lik tam bir s\u00f6z dey\u0259 bilm\u0259rik\u201d.<\/p>\n<p>oxu.az<\/p>\n","protected":false},"excerpt":{"rendered":"<p>Bab\u0259k prospektinda Bab\u0259kin heyk\u0259li qoyulacaq. ARANTV.AZ-\u0131n\u00a0m\u0259lumat\u0131na g\u00f6r\u0259, heyk\u0259lin \u201cYeni G\u00fcn\u0259\u015fli\u201d ya\u015fay\u0131\u015f sah\u0259si istiqam\u0259tind\u0259, Bab\u0259k prospektinin k\u0259si\u015fm\u0259si hiss\u0259sind\u0259 qoyulmas\u0131 planla\u015fd\u0131r\u0131l\u0131r. X\u0259tai Rayon \u0130cra Hakimiyy\u0259tinin \u0130ctimai, siyasi v\u0259 humanitar m\u0259s\u0259l\u0259l\u0259r \u015f\u00f6b\u0259sinin m\u00fcdiri\u00a0P\u0259nah \u0130manov\u00a0sayt\u0131m\u0131za bildirib ki, prospektd\u0259 Bab\u0259kin heyk\u0259linin qoyulmas\u0131 g\u00f6zl\u0259nilir: \u201cH\u0259l\u0259lik tam bir s\u00f6z dey\u0259 bilm\u0259rik\u201d. oxu.az<\/p>\n","protected":false},"author":2,"featured_media":26529,"comment_status":"closed","ping_status":"closed","sticky":false,"template":"","format":"standard","meta":{"om_disable_all_campaigns":false,"_monsterinsights_skip_tracking":false,"_monsterinsights_sitenote_active":false,"_monsterinsights_sitenote_note":"","_monsterinsights_sitenote_category":0},"categories":[1],"tags":[],"aioseo_notices":[],"gutentor_comment":0,"rttpg_featured_image_url":{"full":["https:\/\/arantv.az\/wp-content\/uploads\/2018\/12\/bab\u00c9_k.jpg",620,349,false],"landscape":["https:\/\/arantv.az\/wp-content\/uploads\/2018\/12\/bab\u00c9_k.jpg",620,349,false],"portraits":["https:\/\/arantv.az\/wp-content\/uploads\/2018\/12\/bab\u00c9_k.jpg",620,349,false],"thumbnail":["https:\/\/arantv.az\/wp-content\/uploads\/2018\/12\/bab\u00c9_k-150x150.jpg",150,150,true],"medium":["https:\/\/arantv.az\/wp-content\/uploads\/2018\/12\/bab\u00c9_k-300x169.jpg",300,169,true],"large":["https:\/\/arantv.az\/wp-content\/uploads\/2018\/12\/bab\u00c9_k.jpg",620,349,false],"1536x1536":["https:\/\/arantv.az\/wp-content\/uploads\/2018\/12\/bab\u00c9_k.jpg",620,349,false],"2048x2048":["https:\/\/arantv.az\/wp-content\/uploads\/2018\/12\/bab\u00c9_k.jpg",620,349,false],"post-thumbnail":["https:\/\/arantv.az\/wp-content\/uploads\/2018\/12\/bab\u00c9_k-240x172.jpg",240,172,true],"advps-thumb-one":["https:\/\/arantv.az\/wp-content\/uploads\/2018\/12\/bab\u00c9_k.jpg",620,349,false]},"rttpg_author":{"display_name":"V\u00fcsal Rafiqo\u011flu","author_link":"https:\/\/arantv.az\/?author=2"},"rttpg_comment":0,"rttpg_category":"<a href=\"https:\/\/arantv.az\/?cat=1\" rel=\"category\">C\u0259miyy\u0259t<\/a>","rttpg_excerpt":"Bab\u0259k prospektinda Bab\u0259kin heyk\u0259li qoyulacaq. ARANTV.AZ-\u0131n\u00a0m\u0259lumat\u0131na g\u00f6r\u0259, heyk\u0259lin \u201cYeni G\u00fcn\u0259\u015fli\u201d ya\u015fay\u0131\u015f sah\u0259si istiqam\u0259tind\u0259, Bab\u0259k prospektinin k\u0259si\u015fm\u0259si hiss\u0259sind\u0259 qoyulmas\u0131 planla\u015fd\u0131r\u0131l\u0131r. X\u0259tai Rayon \u0130cra Hakimiyy\u0259tinin \u0130ctimai, siyasi v\u0259 humanitar m\u0259s\u0259l\u0259l\u0259r \u015f\u00f6b\u0259sinin m\u00fcdiri\u00a0P\u0259nah \u0130manov\u00a0sayt\u0131m\u0131za bildirib ki, prospektd\u0259 Bab\u0259kin heyk\u0259linin qoyulmas\u0131 g\u00f6zl\u0259nilir: \u201cH\u0259l\u0259lik tam bir s\u00f6z dey\u0259 bilm\u0259rik\u201d. oxu.az","_links":{"self":[{"href":"https:\/\/arantv.az\/index.php?rest_route=\/wp\/v2\/posts\/26528"}],"collection":[{"href":"https:\/\/arantv.az\/index.php?rest_route=\/wp\/v2\/posts"}],"about":[{"href":"https:\/\/arantv.az\/index.php?rest_route=\/wp\/v2\/types\/post"}],"author":[{"embeddable":true,"href":"https:\/\/arantv.az\/index.php?rest_route=\/wp\/v2\/users\/2"}],"replies":[{"embeddable":true,"href":"https:\/\/arantv.az\/index.php?rest_route=%2Fwp%2Fv2%2Fcomments&post=26528"}],"version-history":[{"count":0,"href":"https:\/\/arantv.az\/index.php?rest_route=\/wp\/v2\/posts\/26528\/revisions"}],"wp:featuredmedia":[{"embeddable":true,"href":"https:\/\/arantv.az\/index.php?rest_route=\/wp\/v2\/media\/26529"}],"wp:attachment":[{"href":"https:\/\/arantv.az\/index.php?rest_route=%2Fwp%2Fv2%2Fmedia&parent=26528"}],"wp:term":[{"taxonomy":"category","embeddable":true,"href":"https:\/\/arantv.az\/index.php?rest_route=%2Fwp%2Fv2%2Fcategories&post=26528"},{"taxonomy":"post_tag","embeddable":true,"href":"https:\/\/arantv.az\/index.php?rest_route=%2Fwp%2Fv2%2Ftags&post=26528"}],"curies":[{"name":"wp","href":"https:\/\/api.w.org\/{rel}","templated":true}]}}