{"id":26534,"date":"2018-12-07T08:43:31","date_gmt":"2018-12-07T05:43:31","guid":{"rendered":"http:\/\/arantv.az\/?p=26534"},"modified":"2018-12-07T08:43:31","modified_gmt":"2018-12-07T05:43:31","slug":"sumqayitda-26-yasli-g%c9%99nc-ozunu-asdi","status":"publish","type":"post","link":"https:\/\/arantv.az\/?p=26534","title":{"rendered":"Sumqay\u0131tda 26 ya\u015fl\u0131 g\u0259nc \u00f6z\u00fcn\u00fc asd\u0131"},"content":{"rendered":"<p>Sumqay\u0131tda intihar hadis\u0259si ba\u015f verib.<\/p>\n<p><strong>ARANTV.AZ<\/strong>-\u0131n Report-a istinad\u0259n m\u0259lumat\u0131na g\u00f6r\u0259, hadis\u0259 \u015f\u0259h\u0259rin \u201cYa\u015f\u0131ld\u0259r\u0259\u201d ya\u015fay\u0131\u015f massivind\u0259 ba\u015f verib.<\/p>\n<p>Bel\u0259 ki, Sumqay\u0131t \u015f\u0259h\u0259r sakini, 1992-ci il t\u0259v\u0259ll\u00fcdl\u00fc\u00a0<strong>Pa\u015fayev Tamerlan Telman o\u011flu<\/strong>\u00a0ya\u015fad\u0131\u011f\u0131 evd\u0259 \u00f6z\u00fcn\u00fc k\u0259ndirl\u0259 as\u0131b.<\/p>\n<div id=\"AdributorNativeVideo0\" class=\"AdributorNativeVideo\"><\/div>\n<p>Faktla ba\u011fl\u0131 ara\u015fd\u0131rma apar\u0131l\u0131r.<\/p>\n","protected":false},"excerpt":{"rendered":"<p>Sumqay\u0131tda intihar hadis\u0259si ba\u015f verib. ARANTV.AZ-\u0131n Report-a istinad\u0259n m\u0259lumat\u0131na g\u00f6r\u0259, hadis\u0259 \u015f\u0259h\u0259rin \u201cYa\u015f\u0131ld\u0259r\u0259\u201d ya\u015fay\u0131\u015f massivind\u0259 ba\u015f verib. Bel\u0259 ki, Sumqay\u0131t \u015f\u0259h\u0259r sakini, 1992-ci il t\u0259v\u0259ll\u00fcdl\u00fc\u00a0Pa\u015fayev Tamerlan Telman o\u011flu\u00a0ya\u015fad\u0131\u011f\u0131 evd\u0259 \u00f6z\u00fcn\u00fc k\u0259ndirl\u0259 as\u0131b. Faktla ba\u011fl\u0131 ara\u015fd\u0131rma apar\u0131l\u0131r.<\/p>\n","protected":false},"author":2,"featured_media":26535,"comment_status":"closed","ping_status":"closed","sticky":false,"template":"","format":"standard","meta":{"om_disable_all_campaigns":false,"_monsterinsights_skip_tracking":false,"_monsterinsights_sitenote_active":false,"_monsterinsights_sitenote_note":"","_monsterinsights_sitenote_category":0},"categories":[5],"tags":[],"aioseo_notices":[],"gutentor_comment":0,"rttpg_featured_image_url":{"full":["https:\/\/arantv.az\/wp-content\/uploads\/2018\/12\/mahmutlar_da_egzoz_gazi_ile_intihar_etti_h334413_514fc.jpg",620,378,false],"landscape":["https:\/\/arantv.az\/wp-content\/uploads\/2018\/12\/mahmutlar_da_egzoz_gazi_ile_intihar_etti_h334413_514fc.jpg",620,378,false],"portraits":["https:\/\/arantv.az\/wp-content\/uploads\/2018\/12\/mahmutlar_da_egzoz_gazi_ile_intihar_etti_h334413_514fc.jpg",620,378,false],"thumbnail":["https:\/\/arantv.az\/wp-content\/uploads\/2018\/12\/mahmutlar_da_egzoz_gazi_ile_intihar_etti_h334413_514fc-150x150.jpg",150,150,true],"medium":["https:\/\/arantv.az\/wp-content\/uploads\/2018\/12\/mahmutlar_da_egzoz_gazi_ile_intihar_etti_h334413_514fc-300x183.jpg",300,183,true],"large":["https:\/\/arantv.az\/wp-content\/uploads\/2018\/12\/mahmutlar_da_egzoz_gazi_ile_intihar_etti_h334413_514fc.jpg",620,378,false],"1536x1536":["https:\/\/arantv.az\/wp-content\/uploads\/2018\/12\/mahmutlar_da_egzoz_gazi_ile_intihar_etti_h334413_514fc.jpg",620,378,false],"2048x2048":["https:\/\/arantv.az\/wp-content\/uploads\/2018\/12\/mahmutlar_da_egzoz_gazi_ile_intihar_etti_h334413_514fc.jpg",620,378,false],"post-thumbnail":["https:\/\/arantv.az\/wp-content\/uploads\/2018\/12\/mahmutlar_da_egzoz_gazi_ile_intihar_etti_h334413_514fc-240x172.jpg",240,172,true],"advps-thumb-one":["https:\/\/arantv.az\/wp-content\/uploads\/2018\/12\/mahmutlar_da_egzoz_gazi_ile_intihar_etti_h334413_514fc.jpg",620,378,false]},"rttpg_author":{"display_name":"V\u00fcsal Rafiqo\u011flu","author_link":"https:\/\/arantv.az\/?author=2"},"rttpg_comment":0,"rttpg_category":"<a href=\"https:\/\/arantv.az\/?cat=5\" rel=\"category\">Hadis\u0259<\/a>","rttpg_excerpt":"Sumqay\u0131tda intihar hadis\u0259si ba\u015f verib. ARANTV.AZ-\u0131n Report-a istinad\u0259n m\u0259lumat\u0131na g\u00f6r\u0259, hadis\u0259 \u015f\u0259h\u0259rin \u201cYa\u015f\u0131ld\u0259r\u0259\u201d ya\u015fay\u0131\u015f massivind\u0259 ba\u015f verib. Bel\u0259 ki, Sumqay\u0131t \u015f\u0259h\u0259r sakini, 1992-ci il t\u0259v\u0259ll\u00fcdl\u00fc\u00a0Pa\u015fayev Tamerlan Telman o\u011flu\u00a0ya\u015fad\u0131\u011f\u0131 evd\u0259 \u00f6z\u00fcn\u00fc k\u0259ndirl\u0259 as\u0131b. Faktla ba\u011fl\u0131 ara\u015fd\u0131rma apar\u0131l\u0131r.","_links":{"self":[{"href":"https:\/\/arantv.az\/index.php?rest_route=\/wp\/v2\/posts\/26534"}],"collection":[{"href":"https:\/\/arantv.az\/index.php?rest_route=\/wp\/v2\/posts"}],"about":[{"href":"https:\/\/arantv.az\/index.php?rest_route=\/wp\/v2\/types\/post"}],"author":[{"embeddable":true,"href":"https:\/\/arantv.az\/index.php?rest_route=\/wp\/v2\/users\/2"}],"replies":[{"embeddable":true,"href":"https:\/\/arantv.az\/index.php?rest_route=%2Fwp%2Fv2%2Fcomments&post=26534"}],"version-history":[{"count":0,"href":"https:\/\/arantv.az\/index.php?rest_route=\/wp\/v2\/posts\/26534\/revisions"}],"wp:featuredmedia":[{"embeddable":true,"href":"https:\/\/arantv.az\/index.php?rest_route=\/wp\/v2\/media\/26535"}],"wp:attachment":[{"href":"https:\/\/arantv.az\/index.php?rest_route=%2Fwp%2Fv2%2Fmedia&parent=26534"}],"wp:term":[{"taxonomy":"category","embeddable":true,"href":"https:\/\/arantv.az\/index.php?rest_route=%2Fwp%2Fv2%2Fcategories&post=26534"},{"taxonomy":"post_tag","embeddable":true,"href":"https:\/\/arantv.az\/index.php?rest_route=%2Fwp%2Fv2%2Ftags&post=26534"}],"curies":[{"name":"wp","href":"https:\/\/api.w.org\/{rel}","templated":true}]}}