{"id":26537,"date":"2018-12-07T08:44:56","date_gmt":"2018-12-07T05:44:56","guid":{"rendered":"http:\/\/arantv.az\/?p=26537"},"modified":"2018-12-07T08:44:56","modified_gmt":"2018-12-07T05:44:56","slug":"nazirl%c9%99r-kabinetind%c9%99n-muhum-q%c9%99rar-q%c9%99biristanliqlarin-salinmasi","status":"publish","type":"post","link":"https:\/\/arantv.az\/?p=26537","title":{"rendered":"Nazirl\u0259r Kabinetind\u0259n M\u00dcH\u00dcM Q\u018fRAR &#8211; Q\u0259biristanl\u0131qlar\u0131n sal\u0131nmas\u0131&#8230;"},"content":{"rendered":"<p><strong>Nazirl\u0259r Kabineti \u201cQ\u0259biristanl\u0131qlar\u0131n sal\u0131nmas\u0131 v\u0259 idar\u0259 olunmas\u0131 Qaydalar\u0131\u201dn\u0131 t\u0259sdiql\u0259yib.<\/strong><\/p>\n<p><strong>ARANTV.AZ<\/strong> x\u0259b\u0259r verir ki, m\u00fcvafiq q\u0259rar\u0131 ba\u015f nazir Novruz M\u0259mm\u0259dov imzalay\u0131b.<\/p>\n<p>Q\u0259rara \u0259sas\u0259n Nazirl\u0259r Kabineti \u201cB\u0259l\u0259diyy\u0259l\u0259rin statusu haqq\u0131nda\u201d Az\u0259rbaycan Respublikas\u0131n\u0131n Qanununda d\u0259yi\u015fiklikl\u0259r edilm\u0259si bar\u0259d\u0259\u201d Az\u0259rbaycan Respublikas\u0131n\u0131n 2017-ci il 29 dekabr tarixli qanununun t\u0259tbiqi haqq\u0131nda\u201d Az\u0259rbaycan Prezidentinin 2018-ci il 18 yanvar tarixli F\u0259rman\u0131n\u0131n 3-c\u00fc hiss\u0259sin\u0259 \u0259sas\u0259n \u201cQ\u0259biristanl\u0131qlar\u0131n sal\u0131nmas\u0131 v\u0259 idar\u0259 olunmas\u0131 Qaydalar\u0131\u201d t\u0259sdiql\u0259yib.<\/p>\n<p>Yerli icra hakimiyy\u0259ti orqanlar\u0131na bu q\u0259rar\u0131n 1-ci hiss\u0259si il\u0259 t\u0259sdiq edilmi\u015f qaydalardan ir\u0259li g\u0259l\u0259n v\u0259zif\u0259l\u0259rin h\u0259yata ke\u00e7irilm\u0259si m\u0259qs\u0259di il\u0259 q\u0259biristanl\u0131qlar\u0131n m\u00fcvafiq b\u0259l\u0259diyy\u0259l\u0259r\u0259 3 (\u00fc\u00e7) ay m\u00fcdd\u0259tind\u0259 t\u0259hvil verilm\u0259sini t\u0259min etm\u0259k tap\u015f\u0131r\u0131l\u0131b.report<\/p>\n","protected":false},"excerpt":{"rendered":"<p>Nazirl\u0259r Kabineti \u201cQ\u0259biristanl\u0131qlar\u0131n sal\u0131nmas\u0131 v\u0259 idar\u0259 olunmas\u0131 Qaydalar\u0131\u201dn\u0131 t\u0259sdiql\u0259yib. ARANTV.AZ x\u0259b\u0259r verir ki, m\u00fcvafiq q\u0259rar\u0131 ba\u015f nazir Novruz M\u0259mm\u0259dov imzalay\u0131b. Q\u0259rara \u0259sas\u0259n Nazirl\u0259r Kabineti \u201cB\u0259l\u0259diyy\u0259l\u0259rin statusu haqq\u0131nda\u201d Az\u0259rbaycan Respublikas\u0131n\u0131n Qanununda d\u0259yi\u015fiklikl\u0259r edilm\u0259si bar\u0259d\u0259\u201d Az\u0259rbaycan Respublikas\u0131n\u0131n 2017-ci il 29 dekabr tarixli qanununun t\u0259tbiqi haqq\u0131nda\u201d Az\u0259rbaycan Prezidentinin 2018-ci il 18 yanvar tarixli F\u0259rman\u0131n\u0131n 3-c\u00fc hiss\u0259sin\u0259 \u0259sas\u0259n \u201cQ\u0259biristanl\u0131qlar\u0131n sal\u0131nmas\u0131 v\u0259 idar\u0259 olunmas\u0131 Qaydalar\u0131\u201d t\u0259sdiql\u0259yib. Yerli icra hakimiyy\u0259ti orqanlar\u0131na bu q\u0259rar\u0131n 1-ci hiss\u0259si il\u0259 t\u0259sdiq edilmi\u015f qaydalardan ir\u0259li g\u0259l\u0259n v\u0259zif\u0259l\u0259rin h\u0259yata ke\u00e7irilm\u0259si m\u0259qs\u0259di il\u0259 q\u0259biristanl\u0131qlar\u0131n m\u00fcvafiq b\u0259l\u0259diyy\u0259l\u0259r\u0259 3 (\u00fc\u00e7) ay m\u00fcdd\u0259tind\u0259 t\u0259hvil verilm\u0259sini t\u0259min&hellip;<\/p>\n","protected":false},"author":2,"featured_media":26538,"comment_status":"closed","ping_status":"closed","sticky":false,"template":"","format":"standard","meta":{"om_disable_all_campaigns":false,"_monsterinsights_skip_tracking":false,"_monsterinsights_sitenote_active":false,"_monsterinsights_sitenote_note":"","_monsterinsights_sitenote_category":0},"categories":[19],"tags":[],"aioseo_notices":[],"gutentor_comment":0,"rttpg_featured_image_url":{"full":["https:\/\/arantv.az\/wp-content\/uploads\/2018\/12\/1458221871_nazirler-kabineti-m.jpg",800,450,false],"landscape":["https:\/\/arantv.az\/wp-content\/uploads\/2018\/12\/1458221871_nazirler-kabineti-m.jpg",800,450,false],"portraits":["https:\/\/arantv.az\/wp-content\/uploads\/2018\/12\/1458221871_nazirler-kabineti-m.jpg",800,450,false],"thumbnail":["https:\/\/arantv.az\/wp-content\/uploads\/2018\/12\/1458221871_nazirler-kabineti-m-150x150.jpg",150,150,true],"medium":["https:\/\/arantv.az\/wp-content\/uploads\/2018\/12\/1458221871_nazirler-kabineti-m-300x169.jpg",300,169,true],"large":["https:\/\/arantv.az\/wp-content\/uploads\/2018\/12\/1458221871_nazirler-kabineti-m.jpg",640,360,false],"1536x1536":["https:\/\/arantv.az\/wp-content\/uploads\/2018\/12\/1458221871_nazirler-kabineti-m.jpg",800,450,false],"2048x2048":["https:\/\/arantv.az\/wp-content\/uploads\/2018\/12\/1458221871_nazirler-kabineti-m.jpg",800,450,false],"post-thumbnail":["https:\/\/arantv.az\/wp-content\/uploads\/2018\/12\/1458221871_nazirler-kabineti-m-240x172.jpg",240,172,true],"advps-thumb-one":["https:\/\/arantv.az\/wp-content\/uploads\/2018\/12\/1458221871_nazirler-kabineti-m.jpg",800,450,false]},"rttpg_author":{"display_name":"V\u00fcsal Rafiqo\u011flu","author_link":"https:\/\/arantv.az\/?author=2"},"rttpg_comment":0,"rttpg_category":"<a href=\"https:\/\/arantv.az\/?cat=19\" rel=\"category\">G\u00fcnd\u0259m<\/a>","rttpg_excerpt":"Nazirl\u0259r Kabineti \u201cQ\u0259biristanl\u0131qlar\u0131n sal\u0131nmas\u0131 v\u0259 idar\u0259 olunmas\u0131 Qaydalar\u0131\u201dn\u0131 t\u0259sdiql\u0259yib. ARANTV.AZ x\u0259b\u0259r verir ki, m\u00fcvafiq q\u0259rar\u0131 ba\u015f nazir Novruz M\u0259mm\u0259dov imzalay\u0131b. Q\u0259rara \u0259sas\u0259n Nazirl\u0259r Kabineti \u201cB\u0259l\u0259diyy\u0259l\u0259rin statusu haqq\u0131nda\u201d Az\u0259rbaycan Respublikas\u0131n\u0131n Qanununda d\u0259yi\u015fiklikl\u0259r edilm\u0259si bar\u0259d\u0259\u201d Az\u0259rbaycan Respublikas\u0131n\u0131n 2017-ci il 29 dekabr tarixli qanununun t\u0259tbiqi haqq\u0131nda\u201d Az\u0259rbaycan Prezidentinin 2018-ci il 18 yanvar tarixli F\u0259rman\u0131n\u0131n 3-c\u00fc hiss\u0259sin\u0259 \u0259sas\u0259n \u201cQ\u0259biristanl\u0131qlar\u0131n&hellip;","_links":{"self":[{"href":"https:\/\/arantv.az\/index.php?rest_route=\/wp\/v2\/posts\/26537"}],"collection":[{"href":"https:\/\/arantv.az\/index.php?rest_route=\/wp\/v2\/posts"}],"about":[{"href":"https:\/\/arantv.az\/index.php?rest_route=\/wp\/v2\/types\/post"}],"author":[{"embeddable":true,"href":"https:\/\/arantv.az\/index.php?rest_route=\/wp\/v2\/users\/2"}],"replies":[{"embeddable":true,"href":"https:\/\/arantv.az\/index.php?rest_route=%2Fwp%2Fv2%2Fcomments&post=26537"}],"version-history":[{"count":0,"href":"https:\/\/arantv.az\/index.php?rest_route=\/wp\/v2\/posts\/26537\/revisions"}],"wp:featuredmedia":[{"embeddable":true,"href":"https:\/\/arantv.az\/index.php?rest_route=\/wp\/v2\/media\/26538"}],"wp:attachment":[{"href":"https:\/\/arantv.az\/index.php?rest_route=%2Fwp%2Fv2%2Fmedia&parent=26537"}],"wp:term":[{"taxonomy":"category","embeddable":true,"href":"https:\/\/arantv.az\/index.php?rest_route=%2Fwp%2Fv2%2Fcategories&post=26537"},{"taxonomy":"post_tag","embeddable":true,"href":"https:\/\/arantv.az\/index.php?rest_route=%2Fwp%2Fv2%2Ftags&post=26537"}],"curies":[{"name":"wp","href":"https:\/\/api.w.org\/{rel}","templated":true}]}}