{"id":26549,"date":"2018-12-07T08:58:07","date_gmt":"2018-12-07T05:58:07","guid":{"rendered":"http:\/\/arantv.az\/?p=26549"},"modified":"2018-12-07T08:58:07","modified_gmt":"2018-12-07T05:58:07","slug":"at%c9%99t-m%c9%99kaninda-movcud-munaqis%c9%99l%c9%99r-sulh%c9%99-v%c9%99-t%c9%99hluk%c9%99sizliy%c9%99-%c9%99n-ciddi-t%c9%99hdid-olaraq-qalir","status":"publish","type":"post","link":"https:\/\/arantv.az\/?p=26549","title":{"rendered":"&#8220;AT\u018fT m\u0259kan\u0131nda m\u00f6vcud m\u00fcnaqi\u015f\u0259l\u0259r s\u00fclh\u0259 v\u0259 t\u0259hl\u00fck\u0259sizliy\u0259 \u0259n ciddi t\u0259hdid olaraq qal\u0131r&#8221;"},"content":{"rendered":"<p><strong>ARANTV.AZ<\/strong> x\u0259b\u0259r verir ki, AT\u018fT m\u0259kan\u0131nda m\u00f6vcud m\u00fcnaqi\u015f\u0259l\u0259r s\u00fclh\u0259 v\u0259 t\u0259hl\u00fck\u0259sizliy\u0259 \u0259n ciddi t\u0259hdid olaraq qal\u0131r. Az\u0259rbaycan\u0131n prinsipial m\u00f6vqeyi beyn\u0259lxalq h\u00fcququn norma v\u0259 prinsipl\u0259rin\u0259, x\u00fcsusil\u0259 d\u0259, d\u00f6vl\u0259tl\u0259rin beyn\u0259lxalq tan\u0131nm\u0131\u015f s\u0259rh\u0259dl\u0259ri \u00e7\u0259r\u00e7iv\u0259sind\u0259 suverenliyi v\u0259 \u0259razi b\u00fct\u00f6vl\u00fcy\u00fcn\u0259 h\u00f6rm\u0259t edilm\u0259sin\u0259 \u0259saslan\u0131r. Bu bar\u0259d\u0259 AT\u018fT Nazirl\u0259r \u015euras\u0131n\u0131n 25-ci sessiyas\u0131nda bildirilib.<\/p>\n<p>Vyanada ke\u00e7irilmi\u015f Nazirl\u0259r \u015euras\u0131n\u0131n sonuncu sessiyas\u0131ndan indiy\u0259d\u0259k Erm\u0259nistan-Az\u0259rbaycan m\u00fcnaqi\u015f\u0259sinin h\u0259lli istiqam\u0259tind\u0259 he\u00e7 bir konkret ir\u0259lil\u0259yi\u015f olmay\u0131b. \u018ffsuslar olsun ki, g\u00fccd\u0259n istifad\u0259 etm\u0259kl\u0259 \u0259razil\u0259rin ilhaq\u0131n\u0131n yolverilm\u0259zliyi, beyn\u0259lxalq h\u00fcququn ciddi pozulmas\u0131 il\u0259 n\u0259tic\u0259l\u0259nmi\u015f v\u0259ziyy\u0259tin tan\u0131nmamas\u0131 \u00f6hd\u0259liyi v\u0259 bu v\u0259ziyy\u0259tin saxlan\u0131lmas\u0131na k\u00f6m\u0259klik v\u0259 ya yard\u0131m g\u00f6st\u0259rilm\u0259sind\u0259n \u00e7\u0259kinm\u0259k kimi fundamental prinsipl\u0259r vasit\u0259\u00e7i \u00f6lk\u0259l\u0259r t\u0259r\u0259find\u0259n selektiv t\u0259tbiq olunur. Bu s\u00f6zl\u0259ri Az\u0259rbaycan\u0131n xarici i\u015fl\u0259r naziri Elmar M\u0259mm\u0259dyarov AT\u018fT-in Nazirl\u0259r \u015euras\u0131n\u0131n 25-ci sessiyas\u0131nda \u00e7\u0131x\u0131\u015f\u0131 zaman\u0131 bildirib. O qeyd edib ki, dan\u0131\u015f\u0131qlar format\u0131n\u0131n sual alt\u0131na al\u0131nmas\u0131 il\u0259 ba\u011fl\u0131 Erm\u0259nistan\u0131n davaml\u0131 c\u0259hdl\u0259ri m\u00fc\u015fahid\u0259 edilir. 1949-cu il tarixli Cenevr\u0259 konvensiyalar\u0131 v\u0259 onlar\u0131n \u018flav\u0259 protokollar\u0131n\u0131 kobudcas\u0131na pozan Erm\u0259nistan Az\u0259rbaycan\u0131n i\u015f\u011fal olunmu\u015f \u0259razil\u0259rind\u0259 qeyri-qanuni m\u0259skunla\u015fma v\u0259 dig\u0259r f\u0259aliyy\u0259tl\u0259rini davam etdirm\u0259kd\u0259dir. \u0130\u015f\u011fal olunmu\u015f \u0259razil\u0259rd\u0259 qeyri-qanuni h\u0259rbi v\u0259 m\u00fclki infrastrukturun yarad\u0131lmas\u0131 da daxil olmaqla Erm\u0259nistan t\u0259r\u0259finin qanunsuz f\u0259aliyy\u0259ti onun i\u015f\u011fal\u0131 m\u00f6hk\u0259ml\u0259ndirm\u0259k v\u0259 ba\u015f vermi\u015f faktla \u00fcz-\u00fcz\u0259 qoymaq m\u0259qs\u0259di da\u015f\u0131yan niyy\u0259tini v\u0259 sistemli siyas\u0259tini n\u00fcmayi\u015f etdirir. Bu add\u0131mlar, x\u00fcsusil\u0259 d\u0259 Erm\u0259nistan\u0131n imtina etm\u0259si s\u0259b\u0259bind\u0259n Az\u0259rbaycan\u0131n i\u015f\u011fal olunmu\u015f \u0259razil\u0259rin\u0259 fakt ara\u015fd\u0131r\u0131c\u0131 qiym\u0259tl\u0259ndirm\u0259 missiyas\u0131n\u0131n g\u00f6nd\u0259rilm\u0259sind\u0259 u\u011fursuzluq, s\u00fclh prosesind\u0259 etimada x\u0259l\u0259l g\u0259tirir. AT\u018fT-\u0259 \u00fczv d\u00f6vl\u0259tl\u0259rin \u0259razil\u0259rinin Az\u0259rbaycan\u0131n suverenliyin\u0259 v\u0259 \u0259razi b\u00fct\u00f6vl\u00fcy\u00fcn\u0259 qar\u015f\u0131 olan bu qanunsuz f\u0259aliyy\u0259tl\u0259r \u00fc\u00e7\u00fcn istifad\u0259 olunmas\u0131 tamamil\u0259 q\u0259buledilm\u0259zdir. Bu, m\u00fcvafiq mandatlara, AT\u018fT-in \u0259sas prinsipl\u0259rin\u0259, \u00f6hd\u0259likl\u0259rin\u0259 v\u0259 q\u0259rarlar\u0131na ziddir.<\/p>\n<p>Dekabr\u0131n 5-d\u0259 AT\u018fT-in Minsk qrupunun h\u0259ms\u0259drl\u0259ri v\u0259 Erm\u0259nistan xarici i\u015fl\u0259r naziri il\u0259 \u00e7ox m\u00fch\u00fcm v\u0259 faydal\u0131 m\u0259sl\u0259h\u0259tl\u0259\u015fm\u0259l\u0259rin ke\u00e7irildiyini qeyd ed\u0259n nazir deyib ki, il \u0259rzind\u0259 ilk d\u0259f\u0259dir AT\u018fT-in Minsk qrupunun h\u0259ms\u0259drl\u0259ri, Erm\u0259nistan v\u0259 Az\u0259rbaycan xarici i\u015fl\u0259r nazirl\u0259ri t\u0259r\u0259find\u0259n birg\u0259 b\u0259yanat\u0131 raz\u0131la\u015fd\u0131rma\u011fa nail olundu. \u018fn vacib m\u0259qamlardan biri \u0259lb\u0259tt\u0259 ki, intensiv v\u0259 n\u0259tic\u0259y\u0259 y\u00f6n\u0259lik, o c\u00fcml\u0259d\u0259n y\u00fcks\u0259k s\u0259viyy\u0259d\u0259 dan\u0131\u015f\u0131qlar\u0131n apar\u0131lmas\u0131d\u0131r. \u201cErm\u0259nistanda se\u00e7kil\u0259r yekunla\u015fd\u0131qdan v\u0259 yeni h\u00f6kum\u0259t formala\u015fd\u0131qdan sonra biz g\u0259l\u0259n il ciddi ir\u0259lil\u0259yi\u015f \u0259ld\u0259 etm\u0259li v\u0259 b\u00f6lg\u0259y\u0259 s\u00fclh, sabitlik v\u0259 t\u0259r\u0259qqinin g\u0259tirilm\u0259si imkan\u0131n\u0131 yaratmal\u0131y\u0131q\u201d.<\/p>\n","protected":false},"excerpt":{"rendered":"<p>ARANTV.AZ x\u0259b\u0259r verir ki, AT\u018fT m\u0259kan\u0131nda m\u00f6vcud m\u00fcnaqi\u015f\u0259l\u0259r s\u00fclh\u0259 v\u0259 t\u0259hl\u00fck\u0259sizliy\u0259 \u0259n ciddi t\u0259hdid olaraq qal\u0131r. Az\u0259rbaycan\u0131n prinsipial m\u00f6vqeyi beyn\u0259lxalq h\u00fcququn norma v\u0259 prinsipl\u0259rin\u0259, x\u00fcsusil\u0259 d\u0259, d\u00f6vl\u0259tl\u0259rin beyn\u0259lxalq tan\u0131nm\u0131\u015f s\u0259rh\u0259dl\u0259ri \u00e7\u0259r\u00e7iv\u0259sind\u0259 suverenliyi v\u0259 \u0259razi b\u00fct\u00f6vl\u00fcy\u00fcn\u0259 h\u00f6rm\u0259t edilm\u0259sin\u0259 \u0259saslan\u0131r. Bu bar\u0259d\u0259 AT\u018fT Nazirl\u0259r \u015euras\u0131n\u0131n 25-ci sessiyas\u0131nda bildirilib. Vyanada ke\u00e7irilmi\u015f Nazirl\u0259r \u015euras\u0131n\u0131n sonuncu sessiyas\u0131ndan indiy\u0259d\u0259k Erm\u0259nistan-Az\u0259rbaycan m\u00fcnaqi\u015f\u0259sinin h\u0259lli istiqam\u0259tind\u0259 he\u00e7 bir konkret ir\u0259lil\u0259yi\u015f olmay\u0131b. \u018ffsuslar olsun ki, g\u00fccd\u0259n istifad\u0259 etm\u0259kl\u0259 \u0259razil\u0259rin ilhaq\u0131n\u0131n yolverilm\u0259zliyi, beyn\u0259lxalq h\u00fcququn ciddi pozulmas\u0131 il\u0259 n\u0259tic\u0259l\u0259nmi\u015f v\u0259ziyy\u0259tin tan\u0131nmamas\u0131 \u00f6hd\u0259liyi v\u0259 bu v\u0259ziyy\u0259tin saxlan\u0131lmas\u0131na k\u00f6m\u0259klik v\u0259 ya yard\u0131m g\u00f6st\u0259rilm\u0259sind\u0259n \u00e7\u0259kinm\u0259k&hellip;<\/p>\n","protected":false},"author":2,"featured_media":26550,"comment_status":"closed","ping_status":"closed","sticky":false,"template":"","format":"standard","meta":{"om_disable_all_campaigns":false,"_monsterinsights_skip_tracking":false,"_monsterinsights_sitenote_active":false,"_monsterinsights_sitenote_note":"","_monsterinsights_sitenote_category":0},"categories":[4],"tags":[],"aioseo_notices":[],"gutentor_comment":0,"rttpg_featured_image_url":{"full":["https:\/\/arantv.az\/wp-content\/uploads\/2018\/12\/qursqgccrn4b3jhk4h8jn2dpn7atet.jpg",892,669,false],"landscape":["https:\/\/arantv.az\/wp-content\/uploads\/2018\/12\/qursqgccrn4b3jhk4h8jn2dpn7atet.jpg",892,669,false],"portraits":["https:\/\/arantv.az\/wp-content\/uploads\/2018\/12\/qursqgccrn4b3jhk4h8jn2dpn7atet.jpg",892,669,false],"thumbnail":["https:\/\/arantv.az\/wp-content\/uploads\/2018\/12\/qursqgccrn4b3jhk4h8jn2dpn7atet-150x150.jpg",150,150,true],"medium":["https:\/\/arantv.az\/wp-content\/uploads\/2018\/12\/qursqgccrn4b3jhk4h8jn2dpn7atet-300x225.jpg",300,225,true],"large":["https:\/\/arantv.az\/wp-content\/uploads\/2018\/12\/qursqgccrn4b3jhk4h8jn2dpn7atet.jpg",640,480,false],"1536x1536":["https:\/\/arantv.az\/wp-content\/uploads\/2018\/12\/qursqgccrn4b3jhk4h8jn2dpn7atet.jpg",892,669,false],"2048x2048":["https:\/\/arantv.az\/wp-content\/uploads\/2018\/12\/qursqgccrn4b3jhk4h8jn2dpn7atet.jpg",892,669,false],"post-thumbnail":["https:\/\/arantv.az\/wp-content\/uploads\/2018\/12\/qursqgccrn4b3jhk4h8jn2dpn7atet-240x172.jpg",240,172,true],"advps-thumb-one":["https:\/\/arantv.az\/wp-content\/uploads\/2018\/12\/qursqgccrn4b3jhk4h8jn2dpn7atet-892x620.jpg",892,620,true]},"rttpg_author":{"display_name":"V\u00fcsal Rafiqo\u011flu","author_link":"https:\/\/arantv.az\/?author=2"},"rttpg_comment":0,"rttpg_category":"<a href=\"https:\/\/arantv.az\/?cat=4\" rel=\"category\">Siyas\u0259t<\/a>","rttpg_excerpt":"ARANTV.AZ x\u0259b\u0259r verir ki, AT\u018fT m\u0259kan\u0131nda m\u00f6vcud m\u00fcnaqi\u015f\u0259l\u0259r s\u00fclh\u0259 v\u0259 t\u0259hl\u00fck\u0259sizliy\u0259 \u0259n ciddi t\u0259hdid olaraq qal\u0131r. Az\u0259rbaycan\u0131n prinsipial m\u00f6vqeyi beyn\u0259lxalq h\u00fcququn norma v\u0259 prinsipl\u0259rin\u0259, x\u00fcsusil\u0259 d\u0259, d\u00f6vl\u0259tl\u0259rin beyn\u0259lxalq tan\u0131nm\u0131\u015f s\u0259rh\u0259dl\u0259ri \u00e7\u0259r\u00e7iv\u0259sind\u0259 suverenliyi v\u0259 \u0259razi b\u00fct\u00f6vl\u00fcy\u00fcn\u0259 h\u00f6rm\u0259t edilm\u0259sin\u0259 \u0259saslan\u0131r. Bu bar\u0259d\u0259 AT\u018fT Nazirl\u0259r \u015euras\u0131n\u0131n 25-ci sessiyas\u0131nda bildirilib. Vyanada ke\u00e7irilmi\u015f Nazirl\u0259r \u015euras\u0131n\u0131n sonuncu sessiyas\u0131ndan indiy\u0259d\u0259k Erm\u0259nistan-Az\u0259rbaycan m\u00fcnaqi\u015f\u0259sinin&hellip;","_links":{"self":[{"href":"https:\/\/arantv.az\/index.php?rest_route=\/wp\/v2\/posts\/26549"}],"collection":[{"href":"https:\/\/arantv.az\/index.php?rest_route=\/wp\/v2\/posts"}],"about":[{"href":"https:\/\/arantv.az\/index.php?rest_route=\/wp\/v2\/types\/post"}],"author":[{"embeddable":true,"href":"https:\/\/arantv.az\/index.php?rest_route=\/wp\/v2\/users\/2"}],"replies":[{"embeddable":true,"href":"https:\/\/arantv.az\/index.php?rest_route=%2Fwp%2Fv2%2Fcomments&post=26549"}],"version-history":[{"count":0,"href":"https:\/\/arantv.az\/index.php?rest_route=\/wp\/v2\/posts\/26549\/revisions"}],"wp:featuredmedia":[{"embeddable":true,"href":"https:\/\/arantv.az\/index.php?rest_route=\/wp\/v2\/media\/26550"}],"wp:attachment":[{"href":"https:\/\/arantv.az\/index.php?rest_route=%2Fwp%2Fv2%2Fmedia&parent=26549"}],"wp:term":[{"taxonomy":"category","embeddable":true,"href":"https:\/\/arantv.az\/index.php?rest_route=%2Fwp%2Fv2%2Fcategories&post=26549"},{"taxonomy":"post_tag","embeddable":true,"href":"https:\/\/arantv.az\/index.php?rest_route=%2Fwp%2Fv2%2Ftags&post=26549"}],"curies":[{"name":"wp","href":"https:\/\/api.w.org\/{rel}","templated":true}]}}