{"id":26553,"date":"2018-12-07T08:58:58","date_gmt":"2018-12-07T05:58:58","guid":{"rendered":"http:\/\/arantv.az\/?p=26553"},"modified":"2018-12-07T08:58:58","modified_gmt":"2018-12-07T05:58:58","slug":"az%c9%99rbaycan-prezidenti-ilham-%c9%99liyevin-rusiyaya-isguzar-s%c9%99f%c9%99ri","status":"publish","type":"post","link":"https:\/\/arantv.az\/?p=26553","title":{"rendered":"Az\u0259rbaycan Prezidenti \u0130lham \u018fliyevin Rusiyaya i\u015fg\u00fczar s\u0259f\u0259ri"},"content":{"rendered":"<p><strong>ARANTV.AZ<\/strong> x\u0259b\u0259r verir ki, dekabr\u0131n 6-da Az\u0259rbaycan Respublikas\u0131n\u0131n Prezidenti \u0130lham \u018fliyev Rusiya Federasiyas\u0131n\u0131n Prezidenti Vladimir Putinin d\u0259v\u0259ti il\u0259 MDB d\u00f6vl\u0259t ba\u015f\u00e7\u0131lar\u0131n\u0131n qeyri-r\u0259smi zirv\u0259 g\u00f6r\u00fc\u015f\u00fcnd\u0259 i\u015ftirak etm\u0259k \u00fc\u00e7\u00fcn Rusiyaya i\u015fg\u00fczar s\u0259f\u0259r\u0259 g\u0259lib.<\/p>\n<p>D\u00f6vl\u0259timizin ba\u015f\u00e7\u0131s\u0131n\u0131 Sankt-Peterburq \u015f\u0259h\u0259rind\u0259ki Pulkovo-1 hava liman\u0131nda \u015f\u0259h\u0259rin vitse-qubernatoru Nikolay Bondarenko, xarici \u0259laq\u0259l\u0259r komit\u0259sinin nazir statuslu s\u0259dri Yevgeni Qriqoryev v\u0259 dig\u0259r r\u0259smi \u015f\u0259xsl\u0259r qar\u015f\u0131lad\u0131lar.<\/p>\n<p>Prezident \u0130lham \u018fliyev MDB d\u00f6vl\u0259t ba\u015f\u00e7\u0131lar\u0131n\u0131n qeyri-r\u0259smi zirv\u0259 g\u00f6r\u00fc\u015f\u00fcnd\u0259 i\u015ftirak etm\u0259k \u00fc\u00e7\u00fcn Prezident Kitabxanas\u0131na g\u0259ldi.<\/p>\n<p>Rusiya Federasiyas\u0131n\u0131n Prezidenti Vladimir Putin Az\u0259rbaycan Respublikas\u0131n\u0131n Prezidenti \u0130lham \u018fliyevi qar\u015f\u0131lad\u0131.<\/p>\n<p>Az\u0259rbaycan v\u0259 Rusiya prezidentl\u0259ri birg\u0259 foto \u00e7\u0259kdirdil\u0259r.<\/p>\n<p>Sonra MDB d\u00f6vl\u0259t ba\u015f\u00e7\u0131lar\u0131 birg\u0259 foto \u00e7\u0259kdirdil\u0259r.<\/p>\n<p>Daha sonra MDB d\u00f6vl\u0259t ba\u015f\u00e7\u0131lar\u0131n\u0131n qeyri-r\u0259smi zirv\u0259 g\u00f6r\u00fc\u015f\u00fc ke\u00e7irildi.<\/p>\n<p>G\u00f6r\u00fc\u015fd\u0259n sonra MDB d\u00f6vl\u0259t ba\u015f\u00e7\u0131lar\u0131n\u0131n qeyri-r\u0259smi nahar\u0131 oldu.<\/p>\n<p>D\u00f6vl\u0259t ba\u015f\u00e7\u0131lar\u0131 Sankt-Peterburq D\u00f6vl\u0259t Akademik Mariinski Teatr\u0131nda Pyotr \u00c7aykovskinin \u201c\u015eelkun\u00e7ik\u201d baletin\u0259 baxd\u0131lar.<\/p>\n","protected":false},"excerpt":{"rendered":"<p>ARANTV.AZ x\u0259b\u0259r verir ki, dekabr\u0131n 6-da Az\u0259rbaycan Respublikas\u0131n\u0131n Prezidenti \u0130lham \u018fliyev Rusiya Federasiyas\u0131n\u0131n Prezidenti Vladimir Putinin d\u0259v\u0259ti il\u0259 MDB d\u00f6vl\u0259t ba\u015f\u00e7\u0131lar\u0131n\u0131n qeyri-r\u0259smi zirv\u0259 g\u00f6r\u00fc\u015f\u00fcnd\u0259 i\u015ftirak etm\u0259k \u00fc\u00e7\u00fcn Rusiyaya i\u015fg\u00fczar s\u0259f\u0259r\u0259 g\u0259lib. D\u00f6vl\u0259timizin ba\u015f\u00e7\u0131s\u0131n\u0131 Sankt-Peterburq \u015f\u0259h\u0259rind\u0259ki Pulkovo-1 hava liman\u0131nda \u015f\u0259h\u0259rin vitse-qubernatoru Nikolay Bondarenko, xarici \u0259laq\u0259l\u0259r komit\u0259sinin nazir statuslu s\u0259dri Yevgeni Qriqoryev v\u0259 dig\u0259r r\u0259smi \u015f\u0259xsl\u0259r qar\u015f\u0131lad\u0131lar. Prezident \u0130lham \u018fliyev MDB d\u00f6vl\u0259t ba\u015f\u00e7\u0131lar\u0131n\u0131n qeyri-r\u0259smi zirv\u0259 g\u00f6r\u00fc\u015f\u00fcnd\u0259 i\u015ftirak etm\u0259k \u00fc\u00e7\u00fcn Prezident Kitabxanas\u0131na g\u0259ldi. Rusiya Federasiyas\u0131n\u0131n Prezidenti Vladimir Putin Az\u0259rbaycan Respublikas\u0131n\u0131n Prezidenti \u0130lham \u018fliyevi qar\u015f\u0131lad\u0131. Az\u0259rbaycan v\u0259 Rusiya prezidentl\u0259ri birg\u0259 foto \u00e7\u0259kdirdil\u0259r. Sonra MDB&hellip;<\/p>\n","protected":false},"author":2,"featured_media":26554,"comment_status":"closed","ping_status":"closed","sticky":false,"template":"","format":"standard","meta":{"om_disable_all_campaigns":false,"_monsterinsights_skip_tracking":false,"_monsterinsights_sitenote_active":false,"_monsterinsights_sitenote_note":"","_monsterinsights_sitenote_category":0},"categories":[8],"tags":[],"aioseo_notices":[],"gutentor_comment":0,"rttpg_featured_image_url":{"full":["https:\/\/arantv.az\/wp-content\/uploads\/2018\/12\/qursqgccrn4b3jhk4h8jn2dpn7put.jpg",951,669,false],"landscape":["https:\/\/arantv.az\/wp-content\/uploads\/2018\/12\/qursqgccrn4b3jhk4h8jn2dpn7put.jpg",951,669,false],"portraits":["https:\/\/arantv.az\/wp-content\/uploads\/2018\/12\/qursqgccrn4b3jhk4h8jn2dpn7put.jpg",951,669,false],"thumbnail":["https:\/\/arantv.az\/wp-content\/uploads\/2018\/12\/qursqgccrn4b3jhk4h8jn2dpn7put-150x150.jpg",150,150,true],"medium":["https:\/\/arantv.az\/wp-content\/uploads\/2018\/12\/qursqgccrn4b3jhk4h8jn2dpn7put-300x211.jpg",300,211,true],"large":["https:\/\/arantv.az\/wp-content\/uploads\/2018\/12\/qursqgccrn4b3jhk4h8jn2dpn7put.jpg",640,450,false],"1536x1536":["https:\/\/arantv.az\/wp-content\/uploads\/2018\/12\/qursqgccrn4b3jhk4h8jn2dpn7put.jpg",951,669,false],"2048x2048":["https:\/\/arantv.az\/wp-content\/uploads\/2018\/12\/qursqgccrn4b3jhk4h8jn2dpn7put.jpg",951,669,false],"post-thumbnail":["https:\/\/arantv.az\/wp-content\/uploads\/2018\/12\/qursqgccrn4b3jhk4h8jn2dpn7put-240x172.jpg",240,172,true],"advps-thumb-one":["https:\/\/arantv.az\/wp-content\/uploads\/2018\/12\/qursqgccrn4b3jhk4h8jn2dpn7put-951x620.jpg",951,620,true]},"rttpg_author":{"display_name":"V\u00fcsal Rafiqo\u011flu","author_link":"https:\/\/arantv.az\/?author=2"},"rttpg_comment":0,"rttpg_category":"<a href=\"https:\/\/arantv.az\/?cat=8\" rel=\"category\">\u018fsas s\u0259hif\u0259<\/a>","rttpg_excerpt":"ARANTV.AZ x\u0259b\u0259r verir ki, dekabr\u0131n 6-da Az\u0259rbaycan Respublikas\u0131n\u0131n Prezidenti \u0130lham \u018fliyev Rusiya Federasiyas\u0131n\u0131n Prezidenti Vladimir Putinin d\u0259v\u0259ti il\u0259 MDB d\u00f6vl\u0259t ba\u015f\u00e7\u0131lar\u0131n\u0131n qeyri-r\u0259smi zirv\u0259 g\u00f6r\u00fc\u015f\u00fcnd\u0259 i\u015ftirak etm\u0259k \u00fc\u00e7\u00fcn Rusiyaya i\u015fg\u00fczar s\u0259f\u0259r\u0259 g\u0259lib. D\u00f6vl\u0259timizin ba\u015f\u00e7\u0131s\u0131n\u0131 Sankt-Peterburq \u015f\u0259h\u0259rind\u0259ki Pulkovo-1 hava liman\u0131nda \u015f\u0259h\u0259rin vitse-qubernatoru Nikolay Bondarenko, xarici \u0259laq\u0259l\u0259r komit\u0259sinin nazir statuslu s\u0259dri Yevgeni Qriqoryev v\u0259 dig\u0259r r\u0259smi \u015f\u0259xsl\u0259r qar\u015f\u0131lad\u0131lar.&hellip;","_links":{"self":[{"href":"https:\/\/arantv.az\/index.php?rest_route=\/wp\/v2\/posts\/26553"}],"collection":[{"href":"https:\/\/arantv.az\/index.php?rest_route=\/wp\/v2\/posts"}],"about":[{"href":"https:\/\/arantv.az\/index.php?rest_route=\/wp\/v2\/types\/post"}],"author":[{"embeddable":true,"href":"https:\/\/arantv.az\/index.php?rest_route=\/wp\/v2\/users\/2"}],"replies":[{"embeddable":true,"href":"https:\/\/arantv.az\/index.php?rest_route=%2Fwp%2Fv2%2Fcomments&post=26553"}],"version-history":[{"count":0,"href":"https:\/\/arantv.az\/index.php?rest_route=\/wp\/v2\/posts\/26553\/revisions"}],"wp:featuredmedia":[{"embeddable":true,"href":"https:\/\/arantv.az\/index.php?rest_route=\/wp\/v2\/media\/26554"}],"wp:attachment":[{"href":"https:\/\/arantv.az\/index.php?rest_route=%2Fwp%2Fv2%2Fmedia&parent=26553"}],"wp:term":[{"taxonomy":"category","embeddable":true,"href":"https:\/\/arantv.az\/index.php?rest_route=%2Fwp%2Fv2%2Fcategories&post=26553"},{"taxonomy":"post_tag","embeddable":true,"href":"https:\/\/arantv.az\/index.php?rest_route=%2Fwp%2Fv2%2Ftags&post=26553"}],"curies":[{"name":"wp","href":"https:\/\/api.w.org\/{rel}","templated":true}]}}