{"id":26571,"date":"2018-12-07T09:24:49","date_gmt":"2018-12-07T06:24:49","guid":{"rendered":"http:\/\/arantv.az\/?p=26571"},"modified":"2018-12-07T09:24:49","modified_gmt":"2018-12-07T06:24:49","slug":"ramil-quliyev-ilin-kisi-atleti-mukafatina-sahib-oldu","status":"publish","type":"post","link":"https:\/\/arantv.az\/?p=26571","title":{"rendered":"Ramil Quliyev \u201c\u0130lin ki\u015fi atleti\u201d m\u00fckafat\u0131na sahib oldu"},"content":{"rendered":"<p>Balkan Atletizm Federasiyalar\u0131 Birliyi (ABAF) \u201c\u0130lin ki\u015fi atleti\u201d m\u00fckafat\u0131n\u0131 az\u0259rbaycanl\u0131 idman\u00e7\u0131\u00a0<strong>Ramil Quliyev<\/strong>\u0259 t\u0259qdim edib.<\/p>\n<p><b>ARANTV.AZ<\/b> oxu.az-a<b>\u00a0<\/b>istinad\u0259n x\u0259b\u0259r verir ki, bununla ba\u011fl\u0131 T\u00fcrkiy\u0259 Atletika Federasiyas\u0131 m\u0259lumat yay\u0131b.<\/p>\n<p>M\u00fckafat T\u00fcrkiy\u0259 bayra\u011f\u0131 alt\u0131nda \u00e7\u0131x\u0131\u015f ed\u0259n Ramil Quliyev\u0259 Yunan\u0131stan\u0131n paytaxt\u0131 Afinada ABAF s\u0259dri Dobromir Karamarinov v\u0259 k\u00f6m\u0259k\u00e7isi Fatih \u00c7intimar t\u0259r\u0259find\u0259n t\u0259qdim olunub.<\/p>\n<div id=\"AdributorNativeVideo0\" class=\"AdributorNativeVideo\"><\/div>\n<p>Bu il Almaniyan\u0131n paytaxt\u0131 Berlind\u0259 ke\u00e7iril\u0259n ki\u015fil\u0259r aras\u0131nda 200 metr m\u0259saf\u0259y\u0259 qa\u00e7\u0131\u015fda Quliyev 19.76 saniy\u0259 il\u0259 T\u00fcrkiy\u0259 rekordunu yenil\u0259m\u0259kl\u0259 yana\u015f\u0131, \u00e7empionluq rekordunu da q\u0131rm\u0131\u015fd\u0131.<\/p>\n","protected":false},"excerpt":{"rendered":"<p>Balkan Atletizm Federasiyalar\u0131 Birliyi (ABAF) \u201c\u0130lin ki\u015fi atleti\u201d m\u00fckafat\u0131n\u0131 az\u0259rbaycanl\u0131 idman\u00e7\u0131\u00a0Ramil Quliyev\u0259 t\u0259qdim edib. ARANTV.AZ oxu.az-a\u00a0istinad\u0259n x\u0259b\u0259r verir ki, bununla ba\u011fl\u0131 T\u00fcrkiy\u0259 Atletika Federasiyas\u0131 m\u0259lumat yay\u0131b. M\u00fckafat T\u00fcrkiy\u0259 bayra\u011f\u0131 alt\u0131nda \u00e7\u0131x\u0131\u015f ed\u0259n Ramil Quliyev\u0259 Yunan\u0131stan\u0131n paytaxt\u0131 Afinada ABAF s\u0259dri Dobromir Karamarinov v\u0259 k\u00f6m\u0259k\u00e7isi Fatih \u00c7intimar t\u0259r\u0259find\u0259n t\u0259qdim olunub. Bu il Almaniyan\u0131n paytaxt\u0131 Berlind\u0259 ke\u00e7iril\u0259n ki\u015fil\u0259r aras\u0131nda 200 metr m\u0259saf\u0259y\u0259 qa\u00e7\u0131\u015fda Quliyev 19.76 saniy\u0259 il\u0259 T\u00fcrkiy\u0259 rekordunu yenil\u0259m\u0259kl\u0259 yana\u015f\u0131, \u00e7empionluq rekordunu da q\u0131rm\u0131\u015fd\u0131.<\/p>\n","protected":false},"author":2,"featured_media":26572,"comment_status":"closed","ping_status":"closed","sticky":false,"template":"","format":"standard","meta":{"om_disable_all_campaigns":false,"_monsterinsights_skip_tracking":false,"_monsterinsights_sitenote_active":false,"_monsterinsights_sitenote_note":"","_monsterinsights_sitenote_category":0},"categories":[6],"tags":[],"aioseo_notices":[],"gutentor_comment":0,"rttpg_featured_image_url":{"full":["https:\/\/arantv.az\/wp-content\/uploads\/2018\/12\/Ramil.jpg",620,326,false],"landscape":["https:\/\/arantv.az\/wp-content\/uploads\/2018\/12\/Ramil.jpg",620,326,false],"portraits":["https:\/\/arantv.az\/wp-content\/uploads\/2018\/12\/Ramil.jpg",620,326,false],"thumbnail":["https:\/\/arantv.az\/wp-content\/uploads\/2018\/12\/Ramil-150x150.jpg",150,150,true],"medium":["https:\/\/arantv.az\/wp-content\/uploads\/2018\/12\/Ramil-300x158.jpg",300,158,true],"large":["https:\/\/arantv.az\/wp-content\/uploads\/2018\/12\/Ramil.jpg",620,326,false],"1536x1536":["https:\/\/arantv.az\/wp-content\/uploads\/2018\/12\/Ramil.jpg",620,326,false],"2048x2048":["https:\/\/arantv.az\/wp-content\/uploads\/2018\/12\/Ramil.jpg",620,326,false],"post-thumbnail":["https:\/\/arantv.az\/wp-content\/uploads\/2018\/12\/Ramil-240x172.jpg",240,172,true],"advps-thumb-one":["https:\/\/arantv.az\/wp-content\/uploads\/2018\/12\/Ramil.jpg",620,326,false]},"rttpg_author":{"display_name":"V\u00fcsal Rafiqo\u011flu","author_link":"https:\/\/arantv.az\/?author=2"},"rttpg_comment":0,"rttpg_category":"<a href=\"https:\/\/arantv.az\/?cat=6\" rel=\"category\">\u0130dman<\/a>","rttpg_excerpt":"Balkan Atletizm Federasiyalar\u0131 Birliyi (ABAF) \u201c\u0130lin ki\u015fi atleti\u201d m\u00fckafat\u0131n\u0131 az\u0259rbaycanl\u0131 idman\u00e7\u0131\u00a0Ramil Quliyev\u0259 t\u0259qdim edib. ARANTV.AZ oxu.az-a\u00a0istinad\u0259n x\u0259b\u0259r verir ki, bununla ba\u011fl\u0131 T\u00fcrkiy\u0259 Atletika Federasiyas\u0131 m\u0259lumat yay\u0131b. M\u00fckafat T\u00fcrkiy\u0259 bayra\u011f\u0131 alt\u0131nda \u00e7\u0131x\u0131\u015f ed\u0259n Ramil Quliyev\u0259 Yunan\u0131stan\u0131n paytaxt\u0131 Afinada ABAF s\u0259dri Dobromir Karamarinov v\u0259 k\u00f6m\u0259k\u00e7isi Fatih \u00c7intimar t\u0259r\u0259find\u0259n t\u0259qdim olunub. Bu il Almaniyan\u0131n paytaxt\u0131 Berlind\u0259 ke\u00e7iril\u0259n ki\u015fil\u0259r&hellip;","_links":{"self":[{"href":"https:\/\/arantv.az\/index.php?rest_route=\/wp\/v2\/posts\/26571"}],"collection":[{"href":"https:\/\/arantv.az\/index.php?rest_route=\/wp\/v2\/posts"}],"about":[{"href":"https:\/\/arantv.az\/index.php?rest_route=\/wp\/v2\/types\/post"}],"author":[{"embeddable":true,"href":"https:\/\/arantv.az\/index.php?rest_route=\/wp\/v2\/users\/2"}],"replies":[{"embeddable":true,"href":"https:\/\/arantv.az\/index.php?rest_route=%2Fwp%2Fv2%2Fcomments&post=26571"}],"version-history":[{"count":0,"href":"https:\/\/arantv.az\/index.php?rest_route=\/wp\/v2\/posts\/26571\/revisions"}],"wp:featuredmedia":[{"embeddable":true,"href":"https:\/\/arantv.az\/index.php?rest_route=\/wp\/v2\/media\/26572"}],"wp:attachment":[{"href":"https:\/\/arantv.az\/index.php?rest_route=%2Fwp%2Fv2%2Fmedia&parent=26571"}],"wp:term":[{"taxonomy":"category","embeddable":true,"href":"https:\/\/arantv.az\/index.php?rest_route=%2Fwp%2Fv2%2Fcategories&post=26571"},{"taxonomy":"post_tag","embeddable":true,"href":"https:\/\/arantv.az\/index.php?rest_route=%2Fwp%2Fv2%2Ftags&post=26571"}],"curies":[{"name":"wp","href":"https:\/\/api.w.org\/{rel}","templated":true}]}}