{"id":26595,"date":"2018-12-07T09:48:07","date_gmt":"2018-12-07T06:48:07","guid":{"rendered":"http:\/\/arantv.az\/?p=26595"},"modified":"2018-12-07T09:48:07","modified_gmt":"2018-12-07T06:48:07","slug":"aparici-zaura-yuks%c9%99k-v%c9%99zif%c9%99-verildi","status":"publish","type":"post","link":"https:\/\/arantv.az\/?p=26595","title":{"rendered":"Apar\u0131c\u0131 Zaura y\u00fcks\u0259k V\u018fZ\u0130F\u018f VER\u0130LD\u0130"},"content":{"rendered":"<p><strong>X\u0259z\u0259r TV-nin m\u0259\u015fhur ulduzu Zaur Kamal &#8220;X\u0259z\u0259r FM&#8221; v\u0259 &#8220;100.5 FM&#8221; radionun direktoru t\u0259yin edilib.<\/strong><\/p>\n<p><b>ARANTV.AZ\u00a0<\/b>x\u0259b\u0259r verir ki, bu bar\u0259d\u0259 &#8220;X\u0259z\u0259r FM&#8221; v\u0259 &#8220;100.5 FM&#8221; radionun \u0259vv\u0259lki direktoru S\u0259xav\u0259t Nur sosial \u015f\u0259b\u0259k\u0259d\u0259 m\u0259lumat verib. Bir m\u00fcdd\u0259t \u0259vv\u0259l &#8220;X\u0259z\u0259r&#8221; telekanal\u0131nda radio direktoru t\u0259yin edil\u0259n S\u0259xav\u0259t Nur \u00f6lk\u0259ni yenid\u0259n t\u0259rk etm\u0259y\u0259 q\u0259rar verib. Uzun ill\u0259rdir Amerikada ya\u015fayan apar\u0131c\u0131 Bak\u0131da \u00e7ox qala bilm\u0259yib.<\/p>\n<p>S\u0259xav\u0259t Nur h\u0259mkar\u0131 Zaur Kamal\u0131 &#8220;X\u0259z\u0259r&#8221; telekanal\u0131na radio direktoru t\u0259yin edilm\u0259si m\u00fcnasib\u0259til\u0259 t\u0259brik edib:<\/p>\n<p>&#8220;Radiolar\u0131n yeni r\u0259hb\u0259ri Zaur Kamal, t\u0259brik edir\u0259m. \u0130ll\u0259r \u0259vv\u0259l birg\u0259 i\u015f\u0259 ba\u015flad\u0131\u011f\u0131m\u0131z radio yax\u015f\u0131 \u0259ll\u0259rd\u0259dir. Buna sevinir\u0259m. Uzaqda olsam da, \u00fcr\u0259yim yan\u0131n\u0131zdad\u0131r&#8221;.<\/p>\n<p><img loading=\"lazy\" class=\"alignnone size-medium wp-image-26597\" src=\"https:\/\/arantv.az\/wp-content\/uploads\/2018\/12\/zaur_kamal-300x203.jpg\" alt=\"\" width=\"300\" height=\"203\" \/><\/p>\n<p><img loading=\"lazy\" class=\"alignnone size-medium wp-image-26598\" src=\"https:\/\/arantv.az\/wp-content\/uploads\/2018\/12\/167065_fmt8k6cw67-300x205.jpg\" alt=\"\" width=\"300\" height=\"205\" \/><\/p>\n<p>publika.az<\/p>\n","protected":false},"excerpt":{"rendered":"<p>X\u0259z\u0259r TV-nin m\u0259\u015fhur ulduzu Zaur Kamal &#8220;X\u0259z\u0259r FM&#8221; v\u0259 &#8220;100.5 FM&#8221; radionun direktoru t\u0259yin edilib. ARANTV.AZ\u00a0x\u0259b\u0259r verir ki, bu bar\u0259d\u0259 &#8220;X\u0259z\u0259r FM&#8221; v\u0259 &#8220;100.5 FM&#8221; radionun \u0259vv\u0259lki direktoru S\u0259xav\u0259t Nur sosial \u015f\u0259b\u0259k\u0259d\u0259 m\u0259lumat verib. Bir m\u00fcdd\u0259t \u0259vv\u0259l &#8220;X\u0259z\u0259r&#8221; telekanal\u0131nda radio direktoru t\u0259yin edil\u0259n S\u0259xav\u0259t Nur \u00f6lk\u0259ni yenid\u0259n t\u0259rk etm\u0259y\u0259 q\u0259rar verib. Uzun ill\u0259rdir Amerikada ya\u015fayan apar\u0131c\u0131 Bak\u0131da \u00e7ox qala bilm\u0259yib. S\u0259xav\u0259t Nur h\u0259mkar\u0131 Zaur Kamal\u0131 &#8220;X\u0259z\u0259r&#8221; telekanal\u0131na radio direktoru t\u0259yin edilm\u0259si m\u00fcnasib\u0259til\u0259 t\u0259brik edib: &#8220;Radiolar\u0131n yeni r\u0259hb\u0259ri Zaur Kamal, t\u0259brik edir\u0259m. \u0130ll\u0259r \u0259vv\u0259l birg\u0259 i\u015f\u0259 ba\u015flad\u0131\u011f\u0131m\u0131z radio yax\u015f\u0131 \u0259ll\u0259rd\u0259dir. Buna&hellip;<\/p>\n","protected":false},"author":2,"featured_media":26596,"comment_status":"closed","ping_status":"closed","sticky":false,"template":"","format":"standard","meta":{"om_disable_all_campaigns":false,"_monsterinsights_skip_tracking":false,"_monsterinsights_sitenote_active":false,"_monsterinsights_sitenote_note":"","_monsterinsights_sitenote_category":0},"categories":[20],"tags":[],"aioseo_notices":[],"gutentor_comment":0,"rttpg_featured_image_url":{"full":["https:\/\/arantv.az\/wp-content\/uploads\/2018\/12\/telekanal1.jpg",800,450,false],"landscape":["https:\/\/arantv.az\/wp-content\/uploads\/2018\/12\/telekanal1.jpg",800,450,false],"portraits":["https:\/\/arantv.az\/wp-content\/uploads\/2018\/12\/telekanal1.jpg",800,450,false],"thumbnail":["https:\/\/arantv.az\/wp-content\/uploads\/2018\/12\/telekanal1-150x150.jpg",150,150,true],"medium":["https:\/\/arantv.az\/wp-content\/uploads\/2018\/12\/telekanal1-300x169.jpg",300,169,true],"large":["https:\/\/arantv.az\/wp-content\/uploads\/2018\/12\/telekanal1.jpg",640,360,false],"1536x1536":["https:\/\/arantv.az\/wp-content\/uploads\/2018\/12\/telekanal1.jpg",800,450,false],"2048x2048":["https:\/\/arantv.az\/wp-content\/uploads\/2018\/12\/telekanal1.jpg",800,450,false],"post-thumbnail":["https:\/\/arantv.az\/wp-content\/uploads\/2018\/12\/telekanal1-240x172.jpg",240,172,true],"advps-thumb-one":["https:\/\/arantv.az\/wp-content\/uploads\/2018\/12\/telekanal1.jpg",800,450,false]},"rttpg_author":{"display_name":"V\u00fcsal Rafiqo\u011flu","author_link":"https:\/\/arantv.az\/?author=2"},"rttpg_comment":0,"rttpg_category":"<a href=\"https:\/\/arantv.az\/?cat=20\" rel=\"category\">\u015eou biznes<\/a>","rttpg_excerpt":"X\u0259z\u0259r TV-nin m\u0259\u015fhur ulduzu Zaur Kamal &#8220;X\u0259z\u0259r FM&#8221; v\u0259 &#8220;100.5 FM&#8221; radionun direktoru t\u0259yin edilib. ARANTV.AZ\u00a0x\u0259b\u0259r verir ki, bu bar\u0259d\u0259 &#8220;X\u0259z\u0259r FM&#8221; v\u0259 &#8220;100.5 FM&#8221; radionun \u0259vv\u0259lki direktoru S\u0259xav\u0259t Nur sosial \u015f\u0259b\u0259k\u0259d\u0259 m\u0259lumat verib. Bir m\u00fcdd\u0259t \u0259vv\u0259l &#8220;X\u0259z\u0259r&#8221; telekanal\u0131nda radio direktoru t\u0259yin edil\u0259n S\u0259xav\u0259t Nur \u00f6lk\u0259ni yenid\u0259n t\u0259rk etm\u0259y\u0259 q\u0259rar verib. Uzun ill\u0259rdir Amerikada ya\u015fayan&hellip;","_links":{"self":[{"href":"https:\/\/arantv.az\/index.php?rest_route=\/wp\/v2\/posts\/26595"}],"collection":[{"href":"https:\/\/arantv.az\/index.php?rest_route=\/wp\/v2\/posts"}],"about":[{"href":"https:\/\/arantv.az\/index.php?rest_route=\/wp\/v2\/types\/post"}],"author":[{"embeddable":true,"href":"https:\/\/arantv.az\/index.php?rest_route=\/wp\/v2\/users\/2"}],"replies":[{"embeddable":true,"href":"https:\/\/arantv.az\/index.php?rest_route=%2Fwp%2Fv2%2Fcomments&post=26595"}],"version-history":[{"count":0,"href":"https:\/\/arantv.az\/index.php?rest_route=\/wp\/v2\/posts\/26595\/revisions"}],"wp:featuredmedia":[{"embeddable":true,"href":"https:\/\/arantv.az\/index.php?rest_route=\/wp\/v2\/media\/26596"}],"wp:attachment":[{"href":"https:\/\/arantv.az\/index.php?rest_route=%2Fwp%2Fv2%2Fmedia&parent=26595"}],"wp:term":[{"taxonomy":"category","embeddable":true,"href":"https:\/\/arantv.az\/index.php?rest_route=%2Fwp%2Fv2%2Fcategories&post=26595"},{"taxonomy":"post_tag","embeddable":true,"href":"https:\/\/arantv.az\/index.php?rest_route=%2Fwp%2Fv2%2Ftags&post=26595"}],"curies":[{"name":"wp","href":"https:\/\/api.w.org\/{rel}","templated":true}]}}