{"id":26613,"date":"2018-12-07T13:39:43","date_gmt":"2018-12-07T10:39:43","guid":{"rendered":"http:\/\/arantv.az\/?p=26613"},"modified":"2018-12-07T13:39:43","modified_gmt":"2018-12-07T10:39:43","slug":"c%c9%99bh%c9%99-x%c9%99ttin%c9%99-yaxin-k%c9%99ndimizd%c9%99-s%c9%99hidl%c9%99rimiz%c9%99-xatir%c9%99-abid%c9%99si-ucaldildi","status":"publish","type":"post","link":"https:\/\/arantv.az\/?p=26613","title":{"rendered":"C\u0259bh\u0259 x\u0259ttin\u0259 yax\u0131n k\u0259ndimizd\u0259 \u015f\u0259hidl\u0259rimiz\u0259 xatir\u0259 abid\u0259si ucald\u0131ld\u0131"},"content":{"rendered":"<p>K\u0259ndin 27 \u015f\u0259hidind\u0259n 12 h\u0259rbi qulluq\u00e7usunun \u015f\u0259kili abid\u0259nin \u00fcz\u0259rind\u0259 \u0259ks olunub.<\/p>\n<p><strong>ARANTV.AZ<\/strong> x\u0259b\u0259r verir ki, T\u0259rt\u0259r rayonunun Qapanl\u0131 k\u0259ndind\u0259 \u015f\u0259hid abid\u0259sinin a\u00e7\u0131l\u0131\u015f\u0131 olub. A\u00e7\u0131l\u0131\u015f m\u0259rasimind\u0259 T\u0259rt\u0259r Rayon \u0130cra Hakimiyy\u0259tinin r\u0259hb\u0259rliyi, Qaraba\u011f \u0259lil v\u0259 qazil\u0259ri , k\u0259nd camaat\u0131 \u00a0i\u015ftirak edibl\u0259r.<\/p>\n<p>K\u0259nd sakini Zaur H\u0259t\u0259mov bildirib ki, abid\u0259 F\u00fczuli istiqam\u0259tind\u0259 ged\u0259n d\u00f6y\u00fc\u015fl\u0259rd\u0259 \u015f\u0259hid olmu\u015f Z\u00fclf\u00fcqar Qas\u0131movun \u00a0qarda\u015f\u0131, Qaraba\u011f m\u00fcharib\u0259sinin i\u015ftirak\u00e7\u0131s\u0131, ikinci qrup Qaraba\u011f \u0259lili\u00a0 Etibar Qas\u0131movun \u015f\u0259xsi v\u0259saiti hesab\u0131na in\u015fa edilib.\u201dEtibar \u00f6z\u00fcd\u0259 d\u00f6y\u00fc\u015fl\u0259rd\u0259 i\u015ftirak edib.\u0130ki d\u0259f\u0259 a\u011f\u0131r yaralan\u0131b.El\u0259 imkanl\u0131 adamda deyil. \u00c7\u0259tinlikl\u0259 d\u0259 olsa v\u0259saiti ondan olmaqla, bizim d\u0259 usta, ya f\u0259hl\u0259 kimi i\u015fl\u0259m\u0259yimizl\u0259 xatir\u0259 abid\u0259sini ba\u015fa g\u0259tirdik. Etibar Qas\u0131movun \u00f6z\u00fc ist\u0259m\u0259di ki, ona hardansa d\u0259st\u0259k olsun.K\u0259ndimizd\u0259n bir \u00e7ox imkanl\u0131 \u015f\u0259xsl\u0259r var idi ki, yard\u0131mlar\u0131n\u0131 t\u0259klif etdil\u0259r. Ancaq O, he\u00e7 birin\u0259 raz\u0131 olmad\u0131. 2500-3000 pul v\u0259saiti t\u0259l\u0259b olunurdusa, ham\u0131s\u0131n\u0131 \u00f6z\u00fc el\u0259di.\u201d<\/p>\n<p>Zaur H\u0259t\u0259movun\u00a0 bildirdiyin\u0259 g\u00f6r\u0259 m\u00fcharib\u0259 ba\u015flayandan Qapanl\u0131 k\u0259ndinin 27 \u015f\u0259hidi olub. Onlardan 12-si h\u0259rbi qulluq\u00e7u, qalanlar\u0131 is\u0259 dinc sakinl\u0259rdir.<\/p>\n<p>Qapanl\u0131 k\u0259ndinin h\u0259rb\u00e7i \u015f\u0259hidl\u0259ri, Z\u00fclf\u00fcqar Qas\u0131mov, Vidadi M\u0259mm\u0259dov,Mehman Qarayev,\u018fli H\u0259s\u0259nov,Firuz \u018fzimov,Mehman C\u00fcm\u015f\u00fcdov,K\u0259rim Allahverdiyev, Q\u00fcdr\u0259t A\u011famal\u0131yev,Qurban Quliyev, F\u0259qan H\u0259midovun\u00a0 qara m\u0259rm\u0259r\u0259 h\u0259kk olunmu\u015f \u015f\u0259kill\u0259ri xatir\u0259 abid\u0259sind\u0259 \u0259ksini tap\u0131b.<\/p>\n<p>Qapanl\u0131 \u015f\u0259hidl\u0259rinin xatir\u0259sin\u0259 ehtiram \u0259lam\u0259ti olaraq r\u0259smi hakimiyy\u0259t t\u0259msil\u00e7il\u0259ri, h\u0259rb\u00e7il\u0259r, ke\u00e7mi\u015f d\u00f6y\u00fc\u015f\u00e7\u00fcl\u0259r,k\u0259nd ziyal\u0131lar\u0131 \u00e7\u0131x\u0131\u015f ed\u0259r\u0259k, v\u0259t\u0259n u\u011frunda can\u0131ndan ke\u00e7\u0259nl\u0259rin h\u00fcn\u0259r v\u0259 \u015f\u00fcca\u0259tl\u0259rini y\u00fcks\u0259k qiym\u0259tl\u0259ndiribl\u0259r.<\/p>\n<p>T\u0259dbird\u0259 xeyli sayda h\u0259rb\u00e7i say\u011f\u0131 duru\u015funda dayan\u0131b, dig\u0259r i\u015ftirak\u00e7\u0131lar is\u0259 xatir\u0259 abid\u0259sinin \u00f6n\u00fcn\u0259 g\u00fcl d\u0259st\u0259l\u0259ri qoyublar.<\/p>\n<p>Onu da qeyd ed\u0259k ki, \u015f\u0259hidl\u0259r\u0259 ucald\u0131lan abid\u0259 il\u0259 erm\u0259ni h\u0259rb\u00e7il\u0259rinin m\u00f6vqel\u0259ri aras\u0131ndak\u0131 m\u0259saf\u0259 1 km m\u0259saf\u0259 t\u0259\u015fkil edir. Bu da h\u0259mi\u015f\u0259ki kimi qapanl\u0131lar\u0131n y\u00fcks\u0259k \u0259hval-ruhiyy\u0259d\u0259 oldu\u011funu g\u00f6st\u0259rir.<\/p>\n<p>Musa Muradl\u0131<\/p>\n<p><img loading=\"lazy\" class=\"alignnone size-medium wp-image-26614\" src=\"https:\/\/arantv.az\/wp-content\/uploads\/2018\/12\/47576806_552412531898466_1841423672896651264_n-300x200.jpg\" alt=\"\" width=\"300\" height=\"200\" \/><\/p>\n<p><img loading=\"lazy\" class=\"alignnone size-medium wp-image-26615\" src=\"https:\/\/arantv.az\/wp-content\/uploads\/2018\/12\/47576808_264365827581142_1717076436872855552_n-300x200.jpg\" alt=\"\" width=\"300\" height=\"200\" \/><\/p>\n<p><img loading=\"lazy\" class=\"alignnone size-medium wp-image-26616\" src=\"https:\/\/arantv.az\/wp-content\/uploads\/2018\/12\/47684494_2341329329435983_7813084967906312192_n-300x200.jpg\" alt=\"\" width=\"300\" height=\"200\" \/><\/p>\n<p><img loading=\"lazy\" class=\"alignnone size-medium wp-image-26617\" src=\"https:\/\/arantv.az\/wp-content\/uploads\/2018\/12\/47299266_296577517649640_5106321394564595712_n-300x169.jpg\" alt=\"\" width=\"300\" height=\"169\" \/><\/p>\n<p><img loading=\"lazy\" class=\"alignnone size-medium wp-image-26618\" src=\"https:\/\/arantv.az\/wp-content\/uploads\/2018\/12\/47681546_1837717946327537_9088368437213790208_n-165x300.jpg\" alt=\"\" width=\"165\" height=\"300\" \/><\/p>\n","protected":false},"excerpt":{"rendered":"<p>K\u0259ndin 27 \u015f\u0259hidind\u0259n 12 h\u0259rbi qulluq\u00e7usunun \u015f\u0259kili abid\u0259nin \u00fcz\u0259rind\u0259 \u0259ks olunub. ARANTV.AZ x\u0259b\u0259r verir ki, T\u0259rt\u0259r rayonunun Qapanl\u0131 k\u0259ndind\u0259 \u015f\u0259hid abid\u0259sinin a\u00e7\u0131l\u0131\u015f\u0131 olub. A\u00e7\u0131l\u0131\u015f m\u0259rasimind\u0259 T\u0259rt\u0259r Rayon \u0130cra Hakimiyy\u0259tinin r\u0259hb\u0259rliyi, Qaraba\u011f \u0259lil v\u0259 qazil\u0259ri , k\u0259nd camaat\u0131 \u00a0i\u015ftirak edibl\u0259r. K\u0259nd sakini Zaur H\u0259t\u0259mov bildirib ki, abid\u0259 F\u00fczuli istiqam\u0259tind\u0259 ged\u0259n d\u00f6y\u00fc\u015fl\u0259rd\u0259 \u015f\u0259hid olmu\u015f Z\u00fclf\u00fcqar Qas\u0131movun \u00a0qarda\u015f\u0131, Qaraba\u011f m\u00fcharib\u0259sinin i\u015ftirak\u00e7\u0131s\u0131, ikinci qrup Qaraba\u011f \u0259lili\u00a0 Etibar Qas\u0131movun \u015f\u0259xsi v\u0259saiti hesab\u0131na in\u015fa edilib.\u201dEtibar \u00f6z\u00fcd\u0259 d\u00f6y\u00fc\u015fl\u0259rd\u0259 i\u015ftirak edib.\u0130ki d\u0259f\u0259 a\u011f\u0131r yaralan\u0131b.El\u0259 imkanl\u0131 adamda deyil. \u00c7\u0259tinlikl\u0259 d\u0259 olsa v\u0259saiti ondan olmaqla, bizim d\u0259 usta, ya f\u0259hl\u0259&hellip;<\/p>\n","protected":false},"author":2,"featured_media":26614,"comment_status":"closed","ping_status":"closed","sticky":false,"template":"","format":"standard","meta":{"om_disable_all_campaigns":false,"_monsterinsights_skip_tracking":false,"_monsterinsights_sitenote_active":false,"_monsterinsights_sitenote_note":"","_monsterinsights_sitenote_category":0},"categories":[2],"tags":[],"aioseo_notices":[],"gutentor_comment":0,"rttpg_featured_image_url":{"full":["https:\/\/arantv.az\/wp-content\/uploads\/2018\/12\/47576806_552412531898466_1841423672896651264_n.jpg",960,640,false],"landscape":["https:\/\/arantv.az\/wp-content\/uploads\/2018\/12\/47576806_552412531898466_1841423672896651264_n.jpg",960,640,false],"portraits":["https:\/\/arantv.az\/wp-content\/uploads\/2018\/12\/47576806_552412531898466_1841423672896651264_n.jpg",960,640,false],"thumbnail":["https:\/\/arantv.az\/wp-content\/uploads\/2018\/12\/47576806_552412531898466_1841423672896651264_n-150x150.jpg",150,150,true],"medium":["https:\/\/arantv.az\/wp-content\/uploads\/2018\/12\/47576806_552412531898466_1841423672896651264_n-300x200.jpg",300,200,true],"large":["https:\/\/arantv.az\/wp-content\/uploads\/2018\/12\/47576806_552412531898466_1841423672896651264_n.jpg",640,427,false],"1536x1536":["https:\/\/arantv.az\/wp-content\/uploads\/2018\/12\/47576806_552412531898466_1841423672896651264_n.jpg",960,640,false],"2048x2048":["https:\/\/arantv.az\/wp-content\/uploads\/2018\/12\/47576806_552412531898466_1841423672896651264_n.jpg",960,640,false],"post-thumbnail":["https:\/\/arantv.az\/wp-content\/uploads\/2018\/12\/47576806_552412531898466_1841423672896651264_n-240x172.jpg",240,172,true],"advps-thumb-one":["https:\/\/arantv.az\/wp-content\/uploads\/2018\/12\/47576806_552412531898466_1841423672896651264_n-960x620.jpg",960,620,true]},"rttpg_author":{"display_name":"V\u00fcsal Rafiqo\u011flu","author_link":"https:\/\/arantv.az\/?author=2"},"rttpg_comment":0,"rttpg_category":"<a href=\"https:\/\/arantv.az\/?cat=2\" rel=\"category\">Region X\u0259b\u0259rl\u0259ri<\/a>","rttpg_excerpt":"K\u0259ndin 27 \u015f\u0259hidind\u0259n 12 h\u0259rbi qulluq\u00e7usunun \u015f\u0259kili abid\u0259nin \u00fcz\u0259rind\u0259 \u0259ks olunub. ARANTV.AZ x\u0259b\u0259r verir ki, T\u0259rt\u0259r rayonunun Qapanl\u0131 k\u0259ndind\u0259 \u015f\u0259hid abid\u0259sinin a\u00e7\u0131l\u0131\u015f\u0131 olub. A\u00e7\u0131l\u0131\u015f m\u0259rasimind\u0259 T\u0259rt\u0259r Rayon \u0130cra Hakimiyy\u0259tinin r\u0259hb\u0259rliyi, Qaraba\u011f \u0259lil v\u0259 qazil\u0259ri , k\u0259nd camaat\u0131 \u00a0i\u015ftirak edibl\u0259r. K\u0259nd sakini Zaur H\u0259t\u0259mov bildirib ki, abid\u0259 F\u00fczuli istiqam\u0259tind\u0259 ged\u0259n d\u00f6y\u00fc\u015fl\u0259rd\u0259 \u015f\u0259hid olmu\u015f Z\u00fclf\u00fcqar Qas\u0131movun \u00a0qarda\u015f\u0131,&hellip;","_links":{"self":[{"href":"https:\/\/arantv.az\/index.php?rest_route=\/wp\/v2\/posts\/26613"}],"collection":[{"href":"https:\/\/arantv.az\/index.php?rest_route=\/wp\/v2\/posts"}],"about":[{"href":"https:\/\/arantv.az\/index.php?rest_route=\/wp\/v2\/types\/post"}],"author":[{"embeddable":true,"href":"https:\/\/arantv.az\/index.php?rest_route=\/wp\/v2\/users\/2"}],"replies":[{"embeddable":true,"href":"https:\/\/arantv.az\/index.php?rest_route=%2Fwp%2Fv2%2Fcomments&post=26613"}],"version-history":[{"count":0,"href":"https:\/\/arantv.az\/index.php?rest_route=\/wp\/v2\/posts\/26613\/revisions"}],"wp:featuredmedia":[{"embeddable":true,"href":"https:\/\/arantv.az\/index.php?rest_route=\/wp\/v2\/media\/26614"}],"wp:attachment":[{"href":"https:\/\/arantv.az\/index.php?rest_route=%2Fwp%2Fv2%2Fmedia&parent=26613"}],"wp:term":[{"taxonomy":"category","embeddable":true,"href":"https:\/\/arantv.az\/index.php?rest_route=%2Fwp%2Fv2%2Fcategories&post=26613"},{"taxonomy":"post_tag","embeddable":true,"href":"https:\/\/arantv.az\/index.php?rest_route=%2Fwp%2Fv2%2Ftags&post=26613"}],"curies":[{"name":"wp","href":"https:\/\/api.w.org\/{rel}","templated":true}]}}