{"id":26624,"date":"2018-12-07T13:49:12","date_gmt":"2018-12-07T10:49:12","guid":{"rendered":"http:\/\/arantv.az\/?p=26624"},"modified":"2018-12-07T13:49:12","modified_gmt":"2018-12-07T10:49:12","slug":"m%c9%99shur-s%c9%99yah%c9%99t-proqrami-az%c9%99rbaycanda-video","status":"publish","type":"post","link":"https:\/\/arantv.az\/?p=26624","title":{"rendered":"M\u0259\u015fhur s\u0259yah\u0259t proqram\u0131 Az\u0259rbaycanda &#8211; V\u0130DEO"},"content":{"rendered":"<p>T\u00fcrkiy\u0259nin \u201cKanal 7\u201d televiziya kanal\u0131 il\u0259 yay\u0131mlanan m\u0259\u015fhur \u201cD\u00fcnyay\u0131 geziyorum\u201d verili\u015fi bu d\u0259f\u0259 Az\u0259rbaycan\u0131 el-el, oba-oba dola\u015f\u0131b.<\/p>\n<p><strong>ARANTV.AZ<\/strong>-\u0131n m\u0259lumat\u0131na g\u00f6r\u0259,<strong>\u00a0\u00d6zlem Tunca<\/strong>n\u0131n t\u0259qdimat\u0131nda yay\u0131mlanan proqram bundan \u00f6nc\u0259 Bak\u0131n\u0131n f\u00fcsunkar g\u00f6z\u0259lliyind\u0259n b\u0259hs ed\u0259n proqram t\u0259qdim etmi\u015fdi.<\/p>\n<p>Yarad\u0131c\u0131 hey\u0259t Az\u0259rbaycan bar\u0259sind\u0259 daha bir burax\u0131l\u0131\u015f haz\u0131rlama\u011fa q\u0259rar verib v\u0259 bu d\u0259f\u0259 regionlar\u0131m\u0131z\u0131 g\u0259zib. Verili\u015f bazar g\u00fcn\u00fc efir\u0259 \u00e7\u0131xacaq.<\/p>\n<div id=\"AdributorNativeVideo0\" class=\"AdributorNativeVideo\"><\/div>\n<div>\n<div><iframe loading=\"lazy\" src=\"https:\/\/player.baku.tv\/embed\/5489\" width=\"560\" height=\"315\" frameborder=\"0\" allowfullscreen=\"allowfullscreen\" data-mce-fragment=\"1\"><\/iframe><\/div>\n<\/div>\n<div><b>oxu.az<\/b><\/div>\n","protected":false},"excerpt":{"rendered":"<p>T\u00fcrkiy\u0259nin \u201cKanal 7\u201d televiziya kanal\u0131 il\u0259 yay\u0131mlanan m\u0259\u015fhur \u201cD\u00fcnyay\u0131 geziyorum\u201d verili\u015fi bu d\u0259f\u0259 Az\u0259rbaycan\u0131 el-el, oba-oba dola\u015f\u0131b. ARANTV.AZ-\u0131n m\u0259lumat\u0131na g\u00f6r\u0259,\u00a0\u00d6zlem Tuncan\u0131n t\u0259qdimat\u0131nda yay\u0131mlanan proqram bundan \u00f6nc\u0259 Bak\u0131n\u0131n f\u00fcsunkar g\u00f6z\u0259lliyind\u0259n b\u0259hs ed\u0259n proqram t\u0259qdim etmi\u015fdi. Yarad\u0131c\u0131 hey\u0259t Az\u0259rbaycan bar\u0259sind\u0259 daha bir burax\u0131l\u0131\u015f haz\u0131rlama\u011fa q\u0259rar verib v\u0259 bu d\u0259f\u0259 regionlar\u0131m\u0131z\u0131 g\u0259zib. Verili\u015f bazar g\u00fcn\u00fc efir\u0259 \u00e7\u0131xacaq. oxu.az<\/p>\n","protected":false},"author":2,"featured_media":26625,"comment_status":"closed","ping_status":"closed","sticky":false,"template":"","format":"standard","meta":{"om_disable_all_campaigns":false,"_monsterinsights_skip_tracking":false,"_monsterinsights_sitenote_active":false,"_monsterinsights_sitenote_note":"","_monsterinsights_sitenote_category":0},"categories":[1],"tags":[],"aioseo_notices":[],"gutentor_comment":0,"rttpg_featured_image_url":{"full":["https:\/\/arantv.az\/wp-content\/uploads\/2018\/12\/ozlem-tunca_414751.jpg",620,350,false],"landscape":["https:\/\/arantv.az\/wp-content\/uploads\/2018\/12\/ozlem-tunca_414751.jpg",620,350,false],"portraits":["https:\/\/arantv.az\/wp-content\/uploads\/2018\/12\/ozlem-tunca_414751.jpg",620,350,false],"thumbnail":["https:\/\/arantv.az\/wp-content\/uploads\/2018\/12\/ozlem-tunca_414751-150x150.jpg",150,150,true],"medium":["https:\/\/arantv.az\/wp-content\/uploads\/2018\/12\/ozlem-tunca_414751-300x169.jpg",300,169,true],"large":["https:\/\/arantv.az\/wp-content\/uploads\/2018\/12\/ozlem-tunca_414751.jpg",620,350,false],"1536x1536":["https:\/\/arantv.az\/wp-content\/uploads\/2018\/12\/ozlem-tunca_414751.jpg",620,350,false],"2048x2048":["https:\/\/arantv.az\/wp-content\/uploads\/2018\/12\/ozlem-tunca_414751.jpg",620,350,false],"post-thumbnail":["https:\/\/arantv.az\/wp-content\/uploads\/2018\/12\/ozlem-tunca_414751-240x172.jpg",240,172,true],"advps-thumb-one":["https:\/\/arantv.az\/wp-content\/uploads\/2018\/12\/ozlem-tunca_414751.jpg",620,350,false]},"rttpg_author":{"display_name":"V\u00fcsal Rafiqo\u011flu","author_link":"https:\/\/arantv.az\/?author=2"},"rttpg_comment":0,"rttpg_category":"<a href=\"https:\/\/arantv.az\/?cat=1\" rel=\"category\">C\u0259miyy\u0259t<\/a>","rttpg_excerpt":"T\u00fcrkiy\u0259nin \u201cKanal 7\u201d televiziya kanal\u0131 il\u0259 yay\u0131mlanan m\u0259\u015fhur \u201cD\u00fcnyay\u0131 geziyorum\u201d verili\u015fi bu d\u0259f\u0259 Az\u0259rbaycan\u0131 el-el, oba-oba dola\u015f\u0131b. ARANTV.AZ-\u0131n m\u0259lumat\u0131na g\u00f6r\u0259,\u00a0\u00d6zlem Tuncan\u0131n t\u0259qdimat\u0131nda yay\u0131mlanan proqram bundan \u00f6nc\u0259 Bak\u0131n\u0131n f\u00fcsunkar g\u00f6z\u0259lliyind\u0259n b\u0259hs ed\u0259n proqram t\u0259qdim etmi\u015fdi. Yarad\u0131c\u0131 hey\u0259t Az\u0259rbaycan bar\u0259sind\u0259 daha bir burax\u0131l\u0131\u015f haz\u0131rlama\u011fa q\u0259rar verib v\u0259 bu d\u0259f\u0259 regionlar\u0131m\u0131z\u0131 g\u0259zib. Verili\u015f bazar g\u00fcn\u00fc efir\u0259 \u00e7\u0131xacaq. oxu.az","_links":{"self":[{"href":"https:\/\/arantv.az\/index.php?rest_route=\/wp\/v2\/posts\/26624"}],"collection":[{"href":"https:\/\/arantv.az\/index.php?rest_route=\/wp\/v2\/posts"}],"about":[{"href":"https:\/\/arantv.az\/index.php?rest_route=\/wp\/v2\/types\/post"}],"author":[{"embeddable":true,"href":"https:\/\/arantv.az\/index.php?rest_route=\/wp\/v2\/users\/2"}],"replies":[{"embeddable":true,"href":"https:\/\/arantv.az\/index.php?rest_route=%2Fwp%2Fv2%2Fcomments&post=26624"}],"version-history":[{"count":0,"href":"https:\/\/arantv.az\/index.php?rest_route=\/wp\/v2\/posts\/26624\/revisions"}],"wp:featuredmedia":[{"embeddable":true,"href":"https:\/\/arantv.az\/index.php?rest_route=\/wp\/v2\/media\/26625"}],"wp:attachment":[{"href":"https:\/\/arantv.az\/index.php?rest_route=%2Fwp%2Fv2%2Fmedia&parent=26624"}],"wp:term":[{"taxonomy":"category","embeddable":true,"href":"https:\/\/arantv.az\/index.php?rest_route=%2Fwp%2Fv2%2Fcategories&post=26624"},{"taxonomy":"post_tag","embeddable":true,"href":"https:\/\/arantv.az\/index.php?rest_route=%2Fwp%2Fv2%2Ftags&post=26624"}],"curies":[{"name":"wp","href":"https:\/\/api.w.org\/{rel}","templated":true}]}}