{"id":266262,"date":"2021-01-06T12:02:08","date_gmt":"2021-01-06T09:02:08","guid":{"rendered":"http:\/\/arantv.az\/?p=266262"},"modified":"2021-01-06T12:02:08","modified_gmt":"2021-01-06T09:02:08","slug":"s%c9%99hid-anasi-m%c9%99nim-balam-q%c9%99hr%c9%99mandir-video","status":"publish","type":"post","link":"https:\/\/arantv.az\/?p=266262","title":{"rendered":"\u015e\u0259hid anas\u0131: \u201cM\u0259nim balam q\u0259hr\u0259mand\u0131r\u201d &#8211; V\u0130DEO"},"content":{"rendered":"<article class=\"news\">\n<div class=\"news-inner\">\n<p>V\u0259t\u0259n \u00fc\u00e7\u00fcn can\u0131n\u0131 f\u0259da ed\u0259n igidl\u0259rimizd\u0259n biri d\u0259 \u0130sa M\u0259h\u0259rr\u0259movdur.<\/p>\n<p>O, \u0259sg\u0259rlikd\u0259 olark\u0259n n\u00fcmun\u0259vi xidm\u0259tin\u0259 g\u00f6r\u0259 d\u0259f\u0259rl\u0259 valideynl\u0259rin\u0259 \u201cT\u0259\u015f\u0259kk\u00fcrnam\u0259\u201d g\u00f6nd\u0259rilib.<\/p>\n<div id=\"AdviadNativeVideo0\" class=\"AdviadNativeVideo\"><\/div>\n<p>\u015e\u0259hidimizin anas\u0131 K\u0259mal\u0259 M\u0259h\u0259rr\u0259mova deyir ki, \u0130sa h\u0259rbiy\u0259 meyilli olub:<\/p>\n<p>\u201cM\u0259nim balam q\u0259hr\u0259mand\u0131r\u201d.<\/p>\n<p>Daha \u0259trafl\u0131 AZTV-nin videoreportaj\u0131nda:<\/p>\n<div><iframe loading=\"lazy\" src=\"https:\/\/player.baku.tv\/embed\/31459\" width=\"560\" height=\"315\" frameborder=\"0\" allowfullscreen=\"allowfullscreen\" data-mce-fragment=\"1\"><\/iframe><\/div>\n<\/div>\n<\/article>\n<h2 class=\"news-share-title\"><\/h2>\n","protected":false},"excerpt":{"rendered":"<p>V\u0259t\u0259n \u00fc\u00e7\u00fcn can\u0131n\u0131 f\u0259da ed\u0259n igidl\u0259rimizd\u0259n biri d\u0259 \u0130sa M\u0259h\u0259rr\u0259movdur. O, \u0259sg\u0259rlikd\u0259 olark\u0259n n\u00fcmun\u0259vi xidm\u0259tin\u0259 g\u00f6r\u0259 d\u0259f\u0259rl\u0259 valideynl\u0259rin\u0259 \u201cT\u0259\u015f\u0259kk\u00fcrnam\u0259\u201d g\u00f6nd\u0259rilib. \u015e\u0259hidimizin anas\u0131 K\u0259mal\u0259 M\u0259h\u0259rr\u0259mova deyir ki, \u0130sa h\u0259rbiy\u0259 meyilli olub: \u201cM\u0259nim balam q\u0259hr\u0259mand\u0131r\u201d. Daha \u0259trafl\u0131 AZTV-nin videoreportaj\u0131nda:<\/p>\n","protected":false},"author":2,"featured_media":266263,"comment_status":"closed","ping_status":"closed","sticky":false,"template":"","format":"standard","meta":{"om_disable_all_campaigns":false,"_monsterinsights_skip_tracking":false,"_monsterinsights_sitenote_active":false,"_monsterinsights_sitenote_note":"","_monsterinsights_sitenote_category":0},"categories":[26],"tags":[],"aioseo_notices":[],"gutentor_comment":0,"rttpg_featured_image_url":{"full":["https:\/\/arantv.az\/wp-content\/uploads\/2021\/01\/sehidimiz-\u00c4\u00b0sa.jpg",620,373,false],"landscape":["https:\/\/arantv.az\/wp-content\/uploads\/2021\/01\/sehidimiz-\u00c4\u00b0sa.jpg",620,373,false],"portraits":["https:\/\/arantv.az\/wp-content\/uploads\/2021\/01\/sehidimiz-\u00c4\u00b0sa.jpg",620,373,false],"thumbnail":["https:\/\/arantv.az\/wp-content\/uploads\/2021\/01\/sehidimiz-\u00c4\u00b0sa-150x150.jpg",150,150,true],"medium":["https:\/\/arantv.az\/wp-content\/uploads\/2021\/01\/sehidimiz-\u00c4\u00b0sa-300x180.jpg",300,180,true],"large":["https:\/\/arantv.az\/wp-content\/uploads\/2021\/01\/sehidimiz-\u00c4\u00b0sa.jpg",620,373,false],"1536x1536":["https:\/\/arantv.az\/wp-content\/uploads\/2021\/01\/sehidimiz-\u00c4\u00b0sa.jpg",620,373,false],"2048x2048":["https:\/\/arantv.az\/wp-content\/uploads\/2021\/01\/sehidimiz-\u00c4\u00b0sa.jpg",620,373,false],"post-thumbnail":["https:\/\/arantv.az\/wp-content\/uploads\/2021\/01\/sehidimiz-\u00c4\u00b0sa-240x172.jpg",240,172,true],"advps-thumb-one":["https:\/\/arantv.az\/wp-content\/uploads\/2021\/01\/sehidimiz-\u00c4\u00b0sa.jpg",620,373,false]},"rttpg_author":{"display_name":"V\u00fcsal Rafiqo\u011flu","author_link":"https:\/\/arantv.az\/?author=2"},"rttpg_comment":0,"rttpg_category":"<a href=\"https:\/\/arantv.az\/?cat=26\" rel=\"category\">Sosial<\/a>","rttpg_excerpt":"V\u0259t\u0259n \u00fc\u00e7\u00fcn can\u0131n\u0131 f\u0259da ed\u0259n igidl\u0259rimizd\u0259n biri d\u0259 \u0130sa M\u0259h\u0259rr\u0259movdur. O, \u0259sg\u0259rlikd\u0259 olark\u0259n n\u00fcmun\u0259vi xidm\u0259tin\u0259 g\u00f6r\u0259 d\u0259f\u0259rl\u0259 valideynl\u0259rin\u0259 \u201cT\u0259\u015f\u0259kk\u00fcrnam\u0259\u201d g\u00f6nd\u0259rilib. \u015e\u0259hidimizin anas\u0131 K\u0259mal\u0259 M\u0259h\u0259rr\u0259mova deyir ki, \u0130sa h\u0259rbiy\u0259 meyilli olub: \u201cM\u0259nim balam q\u0259hr\u0259mand\u0131r\u201d. Daha \u0259trafl\u0131 AZTV-nin videoreportaj\u0131nda:","_links":{"self":[{"href":"https:\/\/arantv.az\/index.php?rest_route=\/wp\/v2\/posts\/266262"}],"collection":[{"href":"https:\/\/arantv.az\/index.php?rest_route=\/wp\/v2\/posts"}],"about":[{"href":"https:\/\/arantv.az\/index.php?rest_route=\/wp\/v2\/types\/post"}],"author":[{"embeddable":true,"href":"https:\/\/arantv.az\/index.php?rest_route=\/wp\/v2\/users\/2"}],"replies":[{"embeddable":true,"href":"https:\/\/arantv.az\/index.php?rest_route=%2Fwp%2Fv2%2Fcomments&post=266262"}],"version-history":[{"count":0,"href":"https:\/\/arantv.az\/index.php?rest_route=\/wp\/v2\/posts\/266262\/revisions"}],"wp:featuredmedia":[{"embeddable":true,"href":"https:\/\/arantv.az\/index.php?rest_route=\/wp\/v2\/media\/266263"}],"wp:attachment":[{"href":"https:\/\/arantv.az\/index.php?rest_route=%2Fwp%2Fv2%2Fmedia&parent=266262"}],"wp:term":[{"taxonomy":"category","embeddable":true,"href":"https:\/\/arantv.az\/index.php?rest_route=%2Fwp%2Fv2%2Fcategories&post=266262"},{"taxonomy":"post_tag","embeddable":true,"href":"https:\/\/arantv.az\/index.php?rest_route=%2Fwp%2Fv2%2Ftags&post=266262"}],"curies":[{"name":"wp","href":"https:\/\/api.w.org\/{rel}","templated":true}]}}