{"id":26630,"date":"2018-12-07T13:53:28","date_gmt":"2018-12-07T10:53:28","guid":{"rendered":"http:\/\/arantv.az\/?p=26630"},"modified":"2018-12-07T13:53:28","modified_gmt":"2018-12-07T10:53:28","slug":"saxta-baba-atamdan-sonra-anami-da-itirdim-11-yasli-usaq-h%c9%99r-k%c9%99si-aglatdi","status":"publish","type":"post","link":"https:\/\/arantv.az\/?p=26630","title":{"rendered":"&#8220;\u015eaxta baba, atamdan sonra anam\u0131 da itirdim\u2026&#8221; &#8211; 11 ya\u015fl\u0131 u\u015faq h\u0259r k\u0259si a\u011flatd\u0131"},"content":{"rendered":"<p>11 ya\u015fl\u0131 Tufan\u0131n \u015eaxta Babaya m\u0259ktubu sosial \u015f\u0259b\u0259k\u0259l\u0259rd\u0259 maraqla qar\u015f\u0131lan\u0131b.<\/p>\n<p><strong>ARANTV.AZ<\/strong> x\u0259b\u0259r verir ki, Masall\u0131 rayonunun B\u0259dalan k\u0259nd sakini \u015faxta babaya yazd\u0131\u011f\u0131 m\u0259ktubda atas\u0131ndan sonra anas\u0131n\u0131 da itirdiyini v\u0259 bu s\u0259b\u0259bd\u0259n \u00e7ox k\u0259d\u0259rli oldu\u011funu bildirib.<\/p>\n<div id=\"AdributorNativeVideo0\" class=\"AdributorNativeVideo\"><\/div>\n<p>Davam\u0131nda yaz\u0131r:<\/p>\n<p>&#8220;\u00c7ox dar\u0131x\u0131ram. Bilir\u0259m s\u0259n g\u0259tir\u0259 bilm\u0259zs\u0259n onlar\u0131. Amma az da olsa, sevindir\u0259 bil\u0259rs\u0259n m\u0259ni. M\u0259n he\u00e7 n\u0259 yazm\u0131ram. S\u0259n n\u0259 ist\u0259s\u0259n g\u0259tir\u0259rs\u0259n\u201d.<\/p>\n<p>Tufan\u0131n m\u0259ktubu sosial \u015f\u0259b\u0259k\u0259d\u0259 b\u00f6y\u00fck maraqla qar\u015f\u0131lan\u0131b v\u0259 h\u0259r k\u0259si k\u00f6vr\u0259ldib.AZXEBER.COM<\/p>\n","protected":false},"excerpt":{"rendered":"<p>11 ya\u015fl\u0131 Tufan\u0131n \u015eaxta Babaya m\u0259ktubu sosial \u015f\u0259b\u0259k\u0259l\u0259rd\u0259 maraqla qar\u015f\u0131lan\u0131b. ARANTV.AZ x\u0259b\u0259r verir ki, Masall\u0131 rayonunun B\u0259dalan k\u0259nd sakini \u015faxta babaya yazd\u0131\u011f\u0131 m\u0259ktubda atas\u0131ndan sonra anas\u0131n\u0131 da itirdiyini v\u0259 bu s\u0259b\u0259bd\u0259n \u00e7ox k\u0259d\u0259rli oldu\u011funu bildirib. Davam\u0131nda yaz\u0131r: &#8220;\u00c7ox dar\u0131x\u0131ram. Bilir\u0259m s\u0259n g\u0259tir\u0259 bilm\u0259zs\u0259n onlar\u0131. Amma az da olsa, sevindir\u0259 bil\u0259rs\u0259n m\u0259ni. M\u0259n he\u00e7 n\u0259 yazm\u0131ram. S\u0259n n\u0259 ist\u0259s\u0259n g\u0259tir\u0259rs\u0259n\u201d. Tufan\u0131n m\u0259ktubu sosial \u015f\u0259b\u0259k\u0259d\u0259 b\u00f6y\u00fck maraqla qar\u015f\u0131lan\u0131b v\u0259 h\u0259r k\u0259si k\u00f6vr\u0259ldib.AZXEBER.COM<\/p>\n","protected":false},"author":2,"featured_media":26631,"comment_status":"closed","ping_status":"closed","sticky":false,"template":"","format":"standard","meta":{"om_disable_all_campaigns":false,"_monsterinsights_skip_tracking":false,"_monsterinsights_sitenote_active":false,"_monsterinsights_sitenote_note":"","_monsterinsights_sitenote_category":0},"categories":[1],"tags":[],"aioseo_notices":[],"gutentor_comment":0,"rttpg_featured_image_url":{"full":["https:\/\/arantv.az\/wp-content\/uploads\/2018\/12\/1544179542_bn.jpg",637,400,false],"landscape":["https:\/\/arantv.az\/wp-content\/uploads\/2018\/12\/1544179542_bn.jpg",637,400,false],"portraits":["https:\/\/arantv.az\/wp-content\/uploads\/2018\/12\/1544179542_bn.jpg",637,400,false],"thumbnail":["https:\/\/arantv.az\/wp-content\/uploads\/2018\/12\/1544179542_bn-150x150.jpg",150,150,true],"medium":["https:\/\/arantv.az\/wp-content\/uploads\/2018\/12\/1544179542_bn-300x188.jpg",300,188,true],"large":["https:\/\/arantv.az\/wp-content\/uploads\/2018\/12\/1544179542_bn.jpg",637,400,false],"1536x1536":["https:\/\/arantv.az\/wp-content\/uploads\/2018\/12\/1544179542_bn.jpg",637,400,false],"2048x2048":["https:\/\/arantv.az\/wp-content\/uploads\/2018\/12\/1544179542_bn.jpg",637,400,false],"post-thumbnail":["https:\/\/arantv.az\/wp-content\/uploads\/2018\/12\/1544179542_bn-240x172.jpg",240,172,true],"advps-thumb-one":["https:\/\/arantv.az\/wp-content\/uploads\/2018\/12\/1544179542_bn.jpg",637,400,false]},"rttpg_author":{"display_name":"V\u00fcsal Rafiqo\u011flu","author_link":"https:\/\/arantv.az\/?author=2"},"rttpg_comment":0,"rttpg_category":"<a href=\"https:\/\/arantv.az\/?cat=1\" rel=\"category\">C\u0259miyy\u0259t<\/a>","rttpg_excerpt":"11 ya\u015fl\u0131 Tufan\u0131n \u015eaxta Babaya m\u0259ktubu sosial \u015f\u0259b\u0259k\u0259l\u0259rd\u0259 maraqla qar\u015f\u0131lan\u0131b. ARANTV.AZ x\u0259b\u0259r verir ki, Masall\u0131 rayonunun B\u0259dalan k\u0259nd sakini \u015faxta babaya yazd\u0131\u011f\u0131 m\u0259ktubda atas\u0131ndan sonra anas\u0131n\u0131 da itirdiyini v\u0259 bu s\u0259b\u0259bd\u0259n \u00e7ox k\u0259d\u0259rli oldu\u011funu bildirib. Davam\u0131nda yaz\u0131r: &#8220;\u00c7ox dar\u0131x\u0131ram. Bilir\u0259m s\u0259n g\u0259tir\u0259 bilm\u0259zs\u0259n onlar\u0131. Amma az da olsa, sevindir\u0259 bil\u0259rs\u0259n m\u0259ni. M\u0259n he\u00e7 n\u0259 yazm\u0131ram.&hellip;","_links":{"self":[{"href":"https:\/\/arantv.az\/index.php?rest_route=\/wp\/v2\/posts\/26630"}],"collection":[{"href":"https:\/\/arantv.az\/index.php?rest_route=\/wp\/v2\/posts"}],"about":[{"href":"https:\/\/arantv.az\/index.php?rest_route=\/wp\/v2\/types\/post"}],"author":[{"embeddable":true,"href":"https:\/\/arantv.az\/index.php?rest_route=\/wp\/v2\/users\/2"}],"replies":[{"embeddable":true,"href":"https:\/\/arantv.az\/index.php?rest_route=%2Fwp%2Fv2%2Fcomments&post=26630"}],"version-history":[{"count":0,"href":"https:\/\/arantv.az\/index.php?rest_route=\/wp\/v2\/posts\/26630\/revisions"}],"wp:featuredmedia":[{"embeddable":true,"href":"https:\/\/arantv.az\/index.php?rest_route=\/wp\/v2\/media\/26631"}],"wp:attachment":[{"href":"https:\/\/arantv.az\/index.php?rest_route=%2Fwp%2Fv2%2Fmedia&parent=26630"}],"wp:term":[{"taxonomy":"category","embeddable":true,"href":"https:\/\/arantv.az\/index.php?rest_route=%2Fwp%2Fv2%2Fcategories&post=26630"},{"taxonomy":"post_tag","embeddable":true,"href":"https:\/\/arantv.az\/index.php?rest_route=%2Fwp%2Fv2%2Ftags&post=26630"}],"curies":[{"name":"wp","href":"https:\/\/api.w.org\/{rel}","templated":true}]}}