{"id":26636,"date":"2018-12-07T14:48:54","date_gmt":"2018-12-07T11:48:54","guid":{"rendered":"http:\/\/arantv.az\/?p=26636"},"modified":"2018-12-07T14:48:54","modified_gmt":"2018-12-07T11:48:54","slug":"%c9%99l%c9%99t-azad-iqtisadi-zonasi-il%c9%99-bagli-qanun-layih%c9%99l%c9%99ri-milli-m%c9%99clisin-komit%c9%99l%c9%99rind%c9%99-muzakir%c9%99-olunub","status":"publish","type":"post","link":"https:\/\/arantv.az\/?p=26636","title":{"rendered":"\u018fl\u0259t azad iqtisadi zonas\u0131 il\u0259 ba\u011fl\u0131 qanun layih\u0259l\u0259ri Milli M\u0259clisin komit\u0259l\u0259rind\u0259 m\u00fczakir\u0259 olunub"},"content":{"rendered":"<p><strong>ARANTV.AZ<\/strong> x\u0259b\u0259r verir ki, \u018fl\u0259t azad iqtisadi zonas\u0131 il\u0259 ba\u011fl\u0131 qanun layih\u0259l\u0259ri Milli M\u0259clisin Aqrar siyas\u0259t, el\u0259c\u0259 \u018fm\u0259k v\u0259 sosial siyas\u0259t komit\u0259l\u0259rind\u0259 m\u00fczakir\u0259 olunub.<\/p>\n<p>\u018fl\u0259t azad iqtisadi zonas\u0131nda torpaqlar\u0131n icar\u0259y\u0259 verilm\u0259si v\u0259 icar\u0259 m\u00fcnasib\u0259tl\u0259ri \u201c\u018fl\u0259t azad iqtisadi zonas\u0131 haqq\u0131nda\u201d qanunun t\u0259l\u0259bl\u0259rin\u0259 uy\u011fun t\u0259nziml\u0259nm\u0259lidir. Bunu dey\u0259n Milli M\u0259clisin Aqrar Siyas\u0259t komit\u0259sinin s\u0259dri Eldar \u0130brahimov m\u0259s\u0259l\u0259 il\u0259 ba\u011fl\u0131 4 qanun layih\u0259sinin m\u00fczakir\u0259 edildiyini dedi. Onun s\u00f6zl\u0259rin\u0259 g\u00f6r\u0259, buraya torpaq icar\u0259si, torpaqlar\u0131n d\u00f6vl\u0259t ehtiyaclar\u0131 \u00fc\u00e7\u00fcn al\u0131nmas\u0131, Torpaq m\u0259c\u0259ll\u0259sind\u0259 d\u0259yi\u015fiklik v\u0259 k\u0259nd t\u0259s\u0259rr\u00fcfat\u0131nda s\u0131\u011fortan\u0131n situmulla\u015fd\u0131r\u0131lmas\u0131 haqq\u0131nda qanun layih\u0259l\u0259ri daxildir. O da bildirildi ki, \u018fl\u0259t azad iqtisadi zonas\u0131nda t\u0259tbiq edl\u0259c\u0259k qaydalar dig\u0259r \u0259razil\u0259r\u0259 aid deyil.\u00a0 \u00c7\u00fcnki bura x\u00fcsusi zona oldu\u011fu \u00fc\u00e7\u00fcn m\u00fcst\u0259sna qanunlara ehtiyac var. Mill\u0259t v\u0259kill\u0259ri d\u0259 m\u00fch\u00fcm iqtisadi islahatlar aparan Az\u0259rbaycan\u0131n d\u00fcnya iqtisadiyyat\u0131na inteqrasiya etdiyini v\u0259\u00a0\u018fl\u0259t azad iqtisadi zonas\u0131n\u0131n da buna \u0259yani s\u00fcbut oldu\u011funu vur\u011fulad\u0131lar.\u00a0\u00a0Qanun layih\u0259l\u0259ri Milli M\u0259clisin plenar iclas\u0131na t\u00f6vsiy\u0259 edildi. \u018fl\u0259t azad iqtisadi zonas\u0131 il\u0259 ba\u011fl\u0131 qanun layih\u0259l\u0259ri Milli M\u0259clisin \u018fm\u0259k v\u0259 sosial siyas\u0259t komit\u0259sinin iclas\u0131nda da m\u00fczakir\u0259 olundu. Komit\u0259nin s\u0259dri Had\u0131 R\u0259c\u0259bli dedi ki, \u201cSosial s\u0131\u011forta haqq\u0131nda\u201d qanunda n\u0259z\u0259rd\u0259 tutulan d\u0259yi\u015fiklik \u201c\u018fl\u0259t azad iqtisadi zonas\u0131 haqq\u0131nda\u201d qanuna uy\u011funla\u015fd\u0131rmaq m\u0259qs\u0259dini da\u015f\u0131y\u0131r. Mill\u0259t v\u0259kill\u0259ri sosial s\u0131\u011forta, m\u0259\u015f\u011fulluq, istahsalatda b\u0259db\u0259xt hadis\u0259l\u0259r v\u0259 pe\u015f\u0259 x\u0259st\u0259likl\u0259ri n\u0259tic\u0259sind\u0259 pe\u015f\u0259 \u0259m\u0259k qabiliyy\u0259tinin itirilm\u0259si haqq\u0131nda icbari s\u0131\u011forta v\u0259 \u0259m\u0259k m\u0259c\u0259ll\u0259sind\u0259 d\u0259yi\u015fiklikl\u0259 ba\u011fl\u0131 qanun layih\u0259l\u0259rini m\u00fczakir\u0259 etdil\u0259r. M\u00fczakir\u0259l\u0259rd\u0259n sonra qanun layih\u0259si Milli M\u0259clisin planar iclas\u0131na t\u00f6vsiy\u0259 olundu.<\/p>\n","protected":false},"excerpt":{"rendered":"<p>ARANTV.AZ x\u0259b\u0259r verir ki, \u018fl\u0259t azad iqtisadi zonas\u0131 il\u0259 ba\u011fl\u0131 qanun layih\u0259l\u0259ri Milli M\u0259clisin Aqrar siyas\u0259t, el\u0259c\u0259 \u018fm\u0259k v\u0259 sosial siyas\u0259t komit\u0259l\u0259rind\u0259 m\u00fczakir\u0259 olunub. \u018fl\u0259t azad iqtisadi zonas\u0131nda torpaqlar\u0131n icar\u0259y\u0259 verilm\u0259si v\u0259 icar\u0259 m\u00fcnasib\u0259tl\u0259ri \u201c\u018fl\u0259t azad iqtisadi zonas\u0131 haqq\u0131nda\u201d qanunun t\u0259l\u0259bl\u0259rin\u0259 uy\u011fun t\u0259nziml\u0259nm\u0259lidir. Bunu dey\u0259n Milli M\u0259clisin Aqrar Siyas\u0259t komit\u0259sinin s\u0259dri Eldar \u0130brahimov m\u0259s\u0259l\u0259 il\u0259 ba\u011fl\u0131 4 qanun layih\u0259sinin m\u00fczakir\u0259 edildiyini dedi. Onun s\u00f6zl\u0259rin\u0259 g\u00f6r\u0259, buraya torpaq icar\u0259si, torpaqlar\u0131n d\u00f6vl\u0259t ehtiyaclar\u0131 \u00fc\u00e7\u00fcn al\u0131nmas\u0131, Torpaq m\u0259c\u0259ll\u0259sind\u0259 d\u0259yi\u015fiklik v\u0259 k\u0259nd t\u0259s\u0259rr\u00fcfat\u0131nda s\u0131\u011fortan\u0131n situmulla\u015fd\u0131r\u0131lmas\u0131 haqq\u0131nda qanun layih\u0259l\u0259ri daxildir. O da bildirildi ki, \u018fl\u0259t&hellip;<\/p>\n","protected":false},"author":2,"featured_media":26637,"comment_status":"closed","ping_status":"closed","sticky":false,"template":"","format":"standard","meta":{"om_disable_all_campaigns":false,"_monsterinsights_skip_tracking":false,"_monsterinsights_sitenote_active":false,"_monsterinsights_sitenote_note":"","_monsterinsights_sitenote_category":0},"categories":[4],"tags":[],"aioseo_notices":[],"gutentor_comment":0,"rttpg_featured_image_url":{"full":["https:\/\/arantv.az\/wp-content\/uploads\/2018\/12\/qursqgccrn4b3jhk4h8jn2dpn7mm.jpg",1000,610,false],"landscape":["https:\/\/arantv.az\/wp-content\/uploads\/2018\/12\/qursqgccrn4b3jhk4h8jn2dpn7mm.jpg",1000,610,false],"portraits":["https:\/\/arantv.az\/wp-content\/uploads\/2018\/12\/qursqgccrn4b3jhk4h8jn2dpn7mm.jpg",1000,610,false],"thumbnail":["https:\/\/arantv.az\/wp-content\/uploads\/2018\/12\/qursqgccrn4b3jhk4h8jn2dpn7mm-150x150.jpg",150,150,true],"medium":["https:\/\/arantv.az\/wp-content\/uploads\/2018\/12\/qursqgccrn4b3jhk4h8jn2dpn7mm-300x183.jpg",300,183,true],"large":["https:\/\/arantv.az\/wp-content\/uploads\/2018\/12\/qursqgccrn4b3jhk4h8jn2dpn7mm.jpg",640,390,false],"1536x1536":["https:\/\/arantv.az\/wp-content\/uploads\/2018\/12\/qursqgccrn4b3jhk4h8jn2dpn7mm.jpg",1000,610,false],"2048x2048":["https:\/\/arantv.az\/wp-content\/uploads\/2018\/12\/qursqgccrn4b3jhk4h8jn2dpn7mm.jpg",1000,610,false],"post-thumbnail":["https:\/\/arantv.az\/wp-content\/uploads\/2018\/12\/qursqgccrn4b3jhk4h8jn2dpn7mm-240x172.jpg",240,172,true],"advps-thumb-one":["https:\/\/arantv.az\/wp-content\/uploads\/2018\/12\/qursqgccrn4b3jhk4h8jn2dpn7mm.jpg",1000,610,false]},"rttpg_author":{"display_name":"V\u00fcsal Rafiqo\u011flu","author_link":"https:\/\/arantv.az\/?author=2"},"rttpg_comment":0,"rttpg_category":"<a href=\"https:\/\/arantv.az\/?cat=4\" rel=\"category\">Siyas\u0259t<\/a>","rttpg_excerpt":"ARANTV.AZ x\u0259b\u0259r verir ki, \u018fl\u0259t azad iqtisadi zonas\u0131 il\u0259 ba\u011fl\u0131 qanun layih\u0259l\u0259ri Milli M\u0259clisin Aqrar siyas\u0259t, el\u0259c\u0259 \u018fm\u0259k v\u0259 sosial siyas\u0259t komit\u0259l\u0259rind\u0259 m\u00fczakir\u0259 olunub. \u018fl\u0259t azad iqtisadi zonas\u0131nda torpaqlar\u0131n icar\u0259y\u0259 verilm\u0259si v\u0259 icar\u0259 m\u00fcnasib\u0259tl\u0259ri \u201c\u018fl\u0259t azad iqtisadi zonas\u0131 haqq\u0131nda\u201d qanunun t\u0259l\u0259bl\u0259rin\u0259 uy\u011fun t\u0259nziml\u0259nm\u0259lidir. Bunu dey\u0259n Milli M\u0259clisin Aqrar Siyas\u0259t komit\u0259sinin s\u0259dri Eldar \u0130brahimov m\u0259s\u0259l\u0259 il\u0259&hellip;","_links":{"self":[{"href":"https:\/\/arantv.az\/index.php?rest_route=\/wp\/v2\/posts\/26636"}],"collection":[{"href":"https:\/\/arantv.az\/index.php?rest_route=\/wp\/v2\/posts"}],"about":[{"href":"https:\/\/arantv.az\/index.php?rest_route=\/wp\/v2\/types\/post"}],"author":[{"embeddable":true,"href":"https:\/\/arantv.az\/index.php?rest_route=\/wp\/v2\/users\/2"}],"replies":[{"embeddable":true,"href":"https:\/\/arantv.az\/index.php?rest_route=%2Fwp%2Fv2%2Fcomments&post=26636"}],"version-history":[{"count":0,"href":"https:\/\/arantv.az\/index.php?rest_route=\/wp\/v2\/posts\/26636\/revisions"}],"wp:featuredmedia":[{"embeddable":true,"href":"https:\/\/arantv.az\/index.php?rest_route=\/wp\/v2\/media\/26637"}],"wp:attachment":[{"href":"https:\/\/arantv.az\/index.php?rest_route=%2Fwp%2Fv2%2Fmedia&parent=26636"}],"wp:term":[{"taxonomy":"category","embeddable":true,"href":"https:\/\/arantv.az\/index.php?rest_route=%2Fwp%2Fv2%2Fcategories&post=26636"},{"taxonomy":"post_tag","embeddable":true,"href":"https:\/\/arantv.az\/index.php?rest_route=%2Fwp%2Fv2%2Ftags&post=26636"}],"curies":[{"name":"wp","href":"https:\/\/api.w.org\/{rel}","templated":true}]}}